{"id":9821,"date":"2022-09-01T09:04:49","date_gmt":"2022-09-01T07:04:49","guid":{"rendered":"https:\/\/blogsaverroes.juntadeandalucia.es\/plurilinguismodelegacionmalaga\/?p=9821"},"modified":"2022-09-01T09:04:49","modified_gmt":"2022-09-01T07:04:49","slug":"instrucciones-programa-bachibac-bachiller-baccalaureat-curso-2022-2023","status":"publish","type":"post","link":"https:\/\/blogsaverroes.juntadeandalucia.es\/plurilinguismodelegacionmalaga\/2022\/09\/01\/instrucciones-programa-bachibac-bachiller-baccalaureat-curso-2022-2023\/","title":{"rendered":"Instrucciones programa BACHIBAC Bachiller-Baccalaur\u00e9at curso 2022-2023."},"content":{"rendered":"<p><a href=\"https:\/\/www.boe.es\/boe\/dias\/2022\/08\/09\/pdfs\/BOE-A-2022-13451.pdf\">Resoluci\u00f3n de 29 de julio de 2022, de la Secretar\u00eda de Estado de Educaci\u00f3n, <\/a>por la que se dictan instrucciones relativas al programa de doble titulaci\u00f3n Bachiller-Baccalaur\u00e9at correspondientes al curso 2022-2023.<\/p>\n","protected":false},"excerpt":{"rendered":"<p>Resoluci\u00f3n de 29 de julio de 2022, de la Secretar\u00eda de Estado de Educaci\u00f3n, por la que se dictan instrucciones relativas al programa de doble titulaci\u00f3n Bachiller-Baccalaur\u00e9at correspondientes al curso 2022-2023.<\/p>\n","protected":false},"author":8062,"featured_media":9822,"comment_status":"open","ping_status":"open","sticky":false,"template":"","format":"standard","meta":{"ngg_post_thumbnail":0,"footnotes":""},"categories":[2284891],"tags":[],"aioseo_notices":[],"_links":{"self":[{"href":"https:\/\/blogsaverroes.juntadeandalucia.es\/plurilinguismodelegacionmalaga\/wp-json\/wp\/v2\/posts\/9821"}],"collection":[{"href":"https:\/\/blogsaverroes.juntadeandalucia.es\/plurilinguismodelegacionmalaga\/wp-json\/wp\/v2\/posts"}],"about":[{"href":"https:\/\/blogsaverroes.juntadeandalucia.es\/plurilinguismodelegacionmalaga\/wp-json\/wp\/v2\/types\/post"}],"author":[{"embeddable":true,"href":"https:\/\/blogsaverroes.juntadeandalucia.es\/plurilinguismodelegacionmalaga\/wp-json\/wp\/v2\/users\/8062"}],"replies":[{"embeddable":true,"href":"https:\/\/blogsaverroes.juntadeandalucia.es\/plurilinguismodelegacionmalaga\/wp-json\/wp\/v2\/comments?post=9821"}],"version-history":[{"count":1,"href":"https:\/\/blogsaverroes.juntadeandalucia.es\/plurilinguismodelegacionmalaga\/wp-json\/wp\/v2\/posts\/9821\/revisions"}],"predecessor-version":[{"id":9823,"href":"https:\/\/blogsaverroes.juntadeandalucia.es\/plurilinguismodelegacionmalaga\/wp-json\/wp\/v2\/posts\/9821\/revisions\/9823"}],"wp:featuredmedia":[{"embeddable":true,"href":"https:\/\/blogsaverroes.juntadeandalucia.es\/plurilinguismodelegacionmalaga\/wp-json\/wp\/v2\/media\/9822"}],"wp:attachment":[{"href":"https:\/\/blogsaverroes.juntadeandalucia.es\/plurilinguismodelegacionmalaga\/wp-json\/wp\/v2\/media?parent=9821"}],"wp:term":[{"taxonomy":"category","embeddable":true,"href":"https:\/\/blogsaverroes.juntadeandalucia.es\/plurilinguismodelegacionmalaga\/wp-json\/wp\/v2\/categories?post=9821"},{"taxonomy":"post_tag","embeddable":true,"href":"https:\/\/blogsaverroes.juntadeandalucia.es\/plurilinguismodelegacionmalaga\/wp-json\/wp\/v2\/tags?post=9821"}],"curies":[{"name":"wp","href":"https:\/\/api.w.org\/{rel}","templated":true}]}}