{"id":9973,"date":"2022-11-21T08:12:59","date_gmt":"2022-11-21T07:12:59","guid":{"rendered":"https:\/\/blogsaverroes.juntadeandalucia.es\/plurilinguismodelegacionmalaga\/?p=9973"},"modified":"2022-11-21T08:12:59","modified_gmt":"2022-11-21T07:12:59","slug":"actividades-con-auxiliares-de-conversacion-en-ceip-narixa","status":"publish","type":"post","link":"https:\/\/blogsaverroes.juntadeandalucia.es\/plurilinguismodelegacionmalaga\/2022\/11\/21\/actividades-con-auxiliares-de-conversacion-en-ceip-narixa\/","title":{"rendered":"Actividades con Auxiliares de Conversaci\u00f3n en CEIP Narixa"},"content":{"rendered":"<p>Desde el colegio Narixa (Nerja), nos gustar\u00eda seguir compartiendo experiencias con toda la red de centros biling\u00fces de Andaluc\u00eda, la buena labor que nuestras auxiliares de conversaci\u00f3n Caroline y Alia, est\u00e1n realizando con nuestro alumnado de infantil y primaria.<\/p>\n<p><img loading=\"lazy\" decoding=\"async\" class=\"alignnone wp-image-9977 aligncenter\" src=\"https:\/\/blogsaverroes.juntadeandalucia.es\/plurilinguismodelegacionmalaga\/files\/2022\/11\/narixa.jpg\" alt=\"\" width=\"366\" height=\"452\" srcset=\"https:\/\/blogsaverroes.juntadeandalucia.es\/plurilinguismodelegacionmalaga\/files\/2022\/11\/narixa.jpg 636w, https:\/\/blogsaverroes.juntadeandalucia.es\/plurilinguismodelegacionmalaga\/files\/2022\/11\/narixa-243x300.jpg 243w\" sizes=\"(max-width: 366px) 100vw, 366px\" \/><\/p>\n<p><img loading=\"lazy\" decoding=\"async\" class=\"wp-image-9976 aligncenter\" src=\"https:\/\/blogsaverroes.juntadeandalucia.es\/plurilinguismodelegacionmalaga\/files\/2022\/11\/PHOTO-2022-11-17-08-21-31.jpg\" alt=\"\" width=\"366\" height=\"650\" srcset=\"https:\/\/blogsaverroes.juntadeandalucia.es\/plurilinguismodelegacionmalaga\/files\/2022\/11\/PHOTO-2022-11-17-08-21-31.jpg 1134w, https:\/\/blogsaverroes.juntadeandalucia.es\/plurilinguismodelegacionmalaga\/files\/2022\/11\/PHOTO-2022-11-17-08-21-31-169x300.jpg 169w, https:\/\/blogsaverroes.juntadeandalucia.es\/plurilinguismodelegacionmalaga\/files\/2022\/11\/PHOTO-2022-11-17-08-21-31-576x1024.jpg 576w, https:\/\/blogsaverroes.juntadeandalucia.es\/plurilinguismodelegacionmalaga\/files\/2022\/11\/PHOTO-2022-11-17-08-21-31-768x1365.jpg 768w, https:\/\/blogsaverroes.juntadeandalucia.es\/plurilinguismodelegacionmalaga\/files\/2022\/11\/PHOTO-2022-11-17-08-21-31-864x1536.jpg 864w\" sizes=\"(max-width: 366px) 100vw, 366px\" \/><\/p>\n<p><img loading=\"lazy\" decoding=\"async\" class=\"wp-image-9978 aligncenter\" src=\"https:\/\/blogsaverroes.juntadeandalucia.es\/plurilinguismodelegacionmalaga\/files\/2022\/11\/PHOTO-2022-11-17-12-21-43.jpg\" alt=\"\" width=\"366\" height=\"488\" srcset=\"https:\/\/blogsaverroes.juntadeandalucia.es\/plurilinguismodelegacionmalaga\/files\/2022\/11\/PHOTO-2022-11-17-12-21-43.jpg 768w, https:\/\/blogsaverroes.juntadeandalucia.es\/plurilinguismodelegacionmalaga\/files\/2022\/11\/PHOTO-2022-11-17-12-21-43-225x300.jpg 225w\" sizes=\"(max-width: 366px) 100vw, 366px\" \/>&nbsp;<\/p>\n<p>HALLOWEEN, FLAMENCO&#8217;S DAY, FINAL PROJECTS, STORYTELLING, LEARNING STATIONS&#8230; y todas las que nos quedan por realizar.<\/p>\n","protected":false},"excerpt":{"rendered":"<p>Desde el colegio Narixa (Nerja), nos gustar\u00eda seguir compartiendo experiencias con toda la red de centros biling\u00fces de Andaluc\u00eda, la buena labor que nuestras auxiliares de conversaci\u00f3n Caroline y Alia, est\u00e1n realizando con nuestro&#46;&#46;&#46;<\/p>\n","protected":false},"author":8062,"featured_media":9975,"comment_status":"open","ping_status":"open","sticky":false,"template":"","format":"standard","meta":{"ngg_post_thumbnail":0,"footnotes":""},"categories":[21042],"tags":[],"aioseo_notices":[],"_links":{"self":[{"href":"https:\/\/blogsaverroes.juntadeandalucia.es\/plurilinguismodelegacionmalaga\/wp-json\/wp\/v2\/posts\/9973"}],"collection":[{"href":"https:\/\/blogsaverroes.juntadeandalucia.es\/plurilinguismodelegacionmalaga\/wp-json\/wp\/v2\/posts"}],"about":[{"href":"https:\/\/blogsaverroes.juntadeandalucia.es\/plurilinguismodelegacionmalaga\/wp-json\/wp\/v2\/types\/post"}],"author":[{"embeddable":true,"href":"https:\/\/blogsaverroes.juntadeandalucia.es\/plurilinguismodelegacionmalaga\/wp-json\/wp\/v2\/users\/8062"}],"replies":[{"embeddable":true,"href":"https:\/\/blogsaverroes.juntadeandalucia.es\/plurilinguismodelegacionmalaga\/wp-json\/wp\/v2\/comments?post=9973"}],"version-history":[{"count":1,"href":"https:\/\/blogsaverroes.juntadeandalucia.es\/plurilinguismodelegacionmalaga\/wp-json\/wp\/v2\/posts\/9973\/revisions"}],"predecessor-version":[{"id":9979,"href":"https:\/\/blogsaverroes.juntadeandalucia.es\/plurilinguismodelegacionmalaga\/wp-json\/wp\/v2\/posts\/9973\/revisions\/9979"}],"wp:featuredmedia":[{"embeddable":true,"href":"https:\/\/blogsaverroes.juntadeandalucia.es\/plurilinguismodelegacionmalaga\/wp-json\/wp\/v2\/media\/9975"}],"wp:attachment":[{"href":"https:\/\/blogsaverroes.juntadeandalucia.es\/plurilinguismodelegacionmalaga\/wp-json\/wp\/v2\/media?parent=9973"}],"wp:term":[{"taxonomy":"category","embeddable":true,"href":"https:\/\/blogsaverroes.juntadeandalucia.es\/plurilinguismodelegacionmalaga\/wp-json\/wp\/v2\/categories?post=9973"},{"taxonomy":"post_tag","embeddable":true,"href":"https:\/\/blogsaverroes.juntadeandalucia.es\/plurilinguismodelegacionmalaga\/wp-json\/wp\/v2\/tags?post=9973"}],"curies":[{"name":"wp","href":"https:\/\/api.w.org\/{rel}","templated":true}]}}