{"id":9991,"date":"2022-12-01T12:54:25","date_gmt":"2022-12-01T11:54:25","guid":{"rendered":"https:\/\/blogsaverroes.juntadeandalucia.es\/plurilinguismodelegacionmalaga\/?p=9991"},"modified":"2022-12-01T12:54:25","modified_gmt":"2022-12-01T11:54:25","slug":"enhorabuena-a-los-dos-centros-malaguenos-premiados-en-buenas-practicas-bilingues","status":"publish","type":"post","link":"https:\/\/blogsaverroes.juntadeandalucia.es\/plurilinguismodelegacionmalaga\/2022\/12\/01\/enhorabuena-a-los-dos-centros-malaguenos-premiados-en-buenas-practicas-bilingues\/","title":{"rendered":"Enhorabuena a los dos centros malague\u00f1os premiados en Buenas Pr\u00e1cticas Biling\u00fces"},"content":{"rendered":"<p>Ha sido publicada la <a href=\"https:\/\/juntadeandalucia.es\/eboja\/2022\/225\/BOJA22-225-00002-18787-01_00272010.pdf\" target=\"_blank\" rel=\"noopener noreferrer\">Resoluci\u00f3n de 16 de noviembre de 2022<\/a>, de la Direcci\u00f3n General de Tecnolog\u00edas Avanzadas y Transformaci\u00f3n Educativa, por la que se hace p\u00fablico el fallo del jurado para la concesi\u00f3n de los premios para el reconocimiento a centros biling\u00fces y pluriling\u00fces de Andaluc\u00eda con buenas pr\u00e1cticas docentes en ense\u00f1anza biling\u00fce durante el curso 2021-2022.&nbsp;<\/p>\n<p>En M\u00e1laga tenemos dos centros premiados:<\/p>\n<p><strong>Segundo premio en Categor\u00eda Centros de Educaci\u00f3n Infantil y de Educaci\u00f3n Primaria:<\/strong> <a href=\"https:\/\/blogsaverroes.juntadeandalucia.es\/ceiprosadegalvez\/\">CEIP Rosa de G\u00e1lvez, M\u00e1laga<\/a>, por la pr\u00e1ctica transversal<br \/>\ndenominada <em>Mr. Men and Little Miss<\/em><\/p>\n<p><strong>Tercer premio en Categor\u00eda Centros de ESO, Bachillerato y Formaci\u00f3n Profesional::<\/strong> <a href=\"https:\/\/sites.google.com\/iesvalledelazahar.com\/bilingual\/home?authuser=0\">IES Valle del Azahar, C\u00e1rtama (M\u00e1laga)<\/a>, por la buena pr\u00e1ctica transversal <em>Bilingual Azahar.<\/em><\/p>\n<p>Enhorabuena muy especial a la comunidad educativa de cada uno de estos dos centros, ya que toda ella est\u00e1 implicada en proyectos de esta envergadura.&nbsp;<\/p>\n<p>La ceremonia de reconocimiento y entrega de premios ser\u00e1 el&nbsp;<strong>mi\u00e9rcoles 14 de diciembre<\/strong>&nbsp;en el Teatro Calder\u00f3n de la Barca de Motril.&nbsp;&nbsp;<\/p>\n","protected":false},"excerpt":{"rendered":"<p>Ha sido publicada la Resoluci\u00f3n de 16 de noviembre de 2022, de la Direcci\u00f3n General de Tecnolog\u00edas Avanzadas y Transformaci\u00f3n Educativa, por la que se hace p\u00fablico el fallo del jurado para la concesi\u00f3n&#46;&#46;&#46;<\/p>\n","protected":false},"author":8062,"featured_media":9994,"comment_status":"open","ping_status":"open","sticky":false,"template":"","format":"standard","meta":{"ngg_post_thumbnail":0,"footnotes":""},"categories":[946],"tags":[],"aioseo_notices":[],"_links":{"self":[{"href":"https:\/\/blogsaverroes.juntadeandalucia.es\/plurilinguismodelegacionmalaga\/wp-json\/wp\/v2\/posts\/9991"}],"collection":[{"href":"https:\/\/blogsaverroes.juntadeandalucia.es\/plurilinguismodelegacionmalaga\/wp-json\/wp\/v2\/posts"}],"about":[{"href":"https:\/\/blogsaverroes.juntadeandalucia.es\/plurilinguismodelegacionmalaga\/wp-json\/wp\/v2\/types\/post"}],"author":[{"embeddable":true,"href":"https:\/\/blogsaverroes.juntadeandalucia.es\/plurilinguismodelegacionmalaga\/wp-json\/wp\/v2\/users\/8062"}],"replies":[{"embeddable":true,"href":"https:\/\/blogsaverroes.juntadeandalucia.es\/plurilinguismodelegacionmalaga\/wp-json\/wp\/v2\/comments?post=9991"}],"version-history":[{"count":1,"href":"https:\/\/blogsaverroes.juntadeandalucia.es\/plurilinguismodelegacionmalaga\/wp-json\/wp\/v2\/posts\/9991\/revisions"}],"predecessor-version":[{"id":9995,"href":"https:\/\/blogsaverroes.juntadeandalucia.es\/plurilinguismodelegacionmalaga\/wp-json\/wp\/v2\/posts\/9991\/revisions\/9995"}],"wp:featuredmedia":[{"embeddable":true,"href":"https:\/\/blogsaverroes.juntadeandalucia.es\/plurilinguismodelegacionmalaga\/wp-json\/wp\/v2\/media\/9994"}],"wp:attachment":[{"href":"https:\/\/blogsaverroes.juntadeandalucia.es\/plurilinguismodelegacionmalaga\/wp-json\/wp\/v2\/media?parent=9991"}],"wp:term":[{"taxonomy":"category","embeddable":true,"href":"https:\/\/blogsaverroes.juntadeandalucia.es\/plurilinguismodelegacionmalaga\/wp-json\/wp\/v2\/categories?post=9991"},{"taxonomy":"post_tag","embeddable":true,"href":"https:\/\/blogsaverroes.juntadeandalucia.es\/plurilinguismodelegacionmalaga\/wp-json\/wp\/v2\/tags?post=9991"}],"curies":[{"name":"wp","href":"https:\/\/api.w.org\/{rel}","templated":true}]}}