{"id":227,"date":"2022-04-08T07:00:53","date_gmt":"2022-04-08T07:00:53","guid":{"rendered":"https:\/\/blogsaverroes.juntadeandalucia.es\/politecnicoemprendimiento\/?p=227"},"modified":"2022-04-14T07:27:30","modified_gmt":"2022-04-14T07:27:30","slug":"trabajos-de-carroceria-grado-medio-de-carroceria","status":"publish","type":"post","link":"https:\/\/blogsaverroes.juntadeandalucia.es\/politecnicoemprendimiento\/2022\/04\/08\/trabajos-de-carroceria-grado-medio-de-carroceria\/","title":{"rendered":"Trabajos de carrocer\u00eda.  Grado Medio de Carrocer\u00eda"},"content":{"rendered":"<p><span style=\"color: #000000\">Nuestros alumnos de Carrocer\u00eda,<strong> Juan Andr\u00e9s G\u00e1lvez Su\u00e1rez<\/strong> y <strong>Francisco Manuel del Pozo Ortiz<\/strong>, participan en el <strong>Concurso de J\u00f3venes T\u00e9cnicos en Automoci\u00f3n<\/strong>.<\/span><\/p>\n<p><iframe loading=\"lazy\" src=\"\/\/www.youtube.com\/embed\/R_IfE9boyB8\" width=\"560\" height=\"314\"><\/iframe><\/p>\n","protected":false},"excerpt":{"rendered":"<p>Nuestros alumnos de Carrocer\u00eda, Juan Andr\u00e9s G\u00e1lvez Su\u00e1rez y Francisco Manuel del Pozo Ortiz, participan en el Concurso de J\u00f3venes T\u00e9cnicos en Automoci\u00f3n.<\/p>\n","protected":false},"author":14521,"featured_media":0,"comment_status":"open","ping_status":"open","sticky":false,"template":"","format":"standard","meta":{"ngg_post_thumbnail":0,"footnotes":""},"categories":[8],"tags":[16],"aioseo_notices":[],"_links":{"self":[{"href":"https:\/\/blogsaverroes.juntadeandalucia.es\/politecnicoemprendimiento\/wp-json\/wp\/v2\/posts\/227"}],"collection":[{"href":"https:\/\/blogsaverroes.juntadeandalucia.es\/politecnicoemprendimiento\/wp-json\/wp\/v2\/posts"}],"about":[{"href":"https:\/\/blogsaverroes.juntadeandalucia.es\/politecnicoemprendimiento\/wp-json\/wp\/v2\/types\/post"}],"author":[{"embeddable":true,"href":"https:\/\/blogsaverroes.juntadeandalucia.es\/politecnicoemprendimiento\/wp-json\/wp\/v2\/users\/14521"}],"replies":[{"embeddable":true,"href":"https:\/\/blogsaverroes.juntadeandalucia.es\/politecnicoemprendimiento\/wp-json\/wp\/v2\/comments?post=227"}],"version-history":[{"count":1,"href":"https:\/\/blogsaverroes.juntadeandalucia.es\/politecnicoemprendimiento\/wp-json\/wp\/v2\/posts\/227\/revisions"}],"predecessor-version":[{"id":228,"href":"https:\/\/blogsaverroes.juntadeandalucia.es\/politecnicoemprendimiento\/wp-json\/wp\/v2\/posts\/227\/revisions\/228"}],"wp:attachment":[{"href":"https:\/\/blogsaverroes.juntadeandalucia.es\/politecnicoemprendimiento\/wp-json\/wp\/v2\/media?parent=227"}],"wp:term":[{"taxonomy":"category","embeddable":true,"href":"https:\/\/blogsaverroes.juntadeandalucia.es\/politecnicoemprendimiento\/wp-json\/wp\/v2\/categories?post=227"},{"taxonomy":"post_tag","embeddable":true,"href":"https:\/\/blogsaverroes.juntadeandalucia.es\/politecnicoemprendimiento\/wp-json\/wp\/v2\/tags?post=227"}],"curies":[{"name":"wp","href":"https:\/\/api.w.org\/{rel}","templated":true}]}}