{"id":400,"date":"2022-10-27T14:56:32","date_gmt":"2022-10-27T14:56:32","guid":{"rendered":"https:\/\/blogsaverroes.juntadeandalucia.es\/politecnicoemprendimiento\/?p=400"},"modified":"2022-10-27T14:58:32","modified_gmt":"2022-10-27T14:58:32","slug":"400","status":"publish","type":"post","link":"https:\/\/blogsaverroes.juntadeandalucia.es\/politecnicoemprendimiento\/2022\/10\/27\/400\/","title":{"rendered":"I d\u00eda de la empresa andaluza | 28 de octubre celebrado en el IES Polit\u00e9cnico Jes\u00fas Mar\u00edn"},"content":{"rendered":"<div id='gallery-1' class='gallery galleryid-400 gallery-columns-5 gallery-size-thumbnail'><figure class='gallery-item'>\n\t\t\t<div class='gallery-icon landscape'>\n\t\t\t\t<a href='https:\/\/blogsaverroes.juntadeandalucia.es\/politecnicoemprendimiento\/?attachment_id=395'><img loading=\"lazy\" decoding=\"async\" width=\"150\" height=\"150\" src=\"https:\/\/blogsaverroes.juntadeandalucia.es\/politecnicoemprendimiento\/files\/2022\/10\/1666708264430-150x150.jpeg\" class=\"attachment-thumbnail size-thumbnail\" alt=\"\" aria-describedby=\"gallery-1-395\" \/><\/a>\n\t\t\t<\/div>\n\t\t\t\t<figcaption class='wp-caption-text gallery-caption' id='gallery-1-395'>\n\t\t\t\tI d\u00eda de la empresa andaluza\n\t\t\t\t<\/figcaption><\/figure><figure class='gallery-item'>\n\t\t\t<div class='gallery-icon landscape'>\n\t\t\t\t<a href='https:\/\/blogsaverroes.juntadeandalucia.es\/politecnicoemprendimiento\/?attachment_id=398'><img loading=\"lazy\" decoding=\"async\" width=\"150\" height=\"150\" src=\"https:\/\/blogsaverroes.juntadeandalucia.es\/politecnicoemprendimiento\/files\/2022\/10\/1666708264560-150x150.jpeg\" class=\"attachment-thumbnail size-thumbnail\" alt=\"\" aria-describedby=\"gallery-1-398\" \/><\/a>\n\t\t\t<\/div>\n\t\t\t\t<figcaption class='wp-caption-text gallery-caption' id='gallery-1-398'>\n\t\t\t\tF\u00e9lix Infante introduce a los ponentes\n\t\t\t\t<\/figcaption><\/figure><figure class='gallery-item'>\n\t\t\t<div class='gallery-icon landscape'>\n\t\t\t\t<a href='https:\/\/blogsaverroes.juntadeandalucia.es\/politecnicoemprendimiento\/?attachment_id=397'><img loading=\"lazy\" decoding=\"async\" width=\"150\" height=\"150\" src=\"https:\/\/blogsaverroes.juntadeandalucia.es\/politecnicoemprendimiento\/files\/2022\/10\/1666708264553-150x150.jpeg\" class=\"attachment-thumbnail size-thumbnail\" alt=\"\" aria-describedby=\"gallery-1-397\" \/><\/a>\n\t\t\t<\/div>\n\t\t\t\t<figcaption class='wp-caption-text gallery-caption' id='gallery-1-397'>\n\t\t\t\tMiguel Angel Luque introduce a los ponentes\n\t\t\t\t<\/figcaption><\/figure><figure class='gallery-item'>\n\t\t\t<div class='gallery-icon landscape'>\n\t\t\t\t<a href='https:\/\/blogsaverroes.juntadeandalucia.es\/politecnicoemprendimiento\/?attachment_id=396'><img loading=\"lazy\" decoding=\"async\" width=\"150\" height=\"150\" src=\"https:\/\/blogsaverroes.juntadeandalucia.es\/politecnicoemprendimiento\/files\/2022\/10\/1666708264442-150x150.jpeg\" class=\"attachment-thumbnail size-thumbnail\" alt=\"\" aria-describedby=\"gallery-1-396\" \/><\/a>\n\t\t\t<\/div>\n\t\t\t\t<figcaption class='wp-caption-text gallery-caption' id='gallery-1-396'>\n\t\t\t\tMar\u00eda Lozano acude al I d\u00eda de la empresa andaluza\n\t\t\t\t<\/figcaption><\/figure><figure class='gallery-item'>\n\t\t\t<div class='gallery-icon landscape'>\n\t\t\t\t<a href='https:\/\/blogsaverroes.juntadeandalucia.es\/politecnicoemprendimiento\/?attachment_id=394'><img loading=\"lazy\" decoding=\"async\" width=\"150\" height=\"150\" src=\"https:\/\/blogsaverroes.juntadeandalucia.es\/politecnicoemprendimiento\/files\/2022\/10\/1666708264401-150x150.jpeg\" class=\"attachment-thumbnail size-thumbnail\" alt=\"\" aria-describedby=\"gallery-1-394\" \/><\/a>\n\t\t\t<\/div>\n\t\t\t\t<figcaption class='wp-caption-text gallery-caption' id='gallery-1-394'>\n\t\t\t\tCurro Rodr\u00edguez en la charla\n\t\t\t\t<\/figcaption><\/figure>\n\t\t<\/div>\n\n<p>En la ma\u00f1ana de l mi\u00e9rcoles 26, hemos tenido el privilegio de asistir a la celebraci\u00f3n del I d\u00eda de la empresa andaluza en nuestro IES Polit\u00e9cnico Jes\u00fas Mar\u00edn con una charla de&nbsp;emprendimiento por parte del&nbsp;CEO de&nbsp;LYComapny Water Group a nuestro alumnado de&nbsp;Formaci\u00f3n Profesional&nbsp;de administraci\u00f3n y gesti\u00f3n.<\/p>\n<p>Entre los temas tratados, Curro Rodr\u00edguez nos ha contado su experiencia de emprendimiento con la fundaci\u00f3n de m\u00e1s de 20 empresas en sus 25 a\u00f1os de trayectoria profesional en la creaci\u00f3n de empresas, para, finalmente con mucho esfuerzo y sacrificio, ha conseguido crear una de las empresas de envasado de agua en brikcs m\u00e1s importantes a nivel mundial, reconocida por peri\u00f3dicos como The New York Times o reconocidas por el premio Bandera de la Junta de Andaluc\u00eda.&nbsp;<\/p>\n<p>Agradecer a todos y cada uno de los asistentes&nbsp;al evento, en especial:<br \/>\n&#8211; A Miguel \u00c1ngel Luque Lama, director&nbsp;de nuestro centro.<br \/>\n&#8211; Natalia S\u00e1nchez Romero, vicepresidenta de la&nbsp;Confederaci\u00f3n de Empresarios de M\u00e1laga.<br \/>\n&#8211; D\u00aa. Mar\u00eda Lozano Ibero, secretaria general provincial de la delegaci\u00f3n territorial de desarrollo educativo&nbsp;de M\u00e1laga.<br \/>\n&#8211; Francisco Rodr\u00edguez&nbsp; CEO&nbsp;de&nbsp;Ly Company Spain &#8211; Aqualy junto a Mar\u00eda Casado, del dpto. de&nbsp;Marketing.<br \/>\n&#8211; y a&nbsp;Felix Infante Le\u00f3n&nbsp;y Javier Rico, de la&nbsp;Confederaci\u00f3n de Empresarios de M\u00e1laga por hacerlo posible.<\/p>\n<p>\u00a1MUCHAS GRACIAS&nbsp;a todos\/as! \ud83d\udc4f\ud83c\udffb<\/p>\n<p><a href=\"https:\/\/www.linkedin.com\/feed\/hashtag\/?keywords=equipopolitecnico&amp;highlightedUpdateUrns=urn%3Ali%3Aactivity%3A6990681148666331136\" data-attribute-index=\"24\">#EquipoPolitecnico<\/a><br \/>\n<a href=\"https:\/\/www.linkedin.com\/feed\/hashtag\/?keywords=poliemprende&amp;highlightedUpdateUrns=urn%3Ali%3Aactivity%3A6990681148666331136\" data-attribute-index=\"25\">#PoliEmprende<\/a><br \/>\n<a href=\"https:\/\/www.linkedin.com\/feed\/hashtag\/?keywords=emprendimientopolitecnico&amp;highlightedUpdateUrns=urn%3Ali%3Aactivity%3A6990681148666331136\" data-attribute-index=\"26\">#EmprendimientoPolitecnico<\/a><\/p>\n","protected":false},"excerpt":{"rendered":"<p>En la ma\u00f1ana de l mi\u00e9rcoles 26, hemos tenido el privilegio de asistir a la celebraci\u00f3n del I d\u00eda de la empresa andaluza en nuestro IES Polit\u00e9cnico Jes\u00fas Mar\u00edn con una charla de&nbsp;emprendimiento por parte del&nbsp;CEO de&nbsp;LYComapny Water Group a nuestro alumnado de&nbsp;Formaci\u00f3n Profesional&nbsp;de administraci\u00f3n y gesti\u00f3n. Entre los temas tratados, Curro Rodr\u00edguez nos ha [&hellip;]<\/p>\n","protected":false},"author":14521,"featured_media":0,"comment_status":"open","ping_status":"open","sticky":false,"template":"","format":"standard","meta":{"ngg_post_thumbnail":0,"footnotes":""},"categories":[3,1,9,10],"tags":[],"aioseo_notices":[],"_links":{"self":[{"href":"https:\/\/blogsaverroes.juntadeandalucia.es\/politecnicoemprendimiento\/wp-json\/wp\/v2\/posts\/400"}],"collection":[{"href":"https:\/\/blogsaverroes.juntadeandalucia.es\/politecnicoemprendimiento\/wp-json\/wp\/v2\/posts"}],"about":[{"href":"https:\/\/blogsaverroes.juntadeandalucia.es\/politecnicoemprendimiento\/wp-json\/wp\/v2\/types\/post"}],"author":[{"embeddable":true,"href":"https:\/\/blogsaverroes.juntadeandalucia.es\/politecnicoemprendimiento\/wp-json\/wp\/v2\/users\/14521"}],"replies":[{"embeddable":true,"href":"https:\/\/blogsaverroes.juntadeandalucia.es\/politecnicoemprendimiento\/wp-json\/wp\/v2\/comments?post=400"}],"version-history":[{"count":2,"href":"https:\/\/blogsaverroes.juntadeandalucia.es\/politecnicoemprendimiento\/wp-json\/wp\/v2\/posts\/400\/revisions"}],"predecessor-version":[{"id":403,"href":"https:\/\/blogsaverroes.juntadeandalucia.es\/politecnicoemprendimiento\/wp-json\/wp\/v2\/posts\/400\/revisions\/403"}],"wp:attachment":[{"href":"https:\/\/blogsaverroes.juntadeandalucia.es\/politecnicoemprendimiento\/wp-json\/wp\/v2\/media?parent=400"}],"wp:term":[{"taxonomy":"category","embeddable":true,"href":"https:\/\/blogsaverroes.juntadeandalucia.es\/politecnicoemprendimiento\/wp-json\/wp\/v2\/categories?post=400"},{"taxonomy":"post_tag","embeddable":true,"href":"https:\/\/blogsaverroes.juntadeandalucia.es\/politecnicoemprendimiento\/wp-json\/wp\/v2\/tags?post=400"}],"curies":[{"name":"wp","href":"https:\/\/api.w.org\/{rel}","templated":true}]}}