{"id":530,"date":"2024-06-03T17:18:58","date_gmt":"2024-06-03T17:18:58","guid":{"rendered":"https:\/\/blogsaverroes.juntadeandalucia.es\/politecnicoemprendimiento\/?p=530"},"modified":"2024-06-03T17:23:55","modified_gmt":"2024-06-03T17:23:55","slug":"proyecto-de-innovacion-educativa-de-patrimonio-industrial","status":"publish","type":"post","link":"https:\/\/blogsaverroes.juntadeandalucia.es\/politecnicoemprendimiento\/2024\/06\/03\/proyecto-de-innovacion-educativa-de-patrimonio-industrial\/","title":{"rendered":"Proyecto de Innovaci\u00f3n Educativa de Patrimonio Industrial."},"content":{"rendered":"<p>Desde hace varios cursos, el Polit\u00e9cnico desarrolla el proyecto multidisciplinar e intercentro \u00abPatrimonio Industrial\u00bb, coordinado por la compa\u00f1era Aurora Aranda B\u00e1ez del departamento de Historia, que agrupa tanto alumnado de distintos niveles como profesorado de distintas disciplinas (Edificaci\u00f3n, Inform\u00e1tica, Dibujo y Arte, Electr\u00f3nica, etc. y de los IES Juan de la Cierva, Madrid, IES El Palmeral, Orihuela) en torno al valor y la difusi\u00f3n del Patrimonio Industrial, incidiendo en la relaci\u00f3n entre la m\u00e1quina, el arte y el entorno<\/p>\n<p><a href=\"https:\/\/youtu.be\/xbDFFvpLUGA\">https:\/\/youtu.be\/xbDFFvpLUGA<\/a> &nbsp;&nbsp;<\/p>\n<p>&nbsp;<a href=\"https:\/\/youtu.be\/41tJLPNotg0\">https:\/\/youtu.be\/41tJLPNotg0<\/a><\/p>\n<p>Entre la participaci\u00f3n en Congresos, talleres, la exposici\u00f3n &#8216;El hombre y la m\u00e1quina&#8217;, y otras actividades experienciales, nuestro alumnado ha creado \u00abMonopoly del Patrimonio industrial\u00bb y con el profesos Andr\u00e9s Alcaraz presenta \u00abindustrialera app\u00bb una nueva aplicaci\u00f3n de difusi\u00f3n del patrimonio industrial malague\u00f1o.<\/p>\n<p>Descarga la app \u00abLa Industrialera\u00bb y disfruta del patrimonio industrial malague\u00f1o:<\/p>\n<p><a href=\"https:\/\/play.google.com\/store\/apps\/details?id=com.politecnicomalaga.pimalaga&amp;pli=1\">https:\/\/play.google.com\/store\/apps\/details?id=com.politecnicomalaga.pimalaga&amp;pli=1&nbsp;<\/a><\/p>\n<p>Algunos videos. https:\/\/x.com\/i\/status\/1774768943397208423&nbsp;<\/p>\n<p><a href=\"https:\/\/youtu.be\/tGXzYCq2dW4\">https:\/\/youtu.be\/tGXzYCq2dW4<\/a><\/p>\n<p><img loading=\"lazy\" decoding=\"async\" class=\"size-medium wp-image-532 alignleft\" src=\"https:\/\/blogsaverroes.juntadeandalucia.es\/politecnicoemprendimiento\/files\/2024\/06\/patrim-300x177.png\" alt=\"\" width=\"300\" height=\"177\" srcset=\"https:\/\/blogsaverroes.juntadeandalucia.es\/politecnicoemprendimiento\/files\/2024\/06\/patrim-300x177.png 300w, https:\/\/blogsaverroes.juntadeandalucia.es\/politecnicoemprendimiento\/files\/2024\/06\/patrim.png 652w\" sizes=\"(max-width: 300px) 100vw, 300px\" \/> <img loading=\"lazy\" decoding=\"async\" class=\"size-medium wp-image-533 alignleft\" src=\"https:\/\/blogsaverroes.juntadeandalucia.es\/politecnicoemprendimiento\/files\/2024\/06\/monopoly-300x212.jpg\" alt=\"\" width=\"300\" height=\"212\" srcset=\"https:\/\/blogsaverroes.juntadeandalucia.es\/politecnicoemprendimiento\/files\/2024\/06\/monopoly-300x212.jpg 300w, https:\/\/blogsaverroes.juntadeandalucia.es\/politecnicoemprendimiento\/files\/2024\/06\/monopoly-768x542.jpg 768w, https:\/\/blogsaverroes.juntadeandalucia.es\/politecnicoemprendimiento\/files\/2024\/06\/monopoly.jpg 862w\" sizes=\"(max-width: 300px) 100vw, 300px\" \/><\/p>\n<p>&nbsp;<\/p>\n<p>&nbsp;<\/p>\n<p>&nbsp;<\/p>\n<p>&nbsp;<\/p>\n<p>&nbsp;<\/p>\n<p>&nbsp;<\/p>\n<p>&nbsp;<\/p>\n<p>Por \u00faltimo, espectacular el PERFORMANCE del bachillerato de Artes Esc\u00e9nicas que a\u00fana m\u00fasica en directo, danza, escenograf\u00eda, proyecci\u00f3n audiovisual, iluminaci\u00f3n, etc. &#8211; ESCENOGRAF\u00cdA integrada por algunos elementos de la industria del siglo XIX, una chimenea y una f\u00e1brica. &#8211; PANEL MURAL compuesto por engranajes de inspiraci\u00f3n industrial. &#8211; COLECCI\u00d3N vestuario inspiraci\u00f3n post-industrial y ciber-punk. &#8211; CONSOLA de videojuegos retro, recreada a partir de conceptos y est\u00e9ticas del pasado. &#8211; AUDIOVISUALES Y VIDEOCLIPS que tratan de explorar las relaciones de los j\u00f3venes y su propio yo con el mundo que les rodea, con el cine, la m\u00fasica, y otras manifestaciones art\u00edsticas actuales. Enhorabuena<\/p>\n<p><iframe loading=\"lazy\" title=\"IES Polit\u00e9cnico Jes\u00fas Mar\u00edn en la V Bienal de Arte y Escuela\" width=\"1170\" height=\"658\" src=\"https:\/\/www.youtube.com\/embed\/41tJLPNotg0?feature=oembed\" frameborder=\"0\" allow=\"accelerometer; autoplay; clipboard-write; encrypted-media; gyroscope; picture-in-picture; web-share\" referrerpolicy=\"strict-origin-when-cross-origin\" allowfullscreen><\/iframe><\/p>\n","protected":false},"excerpt":{"rendered":"<p>Desde hace varios cursos, el Polit\u00e9cnico desarrolla el proyecto multidisciplinar e intercentro \u00abPatrimonio Industrial\u00bb, coordinado por la compa\u00f1era Aurora Aranda B\u00e1ez del departamento de Historia, que agrupa tanto alumnado de distintos niveles como profesorado de distintas disciplinas (Edificaci\u00f3n, Inform\u00e1tica, Dibujo y Arte, Electr\u00f3nica, etc. y de los IES Juan de la Cierva, Madrid, IES El [&hellip;]<\/p>\n","protected":false},"author":14521,"featured_media":0,"comment_status":"open","ping_status":"open","sticky":false,"template":"","format":"standard","meta":{"ngg_post_thumbnail":0,"footnotes":""},"categories":[6,5,9,4,7],"tags":[],"aioseo_notices":[],"_links":{"self":[{"href":"https:\/\/blogsaverroes.juntadeandalucia.es\/politecnicoemprendimiento\/wp-json\/wp\/v2\/posts\/530"}],"collection":[{"href":"https:\/\/blogsaverroes.juntadeandalucia.es\/politecnicoemprendimiento\/wp-json\/wp\/v2\/posts"}],"about":[{"href":"https:\/\/blogsaverroes.juntadeandalucia.es\/politecnicoemprendimiento\/wp-json\/wp\/v2\/types\/post"}],"author":[{"embeddable":true,"href":"https:\/\/blogsaverroes.juntadeandalucia.es\/politecnicoemprendimiento\/wp-json\/wp\/v2\/users\/14521"}],"replies":[{"embeddable":true,"href":"https:\/\/blogsaverroes.juntadeandalucia.es\/politecnicoemprendimiento\/wp-json\/wp\/v2\/comments?post=530"}],"version-history":[{"count":3,"href":"https:\/\/blogsaverroes.juntadeandalucia.es\/politecnicoemprendimiento\/wp-json\/wp\/v2\/posts\/530\/revisions"}],"predecessor-version":[{"id":535,"href":"https:\/\/blogsaverroes.juntadeandalucia.es\/politecnicoemprendimiento\/wp-json\/wp\/v2\/posts\/530\/revisions\/535"}],"wp:attachment":[{"href":"https:\/\/blogsaverroes.juntadeandalucia.es\/politecnicoemprendimiento\/wp-json\/wp\/v2\/media?parent=530"}],"wp:term":[{"taxonomy":"category","embeddable":true,"href":"https:\/\/blogsaverroes.juntadeandalucia.es\/politecnicoemprendimiento\/wp-json\/wp\/v2\/categories?post=530"},{"taxonomy":"post_tag","embeddable":true,"href":"https:\/\/blogsaverroes.juntadeandalucia.es\/politecnicoemprendimiento\/wp-json\/wp\/v2\/tags?post=530"}],"curies":[{"name":"wp","href":"https:\/\/api.w.org\/{rel}","templated":true}]}}