{"id":539,"date":"2024-06-03T17:45:13","date_gmt":"2024-06-03T17:45:13","guid":{"rendered":"https:\/\/blogsaverroes.juntadeandalucia.es\/politecnicoemprendimiento\/?p=539"},"modified":"2024-06-03T17:45:13","modified_gmt":"2024-06-03T17:45:13","slug":"audiotree-worlwide-merula-de-bones-of-minerva","status":"publish","type":"post","link":"https:\/\/blogsaverroes.juntadeandalucia.es\/politecnicoemprendimiento\/2024\/06\/03\/audiotree-worlwide-merula-de-bones-of-minerva\/","title":{"rendered":"Audiotree Worlwide. Merula\u2019 de\u00a0Bones Of Minerva"},"content":{"rendered":"<p>El alumnado de Imagen y Sonido ha visto publicada la grabaci\u00f3n realizada con nuestro centro en el prestigioso canal&nbsp; de m\u00fasica alternativa: &#8216;ROCKZONE&#8217;.&nbsp;&nbsp;<\/p>\n<p>&nbsp;<strong>El prestigioso y popular canal estadounidense, Audiotree ha estrenado una <em>live session<\/em>&nbsp;de \u2018Merula\u2019 de&nbsp;Bones Of Minerva&nbsp;dentro de su serie Audiotree Worlwide.&nbsp;<\/strong>La interpretaci\u00f3n de este tema incluido en su \u00faltimo \u00e1lbum<em>&nbsp;Embers<\/em>&nbsp;(2022) se grab\u00f3 para las&nbsp;Sesiones Bravas&nbsp;que se realizan en el&nbsp;Instituto de Educaci\u00f3n Secundaria Polit\u00e9cnico Jes\u00fas Mar\u00edn de M\u00e1laga.<\/p>\n<p><a href=\"https:\/\/www.rockzonemag.com\/audiotree-worlwide-estrena-la-live-session-de-merula-de-bones-of-minerva\/\">https:\/\/www.rockzonemag.com\/audiotree-worlwide-estrena-la-live-session-de-merula-de-bones-of-minerva\/<\/a><\/p>\n<p><iframe loading=\"lazy\" title=\"Bones of Minerva - Merula | Audiotree Worldwide\" width=\"1170\" height=\"658\" src=\"https:\/\/www.youtube.com\/embed\/QqIiD8bS6r0?feature=oembed\" frameborder=\"0\" allow=\"accelerometer; autoplay; clipboard-write; encrypted-media; gyroscope; picture-in-picture; web-share\" referrerpolicy=\"strict-origin-when-cross-origin\" allowfullscreen><\/iframe><\/p>\n<p>&nbsp;<\/p>\n<p>&nbsp;<\/p>\n","protected":false},"excerpt":{"rendered":"<p>El alumnado de Imagen y Sonido ha visto publicada la grabaci\u00f3n realizada con nuestro centro en el prestigioso canal&nbsp; de m\u00fasica alternativa: &#8216;ROCKZONE&#8217;.&nbsp;&nbsp; &nbsp;El prestigioso y popular canal estadounidense, Audiotree ha estrenado una live session&nbsp;de \u2018Merula\u2019 de&nbsp;Bones Of Minerva&nbsp;dentro de su serie Audiotree Worlwide.&nbsp;La interpretaci\u00f3n de este tema incluido en su \u00faltimo \u00e1lbum&nbsp;Embers&nbsp;(2022) se grab\u00f3 [&hellip;]<\/p>\n","protected":false},"author":14521,"featured_media":0,"comment_status":"open","ping_status":"open","sticky":false,"template":"","format":"standard","meta":{"ngg_post_thumbnail":0,"footnotes":""},"categories":[4],"tags":[],"aioseo_notices":[],"_links":{"self":[{"href":"https:\/\/blogsaverroes.juntadeandalucia.es\/politecnicoemprendimiento\/wp-json\/wp\/v2\/posts\/539"}],"collection":[{"href":"https:\/\/blogsaverroes.juntadeandalucia.es\/politecnicoemprendimiento\/wp-json\/wp\/v2\/posts"}],"about":[{"href":"https:\/\/blogsaverroes.juntadeandalucia.es\/politecnicoemprendimiento\/wp-json\/wp\/v2\/types\/post"}],"author":[{"embeddable":true,"href":"https:\/\/blogsaverroes.juntadeandalucia.es\/politecnicoemprendimiento\/wp-json\/wp\/v2\/users\/14521"}],"replies":[{"embeddable":true,"href":"https:\/\/blogsaverroes.juntadeandalucia.es\/politecnicoemprendimiento\/wp-json\/wp\/v2\/comments?post=539"}],"version-history":[{"count":1,"href":"https:\/\/blogsaverroes.juntadeandalucia.es\/politecnicoemprendimiento\/wp-json\/wp\/v2\/posts\/539\/revisions"}],"predecessor-version":[{"id":540,"href":"https:\/\/blogsaverroes.juntadeandalucia.es\/politecnicoemprendimiento\/wp-json\/wp\/v2\/posts\/539\/revisions\/540"}],"wp:attachment":[{"href":"https:\/\/blogsaverroes.juntadeandalucia.es\/politecnicoemprendimiento\/wp-json\/wp\/v2\/media?parent=539"}],"wp:term":[{"taxonomy":"category","embeddable":true,"href":"https:\/\/blogsaverroes.juntadeandalucia.es\/politecnicoemprendimiento\/wp-json\/wp\/v2\/categories?post=539"},{"taxonomy":"post_tag","embeddable":true,"href":"https:\/\/blogsaverroes.juntadeandalucia.es\/politecnicoemprendimiento\/wp-json\/wp\/v2\/tags?post=539"}],"curies":[{"name":"wp","href":"https:\/\/api.w.org\/{rel}","templated":true}]}}