{"id":396,"date":"2020-12-28T00:04:15","date_gmt":"2020-12-28T00:04:15","guid":{"rendered":"http:\/\/blogsaverroes.juntadeandalucia.es\/politecnicoeuropa\/?p=396"},"modified":"2026-03-30T17:17:17","modified_gmt":"2026-03-30T17:17:17","slug":"roberto-y-carlo-en-frankenthal","status":"publish","type":"post","link":"https:\/\/blogsaverroes.juntadeandalucia.es\/politecnicoeuropa\/2020\/12\/28\/roberto-y-carlo-en-frankenthal\/","title":{"rendered":"Roberto y Carlo en Frankenthal"},"content":{"rendered":"<p style=\"text-align: justify\">Fuimos a Alemania en marzo de 2020, justo cuando la pandemia arranc\u00f3. Tuvimos que volvernos a los pocos d\u00edas debido a que la situaci\u00f3n no estaba clara y no quer\u00edamos quedarnos encerrados en Alemania. Fue bastante duro.<\/p>\n<p style=\"text-align: justify\">En Septiembre del mismo a\u00f1o pudimos volver a Alemania. A nivel personal fue una experiencia buena, la situaci\u00f3n con la pandemia estaba bastante mejor que en Espa\u00f1a y era de agradecer. Aun as\u00ed, cuando fueron pasando los meses las cosas se pusieron peor all\u00ed tambi\u00e9n. Nos volvimos justo antes de que empezaran a confinar.<\/p>\n<p style=\"text-align: justify\">Estuvimos en una residencia de estudiantes llamada \u201cBumiller-Raab-Haus Studierendenwohnheim\u201d, muy bien de precio y ubicaci\u00f3n para ir a la empresa (<strong>LionLine<\/strong>). Recomendada totalmente. Tiene un Lidl al lado que facilita mucho el vivir solo por primera vez.<\/p>\n<p><a href=\"https:\/\/blogsaverroes.juntadeandalucia.es\/politecnicoeuropa\/files\/2023\/08\/RobertoCarlo1.jpg\"><img loading=\"lazy\" decoding=\"async\" class=\"size-medium wp-image-397 aligncenter\" src=\"https:\/\/blogsaverroes.juntadeandalucia.es\/politecnicoeuropa\/files\/2023\/08\/RobertoCarlo1-300x225.jpg\" alt=\"\" width=\"300\" height=\"225\" srcset=\"https:\/\/blogsaverroes.juntadeandalucia.es\/politecnicoeuropa\/files\/2023\/08\/RobertoCarlo1-300x225.jpg 300w, https:\/\/blogsaverroes.juntadeandalucia.es\/politecnicoeuropa\/files\/2023\/08\/RobertoCarlo1-1024x768.jpg 1024w, https:\/\/blogsaverroes.juntadeandalucia.es\/politecnicoeuropa\/files\/2023\/08\/RobertoCarlo1-768x576.jpg 768w, https:\/\/blogsaverroes.juntadeandalucia.es\/politecnicoeuropa\/files\/2023\/08\/RobertoCarlo1.jpg 1280w\" sizes=\"(max-width: 300px) 100vw, 300px\" \/><\/a><\/p>\n<p style=\"text-align: justify\">A nivel laboral no hay que preocuparse, est\u00e1n de pruebas y hay que coger el \u00e1mbito laboral. Al principio no har\u00e1n mucho, como es normal, pero conforme pase el tiempo los siguientes estudiantes se ir\u00e1n sintiendo m\u00e1s familiarizados con el entorno de trabajo y el proyecto. Aunque est\u00e9n parados que intenten aprender todo lo que puedan, mirarse cursos, estudiar el c\u00f3digo, entender la l\u00f3gica del mercado en el que trabajan, etc. Como recomendaci\u00f3n que no se queden todo el d\u00eda en casa, es complicado tener ganas de salir y darse una vuelta despu\u00e9s de trabajar, pero merece la pena. A nosotros nos pill\u00f3 la pandemia y esa parte se complic\u00f3 bastante. A pesar de todo, hay gente que es muy maja y est\u00e1n dispuestos a ayudar. Tambi\u00e9n nos encontramos con gente que habla espa\u00f1ol, todos Alemanes en nuestro caso.<\/p>\n<p style=\"text-align: justify\">Repetir\u00edamos sin duda.<\/p>\n<p style=\"text-align: center\"><a href=\"https:\/\/blogsaverroes.juntadeandalucia.es\/politecnicoeuropa\/files\/2023\/08\/RobertoCarlo2.jpg\"><img loading=\"lazy\" decoding=\"async\" class=\"alignnone size-medium wp-image-398\" src=\"https:\/\/blogsaverroes.juntadeandalucia.es\/politecnicoeuropa\/files\/2023\/08\/RobertoCarlo2-225x300.jpg\" alt=\"\" width=\"225\" height=\"300\" srcset=\"https:\/\/blogsaverroes.juntadeandalucia.es\/politecnicoeuropa\/files\/2023\/08\/RobertoCarlo2-225x300.jpg 225w, https:\/\/blogsaverroes.juntadeandalucia.es\/politecnicoeuropa\/files\/2023\/08\/RobertoCarlo2-768x1024.jpg 768w, https:\/\/blogsaverroes.juntadeandalucia.es\/politecnicoeuropa\/files\/2023\/08\/RobertoCarlo2.jpg 960w\" sizes=\"(max-width: 225px) 100vw, 225px\" \/><\/a><\/p>\n<!--themify_builder_content-->\n<div id=\"themify_builder_content-396\" data-postid=\"396\" class=\"themify_builder_content themify_builder_content-396 themify_builder tf_clear\">\n    <\/div>\n<!--\/themify_builder_content-->\n","protected":false},"excerpt":{"rendered":"<p>Fuimos a Alemania en marzo de 2020, justo cuando la pandemia arranc\u00f3. Tuvimos que volvernos a los pocos d\u00edas debido a que la situaci\u00f3n no estaba clara y no quer\u00edamos quedarnos encerrados en Alemania. Fue bastante duro. En Septiembre del mismo a\u00f1o pudimos volver a Alemania. A nivel personal fue una experiencia buena, la situaci\u00f3n [&hellip;]<\/p>\n","protected":false},"author":5375,"featured_media":398,"comment_status":"closed","ping_status":"closed","sticky":false,"template":"","format":"standard","meta":{"ngg_post_thumbnail":0,"footnotes":""},"categories":[839084,839111],"tags":[839090,839115],"aioseo_notices":[],"_links":{"self":[{"href":"https:\/\/blogsaverroes.juntadeandalucia.es\/politecnicoeuropa\/wp-json\/wp\/v2\/posts\/396"}],"collection":[{"href":"https:\/\/blogsaverroes.juntadeandalucia.es\/politecnicoeuropa\/wp-json\/wp\/v2\/posts"}],"about":[{"href":"https:\/\/blogsaverroes.juntadeandalucia.es\/politecnicoeuropa\/wp-json\/wp\/v2\/types\/post"}],"author":[{"embeddable":true,"href":"https:\/\/blogsaverroes.juntadeandalucia.es\/politecnicoeuropa\/wp-json\/wp\/v2\/users\/5375"}],"replies":[{"embeddable":true,"href":"https:\/\/blogsaverroes.juntadeandalucia.es\/politecnicoeuropa\/wp-json\/wp\/v2\/comments?post=396"}],"version-history":[{"count":13,"href":"https:\/\/blogsaverroes.juntadeandalucia.es\/politecnicoeuropa\/wp-json\/wp\/v2\/posts\/396\/revisions"}],"predecessor-version":[{"id":445,"href":"https:\/\/blogsaverroes.juntadeandalucia.es\/politecnicoeuropa\/wp-json\/wp\/v2\/posts\/396\/revisions\/445"}],"wp:featuredmedia":[{"embeddable":true,"href":"https:\/\/blogsaverroes.juntadeandalucia.es\/politecnicoeuropa\/wp-json\/wp\/v2\/media\/398"}],"wp:attachment":[{"href":"https:\/\/blogsaverroes.juntadeandalucia.es\/politecnicoeuropa\/wp-json\/wp\/v2\/media?parent=396"}],"wp:term":[{"taxonomy":"category","embeddable":true,"href":"https:\/\/blogsaverroes.juntadeandalucia.es\/politecnicoeuropa\/wp-json\/wp\/v2\/categories?post=396"},{"taxonomy":"post_tag","embeddable":true,"href":"https:\/\/blogsaverroes.juntadeandalucia.es\/politecnicoeuropa\/wp-json\/wp\/v2\/tags?post=396"}],"curies":[{"name":"wp","href":"https:\/\/api.w.org\/{rel}","templated":true}]}}