{"id":533,"date":"2018-07-30T17:36:54","date_gmt":"2018-07-30T17:36:54","guid":{"rendered":"http:\/\/blogsaverroes.juntadeandalucia.es\/politecnicoeuropa\/?p=533"},"modified":"2026-03-30T17:18:14","modified_gmt":"2026-03-30T17:18:14","slug":"melisa-en-portsmouth","status":"publish","type":"post","link":"https:\/\/blogsaverroes.juntadeandalucia.es\/politecnicoeuropa\/2018\/07\/30\/melisa-en-portsmouth\/","title":{"rendered":"Melisa en Portsmouth"},"content":{"rendered":"<p style=\"text-align: justify\">Me llamo Melisa. Soy de M\u00e1laga y he estudiado Administraci\u00f3n y Finanzas en el I.E.S Polit\u00e9cnico Jes\u00fas Mar\u00edn y hace tres meses he estado haciendo las pr\u00e1cticas en la ciudad brit\u00e1nica de Portsmouth durante el curso acad\u00e9mico 2017-2018.<\/p>\n<p><a href=\"https:\/\/blogsaverroes.juntadeandalucia.es\/politecnicoeuropa\/files\/2018\/07\/AnnerisUK1-scaled.jpg\"><img loading=\"lazy\" decoding=\"async\" class=\"size-medium wp-image-537 aligncenter\" src=\"https:\/\/blogsaverroes.juntadeandalucia.es\/politecnicoeuropa\/files\/2018\/07\/AnnerisUK1-225x300.jpg\" alt=\"\" width=\"225\" height=\"300\" srcset=\"https:\/\/blogsaverroes.juntadeandalucia.es\/politecnicoeuropa\/files\/2018\/07\/AnnerisUK1-225x300.jpg 225w, https:\/\/blogsaverroes.juntadeandalucia.es\/politecnicoeuropa\/files\/2018\/07\/AnnerisUK1-768x1024.jpg 768w, https:\/\/blogsaverroes.juntadeandalucia.es\/politecnicoeuropa\/files\/2018\/07\/AnnerisUK1-1152x1536.jpg 1152w, https:\/\/blogsaverroes.juntadeandalucia.es\/politecnicoeuropa\/files\/2018\/07\/AnnerisUK1-1536x2048.jpg 1536w, https:\/\/blogsaverroes.juntadeandalucia.es\/politecnicoeuropa\/files\/2018\/07\/AnnerisUK1-scaled.jpg 1200w\" sizes=\"(max-width: 225px) 100vw, 225px\" \/><\/a><\/p>\n<p>De entre las diferentes ciudades que el instituto donde estudio me ofrec\u00eda como destino Erasmus, consider\u00e9 que Portsmouth era la que mejor ya que se adaptaba a mis necesidades.<\/p>\n<p style=\"text-align: justify\">El hecho de que sea una ciudad mar\u00edtima hist\u00f3rica me hizo decantarme por Portsmouth. Result\u00f3 una opci\u00f3n bastante interesante para m\u00ed por su localizaci\u00f3n, ya que est\u00e1 situada relativamente cerca de Londres y eso facilita el tema de los vuelos a Espa\u00f1a y tambi\u00e9n la posibilidad de visitar la capital brit\u00e1nica con mayor frecuencia.<\/p>\n<p><a href=\"https:\/\/blogsaverroes.juntadeandalucia.es\/politecnicoeuropa\/files\/2018\/07\/AnnerisUK4.jpg\"><img loading=\"lazy\" decoding=\"async\" class=\"size-medium wp-image-540 aligncenter\" src=\"https:\/\/blogsaverroes.juntadeandalucia.es\/politecnicoeuropa\/files\/2018\/07\/AnnerisUK4-300x169.jpg\" alt=\"\" width=\"300\" height=\"169\" srcset=\"https:\/\/blogsaverroes.juntadeandalucia.es\/politecnicoeuropa\/files\/2018\/07\/AnnerisUK4-300x169.jpg 300w, https:\/\/blogsaverroes.juntadeandalucia.es\/politecnicoeuropa\/files\/2018\/07\/AnnerisUK4-1024x576.jpg 1024w, https:\/\/blogsaverroes.juntadeandalucia.es\/politecnicoeuropa\/files\/2018\/07\/AnnerisUK4-768x432.jpg 768w, https:\/\/blogsaverroes.juntadeandalucia.es\/politecnicoeuropa\/files\/2018\/07\/AnnerisUK4-1536x864.jpg 1536w, https:\/\/blogsaverroes.juntadeandalucia.es\/politecnicoeuropa\/files\/2018\/07\/AnnerisUK4-2048x1152.jpg 2048w, https:\/\/blogsaverroes.juntadeandalucia.es\/politecnicoeuropa\/files\/2018\/07\/AnnerisUK4.jpg 1600w\" sizes=\"(max-width: 300px) 100vw, 300px\" \/><\/a><\/p>\n<p>A pesar de la cantidad de personas viviendo en una ciudad que no puede considerarse \u201cgrande\u201d es bastante tranquila y calma. Los fines de semana en los sitios c\u00e9ntricos y populares se puede observar como la gran diversidad de nacionalidades comparten juntos las diferentes opciones de ocio que ofrece la ciudad. Se la podr\u00eda considerar como una ciudad a mini-escala.<\/p>\n<p style=\"text-align: center\"><a href=\"https:\/\/blogsaverroes.juntadeandalucia.es\/politecnicoeuropa\/files\/2018\/07\/AnnerisUK3-scaled.jpg\"><img loading=\"lazy\" decoding=\"async\" class=\"alignnone size-medium wp-image-539\" src=\"https:\/\/blogsaverroes.juntadeandalucia.es\/politecnicoeuropa\/files\/2018\/07\/AnnerisUK3-300x225.jpg\" alt=\"\" width=\"300\" height=\"225\" srcset=\"https:\/\/blogsaverroes.juntadeandalucia.es\/politecnicoeuropa\/files\/2018\/07\/AnnerisUK3-300x225.jpg 300w, https:\/\/blogsaverroes.juntadeandalucia.es\/politecnicoeuropa\/files\/2018\/07\/AnnerisUK3-1024x768.jpg 1024w, https:\/\/blogsaverroes.juntadeandalucia.es\/politecnicoeuropa\/files\/2018\/07\/AnnerisUK3-768x576.jpg 768w, https:\/\/blogsaverroes.juntadeandalucia.es\/politecnicoeuropa\/files\/2018\/07\/AnnerisUK3-1536x1152.jpg 1536w, https:\/\/blogsaverroes.juntadeandalucia.es\/politecnicoeuropa\/files\/2018\/07\/AnnerisUK3-2048x1536.jpg 2048w, https:\/\/blogsaverroes.juntadeandalucia.es\/politecnicoeuropa\/files\/2018\/07\/AnnerisUK3-scaled.jpg 1600w\" sizes=\"(max-width: 300px) 100vw, 300px\" \/> <\/a><a href=\"https:\/\/blogsaverroes.juntadeandalucia.es\/politecnicoeuropa\/files\/2018\/07\/AnnerisUK11-scaled.jpg\"><img loading=\"lazy\" decoding=\"async\" class=\"alignnone size-medium wp-image-547\" src=\"https:\/\/blogsaverroes.juntadeandalucia.es\/politecnicoeuropa\/files\/2018\/07\/AnnerisUK11-300x225.jpg\" alt=\"\" width=\"300\" height=\"225\" srcset=\"https:\/\/blogsaverroes.juntadeandalucia.es\/politecnicoeuropa\/files\/2018\/07\/AnnerisUK11-300x225.jpg 300w, https:\/\/blogsaverroes.juntadeandalucia.es\/politecnicoeuropa\/files\/2018\/07\/AnnerisUK11-1024x768.jpg 1024w, https:\/\/blogsaverroes.juntadeandalucia.es\/politecnicoeuropa\/files\/2018\/07\/AnnerisUK11-768x576.jpg 768w, https:\/\/blogsaverroes.juntadeandalucia.es\/politecnicoeuropa\/files\/2018\/07\/AnnerisUK11-1536x1152.jpg 1536w, https:\/\/blogsaverroes.juntadeandalucia.es\/politecnicoeuropa\/files\/2018\/07\/AnnerisUK11-2048x1536.jpg 2048w, https:\/\/blogsaverroes.juntadeandalucia.es\/politecnicoeuropa\/files\/2018\/07\/AnnerisUK11-scaled.jpg 1600w\" sizes=\"(max-width: 300px) 100vw, 300px\" \/><\/a><\/p>\n<p style=\"text-align: justify\">En cuanto al alojamiento, s\u00ed puede llegar a ser un poco ca\u00f3tico encontrar un sitio donde quedarse puesto que al ser una ciudad universitaria hay muchos lugares de alojamiento, pero la gran mayor\u00eda est\u00e1n ocupados. S\u00ed puedo decir que la web creada para los estudiantes que participamos en el programa Erasmus fue de mucha ayuda a saber; https:\/\/erasmusu.com\/es\/<\/p>\n<p style=\"text-align: justify\">Mi residencia est\u00e1 a solo 8 minutos de mi lugar de trabajo, en el famoso barrio de Fratton. En mi opini\u00f3n es un lugar tranquilo y bien situado, ya que en los alrededores puedes encontrar gran variedad de supermercados, restaurantes y diferentes tiendas.<\/p>\n<p style=\"text-align: center\"><a href=\"https:\/\/blogsaverroes.juntadeandalucia.es\/politecnicoeuropa\/files\/2018\/07\/AnnerisUK8-scaled.jpg\"><img loading=\"lazy\" decoding=\"async\" class=\"alignnone size-medium wp-image-544\" src=\"https:\/\/blogsaverroes.juntadeandalucia.es\/politecnicoeuropa\/files\/2018\/07\/AnnerisUK8-300x225.jpg\" alt=\"\" width=\"300\" height=\"225\" srcset=\"https:\/\/blogsaverroes.juntadeandalucia.es\/politecnicoeuropa\/files\/2018\/07\/AnnerisUK8-300x225.jpg 300w, https:\/\/blogsaverroes.juntadeandalucia.es\/politecnicoeuropa\/files\/2018\/07\/AnnerisUK8-1024x768.jpg 1024w, https:\/\/blogsaverroes.juntadeandalucia.es\/politecnicoeuropa\/files\/2018\/07\/AnnerisUK8-768x576.jpg 768w, https:\/\/blogsaverroes.juntadeandalucia.es\/politecnicoeuropa\/files\/2018\/07\/AnnerisUK8-1536x1152.jpg 1536w, https:\/\/blogsaverroes.juntadeandalucia.es\/politecnicoeuropa\/files\/2018\/07\/AnnerisUK8-2048x1536.jpg 2048w, https:\/\/blogsaverroes.juntadeandalucia.es\/politecnicoeuropa\/files\/2018\/07\/AnnerisUK8-scaled.jpg 1600w\" sizes=\"(max-width: 300px) 100vw, 300px\" \/><\/a> <a href=\"https:\/\/blogsaverroes.juntadeandalucia.es\/politecnicoeuropa\/files\/2018\/07\/AnnerisUK7-scaled.jpg\"><img loading=\"lazy\" decoding=\"async\" class=\"alignnone size-medium wp-image-543\" src=\"https:\/\/blogsaverroes.juntadeandalucia.es\/politecnicoeuropa\/files\/2018\/07\/AnnerisUK7-300x225.jpg\" alt=\"\" width=\"300\" height=\"225\" srcset=\"https:\/\/blogsaverroes.juntadeandalucia.es\/politecnicoeuropa\/files\/2018\/07\/AnnerisUK7-300x225.jpg 300w, https:\/\/blogsaverroes.juntadeandalucia.es\/politecnicoeuropa\/files\/2018\/07\/AnnerisUK7-1024x768.jpg 1024w, https:\/\/blogsaverroes.juntadeandalucia.es\/politecnicoeuropa\/files\/2018\/07\/AnnerisUK7-768x576.jpg 768w, https:\/\/blogsaverroes.juntadeandalucia.es\/politecnicoeuropa\/files\/2018\/07\/AnnerisUK7-1536x1152.jpg 1536w, https:\/\/blogsaverroes.juntadeandalucia.es\/politecnicoeuropa\/files\/2018\/07\/AnnerisUK7-2048x1536.jpg 2048w, https:\/\/blogsaverroes.juntadeandalucia.es\/politecnicoeuropa\/files\/2018\/07\/AnnerisUK7-scaled.jpg 1600w\" sizes=\"(max-width: 300px) 100vw, 300px\" \/><\/a><\/p>\n<p style=\"text-align: justify\">En cuanto a los principales gastos que pueda tener cualquier estudiante en el extranjero y en especial en El Reino Unido; el alojamiento es el principal desembolso. La comida, la carne, el pescado, la fruta y la verdura suelen ser lo m\u00e1s caro, sin embargo, creo que se pueden encontrar precios competitivos en grandes establecimientos como Lidl, Asda o Tesco y en los supermercados express tambi\u00e9n se pueden encontrar muchas ofertas.<\/p>\n<p style=\"text-align: justify\">En mi opini\u00f3n lo mejor que tiene Portsmouth al igual que en cualquier ciudad del Reino Unido es la diversidad de nacionalidades, conocer a personas de diferentes lugares del mundo y aprender de sus culturas enriquece enormemente.<\/p>\n<p style=\"text-align: center\"><a href=\"https:\/\/blogsaverroes.juntadeandalucia.es\/politecnicoeuropa\/files\/2018\/07\/AnnerisUK12-scaled.jpg\"><img loading=\"lazy\" decoding=\"async\" class=\"alignnone size-medium wp-image-548\" src=\"https:\/\/blogsaverroes.juntadeandalucia.es\/politecnicoeuropa\/files\/2018\/07\/AnnerisUK12-300x225.jpg\" alt=\"\" width=\"300\" height=\"225\" srcset=\"https:\/\/blogsaverroes.juntadeandalucia.es\/politecnicoeuropa\/files\/2018\/07\/AnnerisUK12-300x225.jpg 300w, https:\/\/blogsaverroes.juntadeandalucia.es\/politecnicoeuropa\/files\/2018\/07\/AnnerisUK12-1024x768.jpg 1024w, https:\/\/blogsaverroes.juntadeandalucia.es\/politecnicoeuropa\/files\/2018\/07\/AnnerisUK12-768x576.jpg 768w, https:\/\/blogsaverroes.juntadeandalucia.es\/politecnicoeuropa\/files\/2018\/07\/AnnerisUK12-1536x1152.jpg 1536w, https:\/\/blogsaverroes.juntadeandalucia.es\/politecnicoeuropa\/files\/2018\/07\/AnnerisUK12-2048x1536.jpg 2048w, https:\/\/blogsaverroes.juntadeandalucia.es\/politecnicoeuropa\/files\/2018\/07\/AnnerisUK12-scaled.jpg 1600w\" sizes=\"(max-width: 300px) 100vw, 300px\" \/> <\/a><a href=\"https:\/\/blogsaverroes.juntadeandalucia.es\/politecnicoeuropa\/files\/2018\/07\/AnnerisUK2-scaled.jpg\"><img loading=\"lazy\" decoding=\"async\" class=\"alignnone size-medium wp-image-538\" src=\"https:\/\/blogsaverroes.juntadeandalucia.es\/politecnicoeuropa\/files\/2018\/07\/AnnerisUK2-300x225.jpg\" alt=\"\" width=\"300\" height=\"225\" srcset=\"https:\/\/blogsaverroes.juntadeandalucia.es\/politecnicoeuropa\/files\/2018\/07\/AnnerisUK2-300x225.jpg 300w, https:\/\/blogsaverroes.juntadeandalucia.es\/politecnicoeuropa\/files\/2018\/07\/AnnerisUK2-1024x768.jpg 1024w, https:\/\/blogsaverroes.juntadeandalucia.es\/politecnicoeuropa\/files\/2018\/07\/AnnerisUK2-768x576.jpg 768w, https:\/\/blogsaverroes.juntadeandalucia.es\/politecnicoeuropa\/files\/2018\/07\/AnnerisUK2-1536x1152.jpg 1536w, https:\/\/blogsaverroes.juntadeandalucia.es\/politecnicoeuropa\/files\/2018\/07\/AnnerisUK2-2048x1536.jpg 2048w, https:\/\/blogsaverroes.juntadeandalucia.es\/politecnicoeuropa\/files\/2018\/07\/AnnerisUK2-scaled.jpg 1600w\" sizes=\"(max-width: 300px) 100vw, 300px\" \/><\/a><\/p>\n<p style=\"text-align: justify\">Gracias a esta experiencia he podido mejorar en diferentes aspectos, tanto personal como profesionalmente. Por supuesto el uso de una lengua que no es mi lengua materna es importante al igual que saber adaptarse al nuevo lugar, su gente y sus costumbres.<br \/>\nPersonalmente me veo con m\u00e1s confianza en m\u00ed misma, me desenvuelvo mejor en el medio laboral y no me cuesta socializar tanto como antes. Me veo m\u00e1s receptiva a aceptar cambios y con una mentalidad mucho m\u00e1s abierta que la que ten\u00eda antes.<\/p>\n<p style=\"text-align: center\">&nbsp;<a href=\"https:\/\/blogsaverroes.juntadeandalucia.es\/politecnicoeuropa\/files\/2018\/07\/AnnerisUK5-scaled.jpg\"><img loading=\"lazy\" decoding=\"async\" class=\"alignnone size-medium wp-image-541\" src=\"https:\/\/blogsaverroes.juntadeandalucia.es\/politecnicoeuropa\/files\/2018\/07\/AnnerisUK5-300x225.jpg\" alt=\"\" width=\"300\" height=\"225\" srcset=\"https:\/\/blogsaverroes.juntadeandalucia.es\/politecnicoeuropa\/files\/2018\/07\/AnnerisUK5-300x225.jpg 300w, https:\/\/blogsaverroes.juntadeandalucia.es\/politecnicoeuropa\/files\/2018\/07\/AnnerisUK5-1024x768.jpg 1024w, https:\/\/blogsaverroes.juntadeandalucia.es\/politecnicoeuropa\/files\/2018\/07\/AnnerisUK5-768x576.jpg 768w, https:\/\/blogsaverroes.juntadeandalucia.es\/politecnicoeuropa\/files\/2018\/07\/AnnerisUK5-1536x1152.jpg 1536w, https:\/\/blogsaverroes.juntadeandalucia.es\/politecnicoeuropa\/files\/2018\/07\/AnnerisUK5-2048x1536.jpg 2048w, https:\/\/blogsaverroes.juntadeandalucia.es\/politecnicoeuropa\/files\/2018\/07\/AnnerisUK5-scaled.jpg 1600w\" sizes=\"(max-width: 300px) 100vw, 300px\" \/><\/a> <a href=\"https:\/\/blogsaverroes.juntadeandalucia.es\/politecnicoeuropa\/files\/2018\/07\/AnnerisUK6-scaled.jpg\"><img loading=\"lazy\" decoding=\"async\" class=\"alignnone size-medium wp-image-542\" src=\"https:\/\/blogsaverroes.juntadeandalucia.es\/politecnicoeuropa\/files\/2018\/07\/AnnerisUK6-225x300.jpg\" alt=\"\" width=\"225\" height=\"300\" srcset=\"https:\/\/blogsaverroes.juntadeandalucia.es\/politecnicoeuropa\/files\/2018\/07\/AnnerisUK6-225x300.jpg 225w, https:\/\/blogsaverroes.juntadeandalucia.es\/politecnicoeuropa\/files\/2018\/07\/AnnerisUK6-768x1024.jpg 768w, https:\/\/blogsaverroes.juntadeandalucia.es\/politecnicoeuropa\/files\/2018\/07\/AnnerisUK6-1152x1536.jpg 1152w, https:\/\/blogsaverroes.juntadeandalucia.es\/politecnicoeuropa\/files\/2018\/07\/AnnerisUK6-1536x2048.jpg 1536w, https:\/\/blogsaverroes.juntadeandalucia.es\/politecnicoeuropa\/files\/2018\/07\/AnnerisUK6-scaled.jpg 1200w\" sizes=\"(max-width: 225px) 100vw, 225px\" \/><\/a><\/p>\n<p>Sin duda recomiendo a cualquier estudiante que participe en una experiencia como es el Proyecto Erasmus; \u00a1No tiene desperdicio!<\/p>\n<p>&nbsp;<\/p>\n<p style=\"text-align: center\">&nbsp;<a href=\"https:\/\/blogsaverroes.juntadeandalucia.es\/politecnicoeuropa\/files\/2018\/07\/AnnerisUK9-scaled.jpg\"><img loading=\"lazy\" decoding=\"async\" class=\"alignnone size-medium wp-image-545\" src=\"https:\/\/blogsaverroes.juntadeandalucia.es\/politecnicoeuropa\/files\/2018\/07\/AnnerisUK9-300x225.jpg\" alt=\"\" width=\"300\" height=\"225\" srcset=\"https:\/\/blogsaverroes.juntadeandalucia.es\/politecnicoeuropa\/files\/2018\/07\/AnnerisUK9-300x225.jpg 300w, https:\/\/blogsaverroes.juntadeandalucia.es\/politecnicoeuropa\/files\/2018\/07\/AnnerisUK9-1024x768.jpg 1024w, https:\/\/blogsaverroes.juntadeandalucia.es\/politecnicoeuropa\/files\/2018\/07\/AnnerisUK9-768x576.jpg 768w, https:\/\/blogsaverroes.juntadeandalucia.es\/politecnicoeuropa\/files\/2018\/07\/AnnerisUK9-1536x1152.jpg 1536w, https:\/\/blogsaverroes.juntadeandalucia.es\/politecnicoeuropa\/files\/2018\/07\/AnnerisUK9-2048x1536.jpg 2048w, https:\/\/blogsaverroes.juntadeandalucia.es\/politecnicoeuropa\/files\/2018\/07\/AnnerisUK9-scaled.jpg 1600w\" sizes=\"(max-width: 300px) 100vw, 300px\" \/><\/a> <a href=\"https:\/\/blogsaverroes.juntadeandalucia.es\/politecnicoeuropa\/files\/2018\/07\/AnnerisUK10-scaled.jpg\"><img loading=\"lazy\" decoding=\"async\" class=\"alignnone size-medium wp-image-546\" src=\"https:\/\/blogsaverroes.juntadeandalucia.es\/politecnicoeuropa\/files\/2018\/07\/AnnerisUK10-300x225.jpg\" alt=\"\" width=\"300\" height=\"225\" srcset=\"https:\/\/blogsaverroes.juntadeandalucia.es\/politecnicoeuropa\/files\/2018\/07\/AnnerisUK10-300x225.jpg 300w, https:\/\/blogsaverroes.juntadeandalucia.es\/politecnicoeuropa\/files\/2018\/07\/AnnerisUK10-1024x768.jpg 1024w, https:\/\/blogsaverroes.juntadeandalucia.es\/politecnicoeuropa\/files\/2018\/07\/AnnerisUK10-768x576.jpg 768w, https:\/\/blogsaverroes.juntadeandalucia.es\/politecnicoeuropa\/files\/2018\/07\/AnnerisUK10-1536x1152.jpg 1536w, https:\/\/blogsaverroes.juntadeandalucia.es\/politecnicoeuropa\/files\/2018\/07\/AnnerisUK10-2048x1536.jpg 2048w, https:\/\/blogsaverroes.juntadeandalucia.es\/politecnicoeuropa\/files\/2018\/07\/AnnerisUK10-scaled.jpg 1600w\" sizes=\"(max-width: 300px) 100vw, 300px\" \/><\/a><\/p>\n<!--themify_builder_content-->\n<div id=\"themify_builder_content-533\" data-postid=\"533\" class=\"themify_builder_content themify_builder_content-533 themify_builder tf_clear\">\n    <\/div>\n<!--\/themify_builder_content-->\n","protected":false},"excerpt":{"rendered":"<p>Me llamo Melisa. Soy de M\u00e1laga y he estudiado Administraci\u00f3n y Finanzas en el I.E.S Polit\u00e9cnico Jes\u00fas Mar\u00edn y hace tres meses he estado haciendo las pr\u00e1cticas en la ciudad brit\u00e1nica de Portsmouth durante el curso acad\u00e9mico 2017-2018. De entre las diferentes ciudades que el instituto donde estudio me ofrec\u00eda como destino Erasmus, consider\u00e9 que [&hellip;]<\/p>\n","protected":false},"author":5375,"featured_media":539,"comment_status":"closed","ping_status":"closed","sticky":false,"template":"","format":"standard","meta":{"ngg_post_thumbnail":0,"footnotes":""},"categories":[839105,839094],"tags":[839082,839097],"aioseo_notices":[],"_links":{"self":[{"href":"https:\/\/blogsaverroes.juntadeandalucia.es\/politecnicoeuropa\/wp-json\/wp\/v2\/posts\/533"}],"collection":[{"href":"https:\/\/blogsaverroes.juntadeandalucia.es\/politecnicoeuropa\/wp-json\/wp\/v2\/posts"}],"about":[{"href":"https:\/\/blogsaverroes.juntadeandalucia.es\/politecnicoeuropa\/wp-json\/wp\/v2\/types\/post"}],"author":[{"embeddable":true,"href":"https:\/\/blogsaverroes.juntadeandalucia.es\/politecnicoeuropa\/wp-json\/wp\/v2\/users\/5375"}],"replies":[{"embeddable":true,"href":"https:\/\/blogsaverroes.juntadeandalucia.es\/politecnicoeuropa\/wp-json\/wp\/v2\/comments?post=533"}],"version-history":[{"count":8,"href":"https:\/\/blogsaverroes.juntadeandalucia.es\/politecnicoeuropa\/wp-json\/wp\/v2\/posts\/533\/revisions"}],"predecessor-version":[{"id":553,"href":"https:\/\/blogsaverroes.juntadeandalucia.es\/politecnicoeuropa\/wp-json\/wp\/v2\/posts\/533\/revisions\/553"}],"wp:featuredmedia":[{"embeddable":true,"href":"https:\/\/blogsaverroes.juntadeandalucia.es\/politecnicoeuropa\/wp-json\/wp\/v2\/media\/539"}],"wp:attachment":[{"href":"https:\/\/blogsaverroes.juntadeandalucia.es\/politecnicoeuropa\/wp-json\/wp\/v2\/media?parent=533"}],"wp:term":[{"taxonomy":"category","embeddable":true,"href":"https:\/\/blogsaverroes.juntadeandalucia.es\/politecnicoeuropa\/wp-json\/wp\/v2\/categories?post=533"},{"taxonomy":"post_tag","embeddable":true,"href":"https:\/\/blogsaverroes.juntadeandalucia.es\/politecnicoeuropa\/wp-json\/wp\/v2\/tags?post=533"}],"curies":[{"name":"wp","href":"https:\/\/api.w.org\/{rel}","templated":true}]}}