{"id":793,"date":"2024-11-03T10:57:44","date_gmt":"2024-11-03T10:57:44","guid":{"rendered":"https:\/\/blogsaverroes.juntadeandalucia.es\/politecnicoeuropa\/?p=793"},"modified":"2026-03-30T17:16:27","modified_gmt":"2026-03-30T17:16:27","slug":"jose-en-florencia","status":"publish","type":"post","link":"https:\/\/blogsaverroes.juntadeandalucia.es\/politecnicoeuropa\/2024\/11\/03\/jose-en-florencia\/","title":{"rendered":"Jos\u00e9 en Florencia"},"content":{"rendered":"<p style=\"text-align: justify\">Estoy en Florencia y justamente estoy en la misma empresa que fue M\u00f3nica el curso pasado, Studio Riprese Firenze. Primero hablar\u00e9 un poco de esto, luego de Florencia y por \u00faltimo del tema emocional.<\/p>\n<p><a href=\"https:\/\/blogsaverroes.juntadeandalucia.es\/politecnicoeuropa\/files\/2024\/11\/Fotos-Memoria.jpg\"><img loading=\"lazy\" decoding=\"async\" class=\"size-medium wp-image-799 aligncenter\" src=\"https:\/\/blogsaverroes.juntadeandalucia.es\/politecnicoeuropa\/files\/2024\/11\/Fotos-Memoria-300x225.jpg\" alt=\"\" width=\"300\" height=\"225\" srcset=\"https:\/\/blogsaverroes.juntadeandalucia.es\/politecnicoeuropa\/files\/2024\/11\/Fotos-Memoria-300x225.jpg 300w, https:\/\/blogsaverroes.juntadeandalucia.es\/politecnicoeuropa\/files\/2024\/11\/Fotos-Memoria-1024x768.jpg 1024w, https:\/\/blogsaverroes.juntadeandalucia.es\/politecnicoeuropa\/files\/2024\/11\/Fotos-Memoria-768x576.jpg 768w, https:\/\/blogsaverroes.juntadeandalucia.es\/politecnicoeuropa\/files\/2024\/11\/Fotos-Memoria-1536x1152.jpg 1536w, https:\/\/blogsaverroes.juntadeandalucia.es\/politecnicoeuropa\/files\/2024\/11\/Fotos-Memoria-2048x1536.jpg 2048w, https:\/\/blogsaverroes.juntadeandalucia.es\/politecnicoeuropa\/files\/2024\/11\/Fotos-Memoria.jpg 1600w\" sizes=\"(max-width: 300px) 100vw, 300px\" \/><\/a><\/p>\n<p style=\"text-align: justify\">En primer lugar esta es una empresa orientada mayormente a v\u00eddeo, en el que si te gusta el mundo de la edici\u00f3n y formar parte del elenco siendo c\u00e1mara o cualquier otro puesto de trabajo, esta es tu empresa, ya que se hacen varios tipos de proyectos y siempre hay algo que hacer, por otro lado, son gente con mucha energ\u00eda y la mayor\u00eda de los integrantes de la empresa tienen un buen nivel de ingl\u00e9s por lo que no habr\u00eda problemas por este tema.<\/p>\n<p><a href=\"https:\/\/blogsaverroes.juntadeandalucia.es\/politecnicoeuropa\/files\/2024\/11\/Fotos-Memoria-2.jpg\"><img loading=\"lazy\" decoding=\"async\" class=\"size-medium wp-image-800 aligncenter\" src=\"https:\/\/blogsaverroes.juntadeandalucia.es\/politecnicoeuropa\/files\/2024\/11\/Fotos-Memoria-2-300x225.jpg\" alt=\"\" width=\"300\" height=\"225\" srcset=\"https:\/\/blogsaverroes.juntadeandalucia.es\/politecnicoeuropa\/files\/2024\/11\/Fotos-Memoria-2-300x225.jpg 300w, https:\/\/blogsaverroes.juntadeandalucia.es\/politecnicoeuropa\/files\/2024\/11\/Fotos-Memoria-2-1024x768.jpg 1024w, https:\/\/blogsaverroes.juntadeandalucia.es\/politecnicoeuropa\/files\/2024\/11\/Fotos-Memoria-2-768x576.jpg 768w, https:\/\/blogsaverroes.juntadeandalucia.es\/politecnicoeuropa\/files\/2024\/11\/Fotos-Memoria-2-1536x1152.jpg 1536w, https:\/\/blogsaverroes.juntadeandalucia.es\/politecnicoeuropa\/files\/2024\/11\/Fotos-Memoria-2-2048x1536.jpg 2048w, https:\/\/blogsaverroes.juntadeandalucia.es\/politecnicoeuropa\/files\/2024\/11\/Fotos-Memoria-2.jpg 1600w\" sizes=\"(max-width: 300px) 100vw, 300px\" \/><\/a><\/p>\n<p style=\"text-align: justify\">Hablemos de Florencia. Esta es una ciudad situada al norte de la regi\u00f3n central de Italia y es una ciudad incre\u00edblemente famosa, lo que significa que cualquier d\u00eda que vayas al centro habr\u00e1 much\u00edsimos turistas, ya que Florencia se la considera una de las cunas mundiales del arte y de la arquitectura, as\u00ed como tambi\u00e9n una de las ciudades m\u00e1s hermosas del mundo. (Para lxs despistadxs, en Florencia se encuentra el Duomo y el David de Miguel \u00c1ngel,<br \/>\nentre otras much\u00edsimas cosas).<\/p>\n<p><a href=\"https:\/\/blogsaverroes.juntadeandalucia.es\/politecnicoeuropa\/files\/2024\/11\/Fotos-Memoria-3.jpg\"><img loading=\"lazy\" decoding=\"async\" class=\"size-medium wp-image-801 aligncenter\" src=\"https:\/\/blogsaverroes.juntadeandalucia.es\/politecnicoeuropa\/files\/2024\/11\/Fotos-Memoria-3-169x300.jpg\" alt=\"\" width=\"169\" height=\"300\" srcset=\"https:\/\/blogsaverroes.juntadeandalucia.es\/politecnicoeuropa\/files\/2024\/11\/Fotos-Memoria-3-169x300.jpg 169w, https:\/\/blogsaverroes.juntadeandalucia.es\/politecnicoeuropa\/files\/2024\/11\/Fotos-Memoria-3-576x1024.jpg 576w, https:\/\/blogsaverroes.juntadeandalucia.es\/politecnicoeuropa\/files\/2024\/11\/Fotos-Memoria-3-768x1365.jpg 768w, https:\/\/blogsaverroes.juntadeandalucia.es\/politecnicoeuropa\/files\/2024\/11\/Fotos-Memoria-3-864x1536.jpg 864w, https:\/\/blogsaverroes.juntadeandalucia.es\/politecnicoeuropa\/files\/2024\/11\/Fotos-Memoria-3-1152x2048.jpg 1152w, https:\/\/blogsaverroes.juntadeandalucia.es\/politecnicoeuropa\/files\/2024\/11\/Fotos-Memoria-3.jpg 900w\" sizes=\"(max-width: 169px) 100vw, 169px\" \/><\/a><\/p>\n<p style=\"text-align: justify\">Por \u00faltimo pero no menos importante, deciros que esta experiencia es \u00fanica, vivir\u00e9is momento dif\u00edciles y duros pero tambi\u00e9n otros grandes momentos que no olvidar\u00e9is nunca, conocer\u00e9is personas que pueden marcar un antes y un despu\u00e9s en vuestra vida. Tambi\u00e9n quer\u00eda comentar el tema de las emociones, ya que os puede entrar nostalgia, habr\u00e1 d\u00edas que echar\u00e9is de menos a vuestros amigxs y familiares pero sed conscientes que no est\u00e1is all\u00ed para echar de menos a nadie, es vuestro momento y ten\u00e9is que aprovecharlo y disfrutarlo al m\u00e1ximos porque luego vienen los : \u201dpues deber\u00eda haber hecho tal&#8230;\u201d. \u201c si lo llego a saber&#8230;\u201d Dejaros llevar y tener la mente bien abierta para todo lo que se os puede presentar porque lo mismo un d\u00eda es gris, el siguiente amarillo, y dentro de tres est\u00e1s que ni os cre\u00e9is que est\u00e1 pasando, as\u00ed que como consejo sed fuertes, salid a comeros el mundo dejad huella.<\/p>\n<p><a href=\"https:\/\/blogsaverroes.juntadeandalucia.es\/politecnicoeuropa\/files\/2024\/11\/Fotos-Memoria-4.jpg\"><img loading=\"lazy\" decoding=\"async\" class=\"size-medium wp-image-803 aligncenter\" src=\"https:\/\/blogsaverroes.juntadeandalucia.es\/politecnicoeuropa\/files\/2024\/11\/Fotos-Memoria-4-169x300.jpg\" alt=\"\" width=\"169\" height=\"300\" srcset=\"https:\/\/blogsaverroes.juntadeandalucia.es\/politecnicoeuropa\/files\/2024\/11\/Fotos-Memoria-4-169x300.jpg 169w, https:\/\/blogsaverroes.juntadeandalucia.es\/politecnicoeuropa\/files\/2024\/11\/Fotos-Memoria-4-576x1024.jpg 576w, https:\/\/blogsaverroes.juntadeandalucia.es\/politecnicoeuropa\/files\/2024\/11\/Fotos-Memoria-4-768x1365.jpg 768w, https:\/\/blogsaverroes.juntadeandalucia.es\/politecnicoeuropa\/files\/2024\/11\/Fotos-Memoria-4-864x1536.jpg 864w, https:\/\/blogsaverroes.juntadeandalucia.es\/politecnicoeuropa\/files\/2024\/11\/Fotos-Memoria-4-1152x2048.jpg 1152w, https:\/\/blogsaverroes.juntadeandalucia.es\/politecnicoeuropa\/files\/2024\/11\/Fotos-Memoria-4.jpg 900w\" sizes=\"(max-width: 169px) 100vw, 169px\" \/><\/a><\/p>\n<!--themify_builder_content-->\n<div id=\"themify_builder_content-793\" data-postid=\"793\" class=\"themify_builder_content themify_builder_content-793 themify_builder tf_clear\">\n    <\/div>\n<!--\/themify_builder_content-->\n","protected":false},"excerpt":{"rendered":"<p>Estoy en Florencia y justamente estoy en la misma empresa que fue M\u00f3nica el curso pasado, Studio Riprese Firenze. Primero hablar\u00e9 un poco de esto, luego de Florencia y por \u00faltimo del tema emocional. En primer lugar esta es una empresa orientada mayormente a v\u00eddeo, en el que si te gusta el mundo de la [&hellip;]<\/p>\n","protected":false},"author":5375,"featured_media":799,"comment_status":"closed","ping_status":"closed","sticky":false,"template":"","format":"standard","meta":{"ngg_post_thumbnail":0,"footnotes":""},"categories":[839106,839085],"tags":[839102,839113],"aioseo_notices":[],"_links":{"self":[{"href":"https:\/\/blogsaverroes.juntadeandalucia.es\/politecnicoeuropa\/wp-json\/wp\/v2\/posts\/793"}],"collection":[{"href":"https:\/\/blogsaverroes.juntadeandalucia.es\/politecnicoeuropa\/wp-json\/wp\/v2\/posts"}],"about":[{"href":"https:\/\/blogsaverroes.juntadeandalucia.es\/politecnicoeuropa\/wp-json\/wp\/v2\/types\/post"}],"author":[{"embeddable":true,"href":"https:\/\/blogsaverroes.juntadeandalucia.es\/politecnicoeuropa\/wp-json\/wp\/v2\/users\/5375"}],"replies":[{"embeddable":true,"href":"https:\/\/blogsaverroes.juntadeandalucia.es\/politecnicoeuropa\/wp-json\/wp\/v2\/comments?post=793"}],"version-history":[{"count":9,"href":"https:\/\/blogsaverroes.juntadeandalucia.es\/politecnicoeuropa\/wp-json\/wp\/v2\/posts\/793\/revisions"}],"predecessor-version":[{"id":810,"href":"https:\/\/blogsaverroes.juntadeandalucia.es\/politecnicoeuropa\/wp-json\/wp\/v2\/posts\/793\/revisions\/810"}],"wp:featuredmedia":[{"embeddable":true,"href":"https:\/\/blogsaverroes.juntadeandalucia.es\/politecnicoeuropa\/wp-json\/wp\/v2\/media\/799"}],"wp:attachment":[{"href":"https:\/\/blogsaverroes.juntadeandalucia.es\/politecnicoeuropa\/wp-json\/wp\/v2\/media?parent=793"}],"wp:term":[{"taxonomy":"category","embeddable":true,"href":"https:\/\/blogsaverroes.juntadeandalucia.es\/politecnicoeuropa\/wp-json\/wp\/v2\/categories?post=793"},{"taxonomy":"post_tag","embeddable":true,"href":"https:\/\/blogsaverroes.juntadeandalucia.es\/politecnicoeuropa\/wp-json\/wp\/v2\/tags?post=793"}],"curies":[{"name":"wp","href":"https:\/\/api.w.org\/{rel}","templated":true}]}}