{"id":2356,"date":"2016-03-11T11:08:00","date_gmt":"2016-03-11T10:08:00","guid":{"rendered":"http:\/\/blogsaverroes.juntadeandalucia.es\/poniente\/2016\/03\/11\/poesia-5o\/"},"modified":"2016-03-11T11:08:00","modified_gmt":"2016-03-11T10:08:00","slug":"poesia-5o","status":"publish","type":"post","link":"https:\/\/blogsaverroes.juntadeandalucia.es\/poniente\/2016\/03\/11\/poesia-5o\/","title":{"rendered":"Poes\u00eda 5\u00ba"},"content":{"rendered":"<p>El d\u00eda 10 de Marzo la clase de 5\u00ba nos deleit\u00f3 con una poes\u00eda del poeta David Cherician titulada &#8220;El Mago&#8221;:<\/p>\n<div align=\"center\" style=\"background-color: white;color: #222222;font-family: Arial, Tahoma, Helvetica, FreeSans, sans-serif;font-size: 15.4px;line-height: 21.56px\"><strong><span style=\"color: #006600\">El mago<\/span><\/strong><\/div>\n<div align=\"center\" style=\"background-color: white;color: #222222;font-family: Arial, Tahoma, Helvetica, FreeSans, sans-serif;font-size: 15.4px;line-height: 21.56px\">(<a href=\"http:\/\/www.geocities.com\/cuatrogatosrevista\/2catalogoibbyanexo1.html\" style=\"color: #007f0d;text-decoration: none\">David Cherici\u00e1n<\/a>)<\/p>\n<p><span style=\"color: #006600\">Un mago con mucha magia<br \/>por una puerta sali\u00f3<br \/>y su sombrero volando<br \/>por la puerta regres\u00f3:<br \/>regres\u00f3, cruz\u00f3 las piernas<br \/>y en la mesa se sent\u00f3.<br \/>Del sombrero sale un gato,<br \/>del gato sale un avi\u00f3n,<br \/>del avi\u00f3n sale un pa\u00f1uelo,<br \/>del pa\u00f1uelo sale un sol,<br \/>del sol sale todo un r\u00edo,<br \/>del r\u00edo sale una flor,<br \/>de la flor sale una m\u00fasica<\/span><br \/><span style=\"color: #006600\">y de la m\u00fasica yo.<\/span><\/div>\n<div align=\"center\" style=\"background-color: white;color: #222222;font-family: Arial, Tahoma, Helvetica, FreeSans, sans-serif;font-size: 15.4px;line-height: 21.56px\"><span style=\"color: #006600\"><br \/><\/span><\/div>\n<div align=\"center\" style=\"background-color: white;color: #222222;font-family: Arial, Tahoma, Helvetica, FreeSans, sans-serif;font-size: 15.4px;line-height: 21.56px\"><span style=\"color: #006600\"><br \/><\/span><\/div>\n<div style=\"clear: both;text-align: center\"><iframe loading=\"lazy\" width=\"320\" height=\"266\" src=\"https:\/\/www.youtube.com\/embed\/yOvPLRf1A-o?feature=player_embedded\" frameborder=\"0\"><\/iframe><\/div>\n<div align=\"center\" style=\"background-color: white;color: #222222;font-family: Arial, Tahoma, Helvetica, FreeSans, sans-serif;font-size: 15.4px;line-height: 21.56px\"><span style=\"color: #006600\"><br \/><\/span><\/div>\n","protected":false},"excerpt":{"rendered":"<p>El d\u00eda 10 de Marzo la clase de 5\u00ba nos deleit\u00f3 con una poes\u00eda del poeta David Cherician titulada &#8220;El Mago&#8221;: El mago (David Cherici\u00e1n) Un mago con mucha magiapor una puerta sali\u00f3y su&#46;&#46;&#46;<\/p>\n","protected":false},"author":4712,"featured_media":0,"comment_status":"open","ping_status":"open","sticky":false,"template":"","format":"standard","meta":{"ngg_post_thumbnail":0,"footnotes":""},"categories":[11909],"tags":[],"aioseo_notices":[],"_links":{"self":[{"href":"https:\/\/blogsaverroes.juntadeandalucia.es\/poniente\/wp-json\/wp\/v2\/posts\/2356"}],"collection":[{"href":"https:\/\/blogsaverroes.juntadeandalucia.es\/poniente\/wp-json\/wp\/v2\/posts"}],"about":[{"href":"https:\/\/blogsaverroes.juntadeandalucia.es\/poniente\/wp-json\/wp\/v2\/types\/post"}],"author":[{"embeddable":true,"href":"https:\/\/blogsaverroes.juntadeandalucia.es\/poniente\/wp-json\/wp\/v2\/users\/4712"}],"replies":[{"embeddable":true,"href":"https:\/\/blogsaverroes.juntadeandalucia.es\/poniente\/wp-json\/wp\/v2\/comments?post=2356"}],"version-history":[{"count":0,"href":"https:\/\/blogsaverroes.juntadeandalucia.es\/poniente\/wp-json\/wp\/v2\/posts\/2356\/revisions"}],"wp:attachment":[{"href":"https:\/\/blogsaverroes.juntadeandalucia.es\/poniente\/wp-json\/wp\/v2\/media?parent=2356"}],"wp:term":[{"taxonomy":"category","embeddable":true,"href":"https:\/\/blogsaverroes.juntadeandalucia.es\/poniente\/wp-json\/wp\/v2\/categories?post=2356"},{"taxonomy":"post_tag","embeddable":true,"href":"https:\/\/blogsaverroes.juntadeandalucia.es\/poniente\/wp-json\/wp\/v2\/tags?post=2356"}],"curies":[{"name":"wp","href":"https:\/\/api.w.org\/{rel}","templated":true}]}}