{"id":2359,"date":"2016-03-08T09:35:00","date_gmt":"2016-03-08T08:35:00","guid":{"rendered":"http:\/\/blogsaverroes.juntadeandalucia.es\/poniente\/2016\/03\/08\/poesia-2o\/"},"modified":"2016-03-08T09:35:00","modified_gmt":"2016-03-08T08:35:00","slug":"poesia-2o","status":"publish","type":"post","link":"https:\/\/blogsaverroes.juntadeandalucia.es\/poniente\/2016\/03\/08\/poesia-2o\/","title":{"rendered":"Poes\u00eda 2\u00ba"},"content":{"rendered":"<p>El viernes 4 de Marzo la clase de 2\u00ba nos deleit\u00f3 con una poes\u00eda titulada &#8220;El cocinero distra\u00eddo&#8221; de Gloria Fuentes, a continuaci\u00f3n os dejos con la letra, unas fotos y el video en el que se ve la incre\u00edble interpretaci\u00f3n de nuestro alumnado.<\/p>\n<div style=\"clear: both;text-align: center\"><a href=\"https:\/\/1.bp.blogspot.com\/-XR0PG8xsA2k\/Vt6LyDnrdQI\/AAAAAAAAENc\/dvMwStyZ0fY\/s1600\/cocinero_fernando.jpg\" style=\"margin-left: 1em;margin-right: 1em\"><img loading=\"lazy\" decoding=\"async\" border=\"0\" height=\"357\" src=\"https:\/\/1.bp.blogspot.com\/-XR0PG8xsA2k\/Vt6LyDnrdQI\/AAAAAAAAENc\/dvMwStyZ0fY\/s400\/cocinero_fernando.jpg\" width=\"400\" \/><\/a><\/div>\n<p><\/p>\n<div style=\"clear: both;text-align: center\"><a href=\"https:\/\/1.bp.blogspot.com\/--mUKByNxPRM\/Vt6L06TsMmI\/AAAAAAAAENk\/_T1DIBnYCpg\/s1600\/IMG_1454.jpg\" style=\"clear: left;float: left;margin-bottom: 1em;margin-right: 1em\"><img loading=\"lazy\" decoding=\"async\" border=\"0\" height=\"240\" src=\"https:\/\/1.bp.blogspot.com\/--mUKByNxPRM\/Vt6L06TsMmI\/AAAAAAAAENk\/_T1DIBnYCpg\/s320\/IMG_1454.jpg\" width=\"320\" \/><\/a><\/div>\n<p><a href=\"https:\/\/1.bp.blogspot.com\/-6SfXnnEzG2s\/Vt6L0ifYIoI\/AAAAAAAAENg\/W8xIuknNK5k\/s1600\/IMG_1456.jpg\" style=\"clear: right;float: right;margin-bottom: 1em;margin-left: 1em\"><img loading=\"lazy\" decoding=\"async\" border=\"0\" height=\"240\" src=\"https:\/\/1.bp.blogspot.com\/-6SfXnnEzG2s\/Vt6L0ifYIoI\/AAAAAAAAENg\/W8xIuknNK5k\/s320\/IMG_1456.jpg\" width=\"320\" \/><\/a><\/p>\n<p><\/p>\n<div style=\"clear: both;text-align: center\"><iframe loading=\"lazy\" width=\"320\" height=\"266\" src=\"https:\/\/www.youtube.com\/embed\/GGa3s7KerIk?feature=player_embedded\" frameborder=\"0\"><\/iframe><\/div>\n","protected":false},"excerpt":{"rendered":"<p>El viernes 4 de Marzo la clase de 2\u00ba nos deleit\u00f3 con una poes\u00eda titulada &#8220;El cocinero distra\u00eddo&#8221; de Gloria Fuentes, a continuaci\u00f3n os dejos con la letra, unas fotos y el video en&#46;&#46;&#46;<\/p>\n","protected":false},"author":4712,"featured_media":0,"comment_status":"open","ping_status":"open","sticky":false,"template":"","format":"standard","meta":{"ngg_post_thumbnail":0,"footnotes":""},"categories":[11909],"tags":[],"aioseo_notices":[],"_links":{"self":[{"href":"https:\/\/blogsaverroes.juntadeandalucia.es\/poniente\/wp-json\/wp\/v2\/posts\/2359"}],"collection":[{"href":"https:\/\/blogsaverroes.juntadeandalucia.es\/poniente\/wp-json\/wp\/v2\/posts"}],"about":[{"href":"https:\/\/blogsaverroes.juntadeandalucia.es\/poniente\/wp-json\/wp\/v2\/types\/post"}],"author":[{"embeddable":true,"href":"https:\/\/blogsaverroes.juntadeandalucia.es\/poniente\/wp-json\/wp\/v2\/users\/4712"}],"replies":[{"embeddable":true,"href":"https:\/\/blogsaverroes.juntadeandalucia.es\/poniente\/wp-json\/wp\/v2\/comments?post=2359"}],"version-history":[{"count":0,"href":"https:\/\/blogsaverroes.juntadeandalucia.es\/poniente\/wp-json\/wp\/v2\/posts\/2359\/revisions"}],"wp:attachment":[{"href":"https:\/\/blogsaverroes.juntadeandalucia.es\/poniente\/wp-json\/wp\/v2\/media?parent=2359"}],"wp:term":[{"taxonomy":"category","embeddable":true,"href":"https:\/\/blogsaverroes.juntadeandalucia.es\/poniente\/wp-json\/wp\/v2\/categories?post=2359"},{"taxonomy":"post_tag","embeddable":true,"href":"https:\/\/blogsaverroes.juntadeandalucia.es\/poniente\/wp-json\/wp\/v2\/tags?post=2359"}],"curies":[{"name":"wp","href":"https:\/\/api.w.org\/{rel}","templated":true}]}}