{"id":2518,"date":"2012-10-23T12:11:00","date_gmt":"2012-10-23T11:11:00","guid":{"rendered":"http:\/\/blogsaverroes.juntadeandalucia.es\/poniente\/2012\/10\/23\/dona-pescadilla\/"},"modified":"2012-10-23T12:11:00","modified_gmt":"2012-10-23T11:11:00","slug":"dona-pescadilla","status":"publish","type":"post","link":"https:\/\/blogsaverroes.juntadeandalucia.es\/poniente\/2012\/10\/23\/dona-pescadilla\/","title":{"rendered":"Do\u00f1a Pescadilla"},"content":{"rendered":"<p><span style=\"color: #4c1130;font-size: large\">Hemos inaugurado nuestra temporada de poes\u00eda. Este es el primer ejemplo de las dramatizaciones semanales, realizada por el alumnado de 5\u00ba y 6\u00ba de Primaria.<\/span><\/p>\n<div style=\"clear: both;text-align: center\"><a href=\"http:\/\/3.bp.blogspot.com\/-soa66BsaBHs\/UI-cq4VZNWI\/AAAAAAAAAbU\/D8okAz3R6WE\/s1600\/Imagen+055.jpg\" style=\"clear: left;float: left;margin-bottom: 1em;margin-right: 1em\"><img loading=\"lazy\" decoding=\"async\" border=\"0\" height=\"240\" src=\"http:\/\/3.bp.blogspot.com\/-soa66BsaBHs\/UI-cq4VZNWI\/AAAAAAAAAbU\/D8okAz3R6WE\/s320\/Imagen+055.jpg\" width=\"320\" \/><\/a><\/div>\n<p><\/p>\n<div style=\"clear: both;text-align: center\"><a href=\"http:\/\/3.bp.blogspot.com\/-RkfqRLFEzNQ\/UI-czP94wOI\/AAAAAAAAAbc\/YWH8emNcbyI\/s1600\/Imagen+057.jpg\" style=\"margin-left: 1em;margin-right: 1em\"><img loading=\"lazy\" decoding=\"async\" border=\"0\" height=\"240\" src=\"http:\/\/3.bp.blogspot.com\/-RkfqRLFEzNQ\/UI-czP94wOI\/AAAAAAAAAbc\/YWH8emNcbyI\/s320\/Imagen+057.jpg\" width=\"320\" \/><\/a><\/div>\n<p><\/p>\n<div style=\"clear: both;text-align: center\"><a href=\"http:\/\/2.bp.blogspot.com\/-KRzAFgz8zqo\/UI-c6GeVxNI\/AAAAAAAAAbo\/lbFWqzKe-2Q\/s1600\/Imagen+061.jpg\" style=\"clear: right;float: right;margin-bottom: 1em;margin-left: 1em\"><img loading=\"lazy\" decoding=\"async\" border=\"0\" height=\"240\" src=\"http:\/\/2.bp.blogspot.com\/-KRzAFgz8zqo\/UI-c6GeVxNI\/AAAAAAAAAbo\/lbFWqzKe-2Q\/s320\/Imagen+061.jpg\" width=\"320\" \/><\/a><\/div>\n<p><\/p>\n<div style=\"clear: both;text-align: center\"><a href=\"http:\/\/1.bp.blogspot.com\/-kEAlYe-kD5U\/UI-dHQ7kKDI\/AAAAAAAAAbw\/uhTLzdDrTgM\/s1600\/Imagen+060.jpg\" style=\"clear: left;float: left;margin-bottom: 1em;margin-right: 1em\"><img loading=\"lazy\" decoding=\"async\" border=\"0\" height=\"240\" src=\"http:\/\/1.bp.blogspot.com\/-kEAlYe-kD5U\/UI-dHQ7kKDI\/AAAAAAAAAbw\/uhTLzdDrTgM\/s320\/Imagen+060.jpg\" width=\"320\" \/><\/a><\/div>\n<p><\/p>\n<div style=\"clear: both;text-align: center\"><a href=\"http:\/\/1.bp.blogspot.com\/-nngPT1F7AwM\/UI-dRMHuQ5I\/AAAAAAAAAb8\/gUYSimglpks\/s1600\/Imagen+054.jpg\" style=\"margin-left: 1em;margin-right: 1em\"><img loading=\"lazy\" decoding=\"async\" border=\"0\" height=\"240\" src=\"http:\/\/1.bp.blogspot.com\/-nngPT1F7AwM\/UI-dRMHuQ5I\/AAAAAAAAAb8\/gUYSimglpks\/s320\/Imagen+054.jpg\" width=\"320\" \/><\/a><\/div>\n<p><span style=\"color: #4c1130;font-size: large\">El t\u00edtulo de la poes\u00eda : Do\u00f1a Pescadilla <\/span><br \/><span style=\"color: #4c1130;font-size: large\">Autora: Ana Mar\u00eda Romero Yebra.<\/span><\/p>\n<div style=\"clear: both;text-align: center\"><\/div>\n<p><\/p>\n<div style=\"clear: both;text-align: center\"><\/div>\n<p><\/p>\n","protected":false},"excerpt":{"rendered":"<p>Hemos inaugurado nuestra temporada de poes\u00eda. Este es el primer ejemplo de las dramatizaciones semanales, realizada por el alumnado de 5\u00ba y 6\u00ba de Primaria. El t\u00edtulo de la poes\u00eda : Do\u00f1a Pescadilla Autora:&#46;&#46;&#46;<\/p>\n","protected":false},"author":4712,"featured_media":0,"comment_status":"open","ping_status":"open","sticky":false,"template":"","format":"standard","meta":{"ngg_post_thumbnail":0,"footnotes":""},"categories":[11909],"tags":[],"aioseo_notices":[],"_links":{"self":[{"href":"https:\/\/blogsaverroes.juntadeandalucia.es\/poniente\/wp-json\/wp\/v2\/posts\/2518"}],"collection":[{"href":"https:\/\/blogsaverroes.juntadeandalucia.es\/poniente\/wp-json\/wp\/v2\/posts"}],"about":[{"href":"https:\/\/blogsaverroes.juntadeandalucia.es\/poniente\/wp-json\/wp\/v2\/types\/post"}],"author":[{"embeddable":true,"href":"https:\/\/blogsaverroes.juntadeandalucia.es\/poniente\/wp-json\/wp\/v2\/users\/4712"}],"replies":[{"embeddable":true,"href":"https:\/\/blogsaverroes.juntadeandalucia.es\/poniente\/wp-json\/wp\/v2\/comments?post=2518"}],"version-history":[{"count":0,"href":"https:\/\/blogsaverroes.juntadeandalucia.es\/poniente\/wp-json\/wp\/v2\/posts\/2518\/revisions"}],"wp:attachment":[{"href":"https:\/\/blogsaverroes.juntadeandalucia.es\/poniente\/wp-json\/wp\/v2\/media?parent=2518"}],"wp:term":[{"taxonomy":"category","embeddable":true,"href":"https:\/\/blogsaverroes.juntadeandalucia.es\/poniente\/wp-json\/wp\/v2\/categories?post=2518"},{"taxonomy":"post_tag","embeddable":true,"href":"https:\/\/blogsaverroes.juntadeandalucia.es\/poniente\/wp-json\/wp\/v2\/tags?post=2518"}],"curies":[{"name":"wp","href":"https:\/\/api.w.org\/{rel}","templated":true}]}}