{"id":3238,"date":"2017-11-09T10:17:51","date_gmt":"2017-11-09T09:17:51","guid":{"rendered":"http:\/\/blogsaverroes.juntadeandalucia.es\/poniente\/?p=3238"},"modified":"2017-11-09T10:17:51","modified_gmt":"2017-11-09T09:17:51","slug":"cuento-hansel-y-gretel","status":"publish","type":"post","link":"https:\/\/blogsaverroes.juntadeandalucia.es\/poniente\/2017\/11\/09\/cuento-hansel-y-gretel\/","title":{"rendered":"Cuento Hansel y Gretel"},"content":{"rendered":"<p style=\"text-align: justify\">Con motivo del d\u00eda de Halloween, el A.M.P.A &#8220;Sol de poniente&#8221;, propuso hacer un taller de cuentacuentos, dramatizando el cuento cl\u00e1sico de los hermanos Grimm &#8220;Hansel y Gretel&#8221;.&nbsp;<\/p>\n<p>La biblioteca fue el escenario donde se realiz\u00f3 , decor\u00e1ndola para la ocasi\u00f3n , y&nbsp; por la que fueron pasando el alumnado de infantil a tercero de primaria. Tanto ni\u00f1os como maestros quedamos encantandos, ya que las mam\u00e1s lo hicieron requetebi\u00e9n.<\/p>\n<p>Les damos las gracias a las madres que han participado en el cuento; Nati Velasco, Larissa Grosso, Roc\u00edo Hern\u00e1ndez y Paqui P\u00e9rez.<\/p>\n<p>A continuaci\u00f3n os dejamos con el video-cuento:<\/p>\n[youtube https:\/\/www.youtube.com\/watch?v=Y1GVF4M8J_c&#038;w=560&#038;h=315]\n","protected":false},"excerpt":{"rendered":"<p>Con motivo del d\u00eda de Halloween, el A.M.P.A &#8220;Sol de poniente&#8221;, propuso hacer un taller de cuentacuentos, dramatizando el cuento cl\u00e1sico de los hermanos Grimm &#8220;Hansel y Gretel&#8221;.&nbsp; La biblioteca fue el escenario donde&#46;&#46;&#46;<\/p>\n","protected":false},"author":4712,"featured_media":0,"comment_status":"open","ping_status":"open","sticky":false,"template":"","format":"standard","meta":{"ngg_post_thumbnail":0,"footnotes":""},"categories":[1013211],"tags":[],"aioseo_notices":[],"_links":{"self":[{"href":"https:\/\/blogsaverroes.juntadeandalucia.es\/poniente\/wp-json\/wp\/v2\/posts\/3238"}],"collection":[{"href":"https:\/\/blogsaverroes.juntadeandalucia.es\/poniente\/wp-json\/wp\/v2\/posts"}],"about":[{"href":"https:\/\/blogsaverroes.juntadeandalucia.es\/poniente\/wp-json\/wp\/v2\/types\/post"}],"author":[{"embeddable":true,"href":"https:\/\/blogsaverroes.juntadeandalucia.es\/poniente\/wp-json\/wp\/v2\/users\/4712"}],"replies":[{"embeddable":true,"href":"https:\/\/blogsaverroes.juntadeandalucia.es\/poniente\/wp-json\/wp\/v2\/comments?post=3238"}],"version-history":[{"count":1,"href":"https:\/\/blogsaverroes.juntadeandalucia.es\/poniente\/wp-json\/wp\/v2\/posts\/3238\/revisions"}],"predecessor-version":[{"id":3239,"href":"https:\/\/blogsaverroes.juntadeandalucia.es\/poniente\/wp-json\/wp\/v2\/posts\/3238\/revisions\/3239"}],"wp:attachment":[{"href":"https:\/\/blogsaverroes.juntadeandalucia.es\/poniente\/wp-json\/wp\/v2\/media?parent=3238"}],"wp:term":[{"taxonomy":"category","embeddable":true,"href":"https:\/\/blogsaverroes.juntadeandalucia.es\/poniente\/wp-json\/wp\/v2\/categories?post=3238"},{"taxonomy":"post_tag","embeddable":true,"href":"https:\/\/blogsaverroes.juntadeandalucia.es\/poniente\/wp-json\/wp\/v2\/tags?post=3238"}],"curies":[{"name":"wp","href":"https:\/\/api.w.org\/{rel}","templated":true}]}}