{"id":3869,"date":"2019-11-12T10:40:04","date_gmt":"2019-11-12T09:40:04","guid":{"rendered":"https:\/\/blogsaverroes.juntadeandalucia.es\/poniente\/?p=3869"},"modified":"2019-11-12T10:40:04","modified_gmt":"2019-11-12T09:40:04","slug":"halloween-3","status":"publish","type":"post","link":"https:\/\/blogsaverroes.juntadeandalucia.es\/poniente\/2019\/11\/12\/halloween-3\/","title":{"rendered":"Halloween"},"content":{"rendered":"<p>En este Halloween, como en cursos anteriores,&nbsp; alumnado y profesorado vinieron disfrazados, para el desfile en el que lucimos nuestros estupendos disfraces.<\/p>\n[youtube https:\/\/www.youtube.com\/watch?v=86RfYBNzZ9s&amp;w=560&amp;h=315]\n<p>El AMPA Sol de Poniente realiz\u00f3 dos talleres;<\/p>\n<ul>\n<li>El primero con los m\u00e1s peques, en el cual realizaron la manualidad de un fantasma , y el segundo para los mayores,&nbsp; en el que realizaron un taller de maquillaje.<img loading=\"lazy\" decoding=\"async\" class=\"aligncenter size-full wp-image-3870\" src=\"https:\/\/blogsaverroes.juntadeandalucia.es\/poniente\/files\/2019\/11\/PHOTO-2019-10-31-11-08-36.jpg\" alt=\"\" width=\"1600\" height=\"899\" srcset=\"https:\/\/blogsaverroes.juntadeandalucia.es\/poniente\/files\/2019\/11\/PHOTO-2019-10-31-11-08-36.jpg 1600w, https:\/\/blogsaverroes.juntadeandalucia.es\/poniente\/files\/2019\/11\/PHOTO-2019-10-31-11-08-36-300x169.jpg 300w, https:\/\/blogsaverroes.juntadeandalucia.es\/poniente\/files\/2019\/11\/PHOTO-2019-10-31-11-08-36-768x432.jpg 768w, https:\/\/blogsaverroes.juntadeandalucia.es\/poniente\/files\/2019\/11\/PHOTO-2019-10-31-11-08-36-24x13.jpg 24w, https:\/\/blogsaverroes.juntadeandalucia.es\/poniente\/files\/2019\/11\/PHOTO-2019-10-31-11-08-36-36x20.jpg 36w, https:\/\/blogsaverroes.juntadeandalucia.es\/poniente\/files\/2019\/11\/PHOTO-2019-10-31-11-08-36-48x27.jpg 48w\" sizes=\"(max-width: 1600px) 100vw, 1600px\" \/> <img loading=\"lazy\" decoding=\"async\" class=\"aligncenter size-large wp-image-3871\" src=\"https:\/\/blogsaverroes.juntadeandalucia.es\/poniente\/files\/2019\/11\/PHOTO-2019-10-31-11-08-57.jpg\" alt=\"\" width=\"474\" height=\"267\" srcset=\"https:\/\/blogsaverroes.juntadeandalucia.es\/poniente\/files\/2019\/11\/PHOTO-2019-10-31-11-08-57.jpg 1328w, https:\/\/blogsaverroes.juntadeandalucia.es\/poniente\/files\/2019\/11\/PHOTO-2019-10-31-11-08-57-300x169.jpg 300w, https:\/\/blogsaverroes.juntadeandalucia.es\/poniente\/files\/2019\/11\/PHOTO-2019-10-31-11-08-57-768x432.jpg 768w, https:\/\/blogsaverroes.juntadeandalucia.es\/poniente\/files\/2019\/11\/PHOTO-2019-10-31-11-08-57-24x14.jpg 24w, https:\/\/blogsaverroes.juntadeandalucia.es\/poniente\/files\/2019\/11\/PHOTO-2019-10-31-11-08-57-36x20.jpg 36w, https:\/\/blogsaverroes.juntadeandalucia.es\/poniente\/files\/2019\/11\/PHOTO-2019-10-31-11-08-57-48x27.jpg 48w\" sizes=\"(max-width: 474px) 100vw, 474px\" \/> <img loading=\"lazy\" decoding=\"async\" class=\"aligncenter size-large wp-image-3872\" src=\"https:\/\/blogsaverroes.juntadeandalucia.es\/poniente\/files\/2019\/11\/PHOTO-2019-10-31-11-09-04.jpg\" alt=\"\" width=\"474\" height=\"267\" srcset=\"https:\/\/blogsaverroes.juntadeandalucia.es\/poniente\/files\/2019\/11\/PHOTO-2019-10-31-11-09-04.jpg 1328w, https:\/\/blogsaverroes.juntadeandalucia.es\/poniente\/files\/2019\/11\/PHOTO-2019-10-31-11-09-04-300x169.jpg 300w, https:\/\/blogsaverroes.juntadeandalucia.es\/poniente\/files\/2019\/11\/PHOTO-2019-10-31-11-09-04-768x432.jpg 768w, https:\/\/blogsaverroes.juntadeandalucia.es\/poniente\/files\/2019\/11\/PHOTO-2019-10-31-11-09-04-24x14.jpg 24w, https:\/\/blogsaverroes.juntadeandalucia.es\/poniente\/files\/2019\/11\/PHOTO-2019-10-31-11-09-04-36x20.jpg 36w, https:\/\/blogsaverroes.juntadeandalucia.es\/poniente\/files\/2019\/11\/PHOTO-2019-10-31-11-09-04-48x27.jpg 48w\" sizes=\"(max-width: 474px) 100vw, 474px\" \/><\/li>\n<\/ul>\n<p>Por \u00faltimo el alumnado que quiso, visit\u00f3 el espectacular &#8220;Pasaje del terror&#8221; que realizaron las maestras de nuestro cole. Los m\u00e1s peque\u00f1os en versi\u00f3n muestra-museo r y las mayores, en su versi\u00f3n completa.&nbsp;<\/p>\n[youtube https:\/\/www.youtube.com\/watch?v=JObZThF33YQ&amp;w=560&amp;h=315]\n","protected":false},"excerpt":{"rendered":"<p>En este Halloween, como en cursos anteriores,&nbsp; alumnado y profesorado vinieron disfrazados, para el desfile en el que lucimos nuestros estupendos disfraces. [youtube https:\/\/www.youtube.com\/watch?v=86RfYBNzZ9s&amp;w=560&amp;h=315] El AMPA Sol de Poniente realiz\u00f3 dos talleres; El primero&#46;&#46;&#46;<\/p>\n","protected":false},"author":4712,"featured_media":0,"comment_status":"open","ping_status":"open","sticky":false,"template":"","format":"standard","meta":{"ngg_post_thumbnail":0,"footnotes":""},"categories":[1013211],"tags":[],"aioseo_notices":[],"_links":{"self":[{"href":"https:\/\/blogsaverroes.juntadeandalucia.es\/poniente\/wp-json\/wp\/v2\/posts\/3869"}],"collection":[{"href":"https:\/\/blogsaverroes.juntadeandalucia.es\/poniente\/wp-json\/wp\/v2\/posts"}],"about":[{"href":"https:\/\/blogsaverroes.juntadeandalucia.es\/poniente\/wp-json\/wp\/v2\/types\/post"}],"author":[{"embeddable":true,"href":"https:\/\/blogsaverroes.juntadeandalucia.es\/poniente\/wp-json\/wp\/v2\/users\/4712"}],"replies":[{"embeddable":true,"href":"https:\/\/blogsaverroes.juntadeandalucia.es\/poniente\/wp-json\/wp\/v2\/comments?post=3869"}],"version-history":[{"count":3,"href":"https:\/\/blogsaverroes.juntadeandalucia.es\/poniente\/wp-json\/wp\/v2\/posts\/3869\/revisions"}],"predecessor-version":[{"id":3875,"href":"https:\/\/blogsaverroes.juntadeandalucia.es\/poniente\/wp-json\/wp\/v2\/posts\/3869\/revisions\/3875"}],"wp:attachment":[{"href":"https:\/\/blogsaverroes.juntadeandalucia.es\/poniente\/wp-json\/wp\/v2\/media?parent=3869"}],"wp:term":[{"taxonomy":"category","embeddable":true,"href":"https:\/\/blogsaverroes.juntadeandalucia.es\/poniente\/wp-json\/wp\/v2\/categories?post=3869"},{"taxonomy":"post_tag","embeddable":true,"href":"https:\/\/blogsaverroes.juntadeandalucia.es\/poniente\/wp-json\/wp\/v2\/tags?post=3869"}],"curies":[{"name":"wp","href":"https:\/\/api.w.org\/{rel}","templated":true}]}}