{"id":5692,"date":"2023-02-24T22:09:51","date_gmt":"2023-02-24T21:09:51","guid":{"rendered":"https:\/\/blogsaverroes.juntadeandalucia.es\/poniente\/?p=5692"},"modified":"2023-03-02T22:12:13","modified_gmt":"2023-03-02T21:12:13","slug":"esto-es-carnaval","status":"publish","type":"post","link":"https:\/\/blogsaverroes.juntadeandalucia.es\/poniente\/2023\/02\/24\/esto-es-carnaval\/","title":{"rendered":"\u00a1Esto es&#8230;.CARNAVAL!"},"content":{"rendered":"<p style=\"text-align: justify\">El carnaval lleg\u00f3, y en el CEIP Poniente los celebramos el jueves 23 de febrero, con la tem\u00e1tica<!--more--> de cuentos tradicionales, <!--more-->ataviados de divertidos y originales disfraces, y hasta con una representaci\u00f3n conjunta de unas comparsas con letras adaptadas a nuestro centro. Una imagen vale m\u00e1s que mil palabras, as\u00ed que compartimos desde aqu\u00ed las variadas indumentarias que pudimos disfrutar en vivo y en directo.<\/p>\n<p><img loading=\"lazy\" decoding=\"async\" class=\"aligncenter wp-image-5707 size-full\" src=\"https:\/\/blogsaverroes.juntadeandalucia.es\/poniente\/files\/2023\/02\/WhatsApp-Image-2023-02-23-at-09.57.23.jpeg\" alt=\"\" width=\"720\" height=\"1600\" srcset=\"https:\/\/blogsaverroes.juntadeandalucia.es\/poniente\/files\/2023\/02\/WhatsApp-Image-2023-02-23-at-09.57.23.jpeg 720w, https:\/\/blogsaverroes.juntadeandalucia.es\/poniente\/files\/2023\/02\/WhatsApp-Image-2023-02-23-at-09.57.23-45x100.jpeg 45w, https:\/\/blogsaverroes.juntadeandalucia.es\/poniente\/files\/2023\/02\/WhatsApp-Image-2023-02-23-at-09.57.23-122x270.jpeg 122w, https:\/\/blogsaverroes.juntadeandalucia.es\/poniente\/files\/2023\/02\/WhatsApp-Image-2023-02-23-at-09.57.23-18x40.jpeg 18w, https:\/\/blogsaverroes.juntadeandalucia.es\/poniente\/files\/2023\/02\/WhatsApp-Image-2023-02-23-at-09.57.23-691x1536.jpeg 691w\" sizes=\"(max-width: 720px) 100vw, 720px\" \/><\/p>\n<p><img loading=\"lazy\" decoding=\"async\" class=\"aligncenter wp-image-5700 size-full\" src=\"https:\/\/blogsaverroes.juntadeandalucia.es\/poniente\/files\/2023\/02\/Folleto-tr\u00edptico-CARNAVAL-CEIP-Poniente-2023-Los-Cuentistas-11.jpg\" alt=\"\" width=\"1600\" height=\"1131\" srcset=\"https:\/\/blogsaverroes.juntadeandalucia.es\/poniente\/files\/2023\/02\/Folleto-tr\u00edptico-CARNAVAL-CEIP-Poniente-2023-Los-Cuentistas-11.jpg 1600w, https:\/\/blogsaverroes.juntadeandalucia.es\/poniente\/files\/2023\/02\/Folleto-tr\u00edptico-CARNAVAL-CEIP-Poniente-2023-Los-Cuentistas-11-100x71.jpg 100w, https:\/\/blogsaverroes.juntadeandalucia.es\/poniente\/files\/2023\/02\/Folleto-tr\u00edptico-CARNAVAL-CEIP-Poniente-2023-Los-Cuentistas-11-382x270.jpg 382w, https:\/\/blogsaverroes.juntadeandalucia.es\/poniente\/files\/2023\/02\/Folleto-tr\u00edptico-CARNAVAL-CEIP-Poniente-2023-Los-Cuentistas-11-40x28.jpg 40w, https:\/\/blogsaverroes.juntadeandalucia.es\/poniente\/files\/2023\/02\/Folleto-tr\u00edptico-CARNAVAL-CEIP-Poniente-2023-Los-Cuentistas-11-768x543.jpg 768w, https:\/\/blogsaverroes.juntadeandalucia.es\/poniente\/files\/2023\/02\/Folleto-tr\u00edptico-CARNAVAL-CEIP-Poniente-2023-Los-Cuentistas-11-1536x1086.jpg 1536w\" sizes=\"(max-width: 1600px) 100vw, 1600px\" \/><\/p>\n<p><img loading=\"lazy\" decoding=\"async\" class=\"aligncenter wp-image-5701 size-full\" src=\"https:\/\/blogsaverroes.juntadeandalucia.es\/poniente\/files\/2023\/02\/Folleto-tr\u00edptico-CARNAVAL-CEIP-Poniente-2023-Los-Cuentistas-21.jpg\" alt=\"\" width=\"1600\" height=\"1131\" srcset=\"https:\/\/blogsaverroes.juntadeandalucia.es\/poniente\/files\/2023\/02\/Folleto-tr\u00edptico-CARNAVAL-CEIP-Poniente-2023-Los-Cuentistas-21.jpg 1600w, https:\/\/blogsaverroes.juntadeandalucia.es\/poniente\/files\/2023\/02\/Folleto-tr\u00edptico-CARNAVAL-CEIP-Poniente-2023-Los-Cuentistas-21-100x71.jpg 100w, https:\/\/blogsaverroes.juntadeandalucia.es\/poniente\/files\/2023\/02\/Folleto-tr\u00edptico-CARNAVAL-CEIP-Poniente-2023-Los-Cuentistas-21-382x270.jpg 382w, https:\/\/blogsaverroes.juntadeandalucia.es\/poniente\/files\/2023\/02\/Folleto-tr\u00edptico-CARNAVAL-CEIP-Poniente-2023-Los-Cuentistas-21-40x28.jpg 40w, https:\/\/blogsaverroes.juntadeandalucia.es\/poniente\/files\/2023\/02\/Folleto-tr\u00edptico-CARNAVAL-CEIP-Poniente-2023-Los-Cuentistas-21-768x543.jpg 768w, https:\/\/blogsaverroes.juntadeandalucia.es\/poniente\/files\/2023\/02\/Folleto-tr\u00edptico-CARNAVAL-CEIP-Poniente-2023-Los-Cuentistas-21-1536x1086.jpg 1536w\" sizes=\"(max-width: 1600px) 100vw, 1600px\" \/><\/p>\n<p><img loading=\"lazy\" decoding=\"async\" class=\"aligncenter wp-image-5703 size-full\" src=\"https:\/\/blogsaverroes.juntadeandalucia.es\/poniente\/files\/2023\/02\/WhatsApp-Image-2023-02-23-at-12.19.26.jpeg\" alt=\"\" width=\"1200\" height=\"1600\" srcset=\"https:\/\/blogsaverroes.juntadeandalucia.es\/poniente\/files\/2023\/02\/WhatsApp-Image-2023-02-23-at-12.19.26.jpeg 1200w, https:\/\/blogsaverroes.juntadeandalucia.es\/poniente\/files\/2023\/02\/WhatsApp-Image-2023-02-23-at-12.19.26-75x100.jpeg 75w, https:\/\/blogsaverroes.juntadeandalucia.es\/poniente\/files\/2023\/02\/WhatsApp-Image-2023-02-23-at-12.19.26-203x270.jpeg 203w, https:\/\/blogsaverroes.juntadeandalucia.es\/poniente\/files\/2023\/02\/WhatsApp-Image-2023-02-23-at-12.19.26-30x40.jpeg 30w, https:\/\/blogsaverroes.juntadeandalucia.es\/poniente\/files\/2023\/02\/WhatsApp-Image-2023-02-23-at-12.19.26-768x1024.jpeg 768w, https:\/\/blogsaverroes.juntadeandalucia.es\/poniente\/files\/2023\/02\/WhatsApp-Image-2023-02-23-at-12.19.26-1152x1536.jpeg 1152w\" sizes=\"(max-width: 1200px) 100vw, 1200px\" \/><\/p>\n<p>&nbsp;<\/p>\nngg_shortcode_0_placeholder\n<p><strong>ENLACE A <span style=\"font-size: 36pt\">V\u00cdDEOS<span style=\"font-size: 12pt\"> (pr\u00f3ximamente)<\/span><br \/>\n<\/span><\/strong><\/p>\n","protected":false},"excerpt":{"rendered":"<p>El carnaval lleg\u00f3, y en el CEIP Poniente los celebramos el jueves 23 de febrero, con la tem\u00e1tica<\/p>\n","protected":false},"author":4712,"featured_media":5790,"comment_status":"open","ping_status":"open","sticky":false,"template":"","format":"standard","meta":{"ngg_post_thumbnail":0,"footnotes":""},"categories":[288,1561177,526],"tags":[],"aioseo_notices":[],"_links":{"self":[{"href":"https:\/\/blogsaverroes.juntadeandalucia.es\/poniente\/wp-json\/wp\/v2\/posts\/5692"}],"collection":[{"href":"https:\/\/blogsaverroes.juntadeandalucia.es\/poniente\/wp-json\/wp\/v2\/posts"}],"about":[{"href":"https:\/\/blogsaverroes.juntadeandalucia.es\/poniente\/wp-json\/wp\/v2\/types\/post"}],"author":[{"embeddable":true,"href":"https:\/\/blogsaverroes.juntadeandalucia.es\/poniente\/wp-json\/wp\/v2\/users\/4712"}],"replies":[{"embeddable":true,"href":"https:\/\/blogsaverroes.juntadeandalucia.es\/poniente\/wp-json\/wp\/v2\/comments?post=5692"}],"version-history":[{"count":18,"href":"https:\/\/blogsaverroes.juntadeandalucia.es\/poniente\/wp-json\/wp\/v2\/posts\/5692\/revisions"}],"predecessor-version":[{"id":5802,"href":"https:\/\/blogsaverroes.juntadeandalucia.es\/poniente\/wp-json\/wp\/v2\/posts\/5692\/revisions\/5802"}],"wp:featuredmedia":[{"embeddable":true,"href":"https:\/\/blogsaverroes.juntadeandalucia.es\/poniente\/wp-json\/wp\/v2\/media\/5790"}],"wp:attachment":[{"href":"https:\/\/blogsaverroes.juntadeandalucia.es\/poniente\/wp-json\/wp\/v2\/media?parent=5692"}],"wp:term":[{"taxonomy":"category","embeddable":true,"href":"https:\/\/blogsaverroes.juntadeandalucia.es\/poniente\/wp-json\/wp\/v2\/categories?post=5692"},{"taxonomy":"post_tag","embeddable":true,"href":"https:\/\/blogsaverroes.juntadeandalucia.es\/poniente\/wp-json\/wp\/v2\/tags?post=5692"}],"curies":[{"name":"wp","href":"https:\/\/api.w.org\/{rel}","templated":true}]}}