{"id":311,"date":"2025-03-14T09:07:42","date_gmt":"2025-03-14T09:07:42","guid":{"rendered":"https:\/\/blogsaverroes.juntadeandalucia.es\/posidoniaigualdad\/?p=311"},"modified":"2025-03-14T09:07:42","modified_gmt":"2025-03-14T09:07:42","slug":"ii-ciclo-de-charlas-de-mujeres-almerienses-2025","status":"publish","type":"post","link":"https:\/\/blogsaverroes.juntadeandalucia.es\/posidoniaigualdad\/2025\/03\/14\/ii-ciclo-de-charlas-de-mujeres-almerienses-2025\/","title":{"rendered":"II CICLO DE CHARLAS DE MUJERES ALMERIENSES 2025"},"content":{"rendered":"<p>Un a\u00f1o m\u00e1s, con mucha ilusi\u00f3n y emoci\u00f3n, arrancamos nuestro Ciclo de Charlas de Mujeres Almerienses, que tiene como objetivo, dar visibilidad y relevancia a mujeres emprendedoras y empoderadas de nuestra provincia. Comprender\u00e1 toda la segunda quincena de marzo, comenzando este pr\u00f3ximo lunes 17, hasta el 31 de marzo. Por nuestro centro, nos visitar\u00e1n mujeres con profesiones muy de diversa \u00edndole.<\/p>\n<p>Nuestra primera mujer empoderada, que nos visitar\u00e1 este pr\u00f3ximo lunes se llama Tamara S\u00e1nchez.<\/p>\n<p>Tamara es Licenciada en Psicolog\u00eda, con especialidad en Neuropsicolog\u00eda. Desde muy joven, Tamara encontr\u00f3 su vocaci\u00f3n en el cuidado de personas mayores con patolog\u00edas neurodegenerativas, lo que la llev\u00f3 a especializarse en neuropsicolog\u00eda. Es Experta en Demencias y en Formaci\u00f3n en Atenci\u00f3n Centrada en la persona y en Montessori para Mayores. Fund\u00f3 el Centro de D\u00eda especializado en Demencias y en Da\u00f1o Cerebral y la Cl\u00ednica Neurol\u00f3gica Neuromar en Roquetas De Mar. En la actualidad dirige ambos centros y forma parte de la junta directiva de CECUA, patronal andaluza que trabaja por mejorar el sistema de dependencia&nbsp;andaluz.<\/p>\n<p>\u00a1Estamos seguros de que los ni\u00f1os y ni\u00f1as disfrutar\u00e1n much\u00edsimo de su presencia y ense\u00f1anzas!<\/p>\n<p><img fetchpriority=\"high\" decoding=\"async\" class=\"wp-image-312 aligncenter\" src=\"https:\/\/blogsaverroes.juntadeandalucia.es\/posidoniaigualdad\/files\/2025\/03\/25-ciclo-de-charlas-de-mujeres-almerienses-PORTADA-212x300.jpg\" alt=\"\" width=\"646\" height=\"914\" srcset=\"https:\/\/blogsaverroes.juntadeandalucia.es\/posidoniaigualdad\/files\/2025\/03\/25-ciclo-de-charlas-de-mujeres-almerienses-PORTADA-212x300.jpg 212w, https:\/\/blogsaverroes.juntadeandalucia.es\/posidoniaigualdad\/files\/2025\/03\/25-ciclo-de-charlas-de-mujeres-almerienses-PORTADA-724x1024.jpg 724w, https:\/\/blogsaverroes.juntadeandalucia.es\/posidoniaigualdad\/files\/2025\/03\/25-ciclo-de-charlas-de-mujeres-almerienses-PORTADA-768x1086.jpg 768w, https:\/\/blogsaverroes.juntadeandalucia.es\/posidoniaigualdad\/files\/2025\/03\/25-ciclo-de-charlas-de-mujeres-almerienses-PORTADA-1086x1536.jpg 1086w, https:\/\/blogsaverroes.juntadeandalucia.es\/posidoniaigualdad\/files\/2025\/03\/25-ciclo-de-charlas-de-mujeres-almerienses-PORTADA-1448x2048.jpg 1448w, https:\/\/blogsaverroes.juntadeandalucia.es\/posidoniaigualdad\/files\/2025\/03\/25-ciclo-de-charlas-de-mujeres-almerienses-PORTADA.jpg 1587w\" sizes=\"(max-width: 646px) 100vw, 646px\" \/><\/p>\n<p>&nbsp;<\/p>\n<p><img decoding=\"async\" class=\" wp-image-314 aligncenter\" src=\"https:\/\/blogsaverroes.juntadeandalucia.es\/posidoniaigualdad\/files\/2025\/03\/TAMARA-2025-212x300.jpg\" alt=\"\" width=\"655\" height=\"927\" srcset=\"https:\/\/blogsaverroes.juntadeandalucia.es\/posidoniaigualdad\/files\/2025\/03\/TAMARA-2025-212x300.jpg 212w, https:\/\/blogsaverroes.juntadeandalucia.es\/posidoniaigualdad\/files\/2025\/03\/TAMARA-2025-724x1024.jpg 724w, https:\/\/blogsaverroes.juntadeandalucia.es\/posidoniaigualdad\/files\/2025\/03\/TAMARA-2025-768x1086.jpg 768w, https:\/\/blogsaverroes.juntadeandalucia.es\/posidoniaigualdad\/files\/2025\/03\/TAMARA-2025-1086x1536.jpg 1086w, https:\/\/blogsaverroes.juntadeandalucia.es\/posidoniaigualdad\/files\/2025\/03\/TAMARA-2025-1448x2048.jpg 1448w, https:\/\/blogsaverroes.juntadeandalucia.es\/posidoniaigualdad\/files\/2025\/03\/TAMARA-2025.jpg 1587w\" sizes=\"(max-width: 655px) 100vw, 655px\" \/>&nbsp;<\/p>\n","protected":false},"excerpt":{"rendered":"<p>Un a\u00f1o m\u00e1s, con mucha ilusi\u00f3n y emoci\u00f3n, arrancamos nuestro Ciclo de Charlas de Mujeres Almerienses, que tiene como objetivo, dar visibilidad y relevancia a mujeres emprendedoras y empoderadas de nuestra provincia. Comprender\u00e1 toda&#46;&#46;&#46;<\/p>\n","protected":false},"author":18546,"featured_media":312,"comment_status":"open","ping_status":"open","sticky":false,"template":"","format":"standard","meta":{"ngg_post_thumbnail":0,"footnotes":""},"categories":[1],"tags":[],"aioseo_notices":[],"_links":{"self":[{"href":"https:\/\/blogsaverroes.juntadeandalucia.es\/posidoniaigualdad\/wp-json\/wp\/v2\/posts\/311"}],"collection":[{"href":"https:\/\/blogsaverroes.juntadeandalucia.es\/posidoniaigualdad\/wp-json\/wp\/v2\/posts"}],"about":[{"href":"https:\/\/blogsaverroes.juntadeandalucia.es\/posidoniaigualdad\/wp-json\/wp\/v2\/types\/post"}],"author":[{"embeddable":true,"href":"https:\/\/blogsaverroes.juntadeandalucia.es\/posidoniaigualdad\/wp-json\/wp\/v2\/users\/18546"}],"replies":[{"embeddable":true,"href":"https:\/\/blogsaverroes.juntadeandalucia.es\/posidoniaigualdad\/wp-json\/wp\/v2\/comments?post=311"}],"version-history":[{"count":3,"href":"https:\/\/blogsaverroes.juntadeandalucia.es\/posidoniaigualdad\/wp-json\/wp\/v2\/posts\/311\/revisions"}],"predecessor-version":[{"id":317,"href":"https:\/\/blogsaverroes.juntadeandalucia.es\/posidoniaigualdad\/wp-json\/wp\/v2\/posts\/311\/revisions\/317"}],"wp:featuredmedia":[{"embeddable":true,"href":"https:\/\/blogsaverroes.juntadeandalucia.es\/posidoniaigualdad\/wp-json\/wp\/v2\/media\/312"}],"wp:attachment":[{"href":"https:\/\/blogsaverroes.juntadeandalucia.es\/posidoniaigualdad\/wp-json\/wp\/v2\/media?parent=311"}],"wp:term":[{"taxonomy":"category","embeddable":true,"href":"https:\/\/blogsaverroes.juntadeandalucia.es\/posidoniaigualdad\/wp-json\/wp\/v2\/categories?post=311"},{"taxonomy":"post_tag","embeddable":true,"href":"https:\/\/blogsaverroes.juntadeandalucia.es\/posidoniaigualdad\/wp-json\/wp\/v2\/tags?post=311"}],"curies":[{"name":"wp","href":"https:\/\/api.w.org\/{rel}","templated":true}]}}