{"id":340,"date":"2025-03-27T08:00:00","date_gmt":"2025-03-27T08:00:00","guid":{"rendered":"https:\/\/blogsaverroes.juntadeandalucia.es\/posidoniaigualdad\/?p=340"},"modified":"2025-03-20T09:34:34","modified_gmt":"2025-03-20T09:34:34","slug":"ii-ciclo-de-charlas-de-mujeres-almerienses-2025-5","status":"publish","type":"post","link":"https:\/\/blogsaverroes.juntadeandalucia.es\/posidoniaigualdad\/2025\/03\/27\/ii-ciclo-de-charlas-de-mujeres-almerienses-2025-5\/","title":{"rendered":"II CICLO DE CHARLAS DE MUJERES ALMERIENSES 2025"},"content":{"rendered":"<p>Ma\u00f1ana viernes 28 de marzo nos acompa\u00f1ar\u00e1 nuestra compa\u00f1era Mar\u00eda Del Mar Bautista.En el a\u00f1o 2.001 Mar\u00eda Del Mar ingresa en el Cuerpo de Maestros y en septiembre de 2.015 se incorpora al que es su \u00faltimo destino: maestra en el Aula Hospitalaria del Hospital Torrec\u00e1rdenas de Almer\u00eda.<\/p>\n<p class=\"western\">Convencida de que la ense\u00f1anza es algo m\u00e1s que la mera transmisi\u00f3n de conceptos, aboga por una Educaci\u00f3n en la que han de converger aspectos fundamentales de la persona como son: la educaci\u00f3n de las emociones, el desarrollo de valores y el fomento de la comunicaci\u00f3n con los m\u00e1s peque\u00f1os.<\/p>\n<p><img fetchpriority=\"high\" decoding=\"async\" class=\" wp-image-341 aligncenter\" src=\"https:\/\/blogsaverroes.juntadeandalucia.es\/posidoniaigualdad\/files\/2025\/03\/10-212x300.jpg\" alt=\"\" width=\"753\" height=\"1065\" srcset=\"https:\/\/blogsaverroes.juntadeandalucia.es\/posidoniaigualdad\/files\/2025\/03\/10-212x300.jpg 212w, https:\/\/blogsaverroes.juntadeandalucia.es\/posidoniaigualdad\/files\/2025\/03\/10-724x1024.jpg 724w, https:\/\/blogsaverroes.juntadeandalucia.es\/posidoniaigualdad\/files\/2025\/03\/10-768x1086.jpg 768w, https:\/\/blogsaverroes.juntadeandalucia.es\/posidoniaigualdad\/files\/2025\/03\/10-1086x1536.jpg 1086w, https:\/\/blogsaverroes.juntadeandalucia.es\/posidoniaigualdad\/files\/2025\/03\/10-1448x2048.jpg 1448w, https:\/\/blogsaverroes.juntadeandalucia.es\/posidoniaigualdad\/files\/2025\/03\/10.jpg 1587w\" sizes=\"(max-width: 753px) 100vw, 753px\" \/><\/p>\n","protected":false},"excerpt":{"rendered":"<p>Ma\u00f1ana viernes 28 de marzo nos acompa\u00f1ar\u00e1 nuestra compa\u00f1era Mar\u00eda Del Mar Bautista.En el a\u00f1o 2.001 Mar\u00eda Del Mar ingresa en el Cuerpo de Maestros y en septiembre de 2.015 se incorpora al que&#46;&#46;&#46;<\/p>\n","protected":false},"author":18546,"featured_media":312,"comment_status":"open","ping_status":"open","sticky":false,"template":"","format":"standard","meta":{"ngg_post_thumbnail":0,"footnotes":""},"categories":[1],"tags":[],"aioseo_notices":[],"_links":{"self":[{"href":"https:\/\/blogsaverroes.juntadeandalucia.es\/posidoniaigualdad\/wp-json\/wp\/v2\/posts\/340"}],"collection":[{"href":"https:\/\/blogsaverroes.juntadeandalucia.es\/posidoniaigualdad\/wp-json\/wp\/v2\/posts"}],"about":[{"href":"https:\/\/blogsaverroes.juntadeandalucia.es\/posidoniaigualdad\/wp-json\/wp\/v2\/types\/post"}],"author":[{"embeddable":true,"href":"https:\/\/blogsaverroes.juntadeandalucia.es\/posidoniaigualdad\/wp-json\/wp\/v2\/users\/18546"}],"replies":[{"embeddable":true,"href":"https:\/\/blogsaverroes.juntadeandalucia.es\/posidoniaigualdad\/wp-json\/wp\/v2\/comments?post=340"}],"version-history":[{"count":2,"href":"https:\/\/blogsaverroes.juntadeandalucia.es\/posidoniaigualdad\/wp-json\/wp\/v2\/posts\/340\/revisions"}],"predecessor-version":[{"id":343,"href":"https:\/\/blogsaverroes.juntadeandalucia.es\/posidoniaigualdad\/wp-json\/wp\/v2\/posts\/340\/revisions\/343"}],"wp:featuredmedia":[{"embeddable":true,"href":"https:\/\/blogsaverroes.juntadeandalucia.es\/posidoniaigualdad\/wp-json\/wp\/v2\/media\/312"}],"wp:attachment":[{"href":"https:\/\/blogsaverroes.juntadeandalucia.es\/posidoniaigualdad\/wp-json\/wp\/v2\/media?parent=340"}],"wp:term":[{"taxonomy":"category","embeddable":true,"href":"https:\/\/blogsaverroes.juntadeandalucia.es\/posidoniaigualdad\/wp-json\/wp\/v2\/categories?post=340"},{"taxonomy":"post_tag","embeddable":true,"href":"https:\/\/blogsaverroes.juntadeandalucia.es\/posidoniaigualdad\/wp-json\/wp\/v2\/tags?post=340"}],"curies":[{"name":"wp","href":"https:\/\/api.w.org\/{rel}","templated":true}]}}