{"id":808,"date":"2021-03-12T09:00:57","date_gmt":"2021-03-12T08:00:57","guid":{"rendered":"https:\/\/blogsaverroes.juntadeandalucia.es\/posidoniainfantil3\/?p=808"},"modified":"2021-03-06T17:04:39","modified_gmt":"2021-03-06T16:04:39","slug":"cuento-voy-a-comedte","status":"publish","type":"post","link":"https:\/\/blogsaverroes.juntadeandalucia.es\/posidoniainfantil3\/2021\/03\/12\/cuento-voy-a-comedte\/","title":{"rendered":"CUENTO: \u00a1VOY A COMEDTE!"},"content":{"rendered":"<p>Despediremos la semana con el cuento <span style=\"color: #ff9900;font-size: 18pt\">\u00abVoy a comedte\u00bb<\/span>.<\/p>\n<p>Una historia muy divertida en la que un lobo malo, hambriento y que habla de una forma rar\u00edsima espera en el bosque a que aparezca un delicioso bocado. Con tan mala suerte que se topa con un par de conejitos listos que le quitar\u00e1n un pelo que tiene en la lengua y, sobre todo\u2026 \u00a1las ganas de comer carne!<\/p>\n<p>El primer conejo descubre que el lobo habla raro porque tiene un pelo en la lengua. Le promete extra\u00e9rselo y, con esa artima\u00f1a, escapa. Otro conejo lo enga\u00f1a \u00abense\u00f1\u00e1ndole\u00bb a cazar bien. El lobo finalmente se equivoca, ataca a un oso y en su hu\u00edda se da un trastazo y pierde los dientes. \u00a1Y se hace vegetariano!<\/p>\n<p>Se trata de un libro original, divertido, con un toque tierno, que nos despertar\u00e1 simpat\u00eda por el malo mal\u00edsimo de los cuentos.<\/p>\n<p>A veces, los malos no son tan malos, ni los buenos tan buenos como aparentan.<\/p>\n<p><iframe title=\"Voy a comedte - Cuentos infantiles\" width=\"500\" height=\"281\" src=\"https:\/\/www.youtube.com\/embed\/zwpx6wdzDkw?feature=oembed&#038;wmode=opaque\" frameborder=\"0\" allow=\"accelerometer; autoplay; clipboard-write; encrypted-media; gyroscope; picture-in-picture\" allowfullscreen><\/iframe><\/p>\n<hr>\n<p>Aqu\u00ed os dejamos algunas ideas de actividades para trabajar el cuento:<br \/>\n<b><u>Antes del cuento:&nbsp;<\/u><\/b><\/p>\n<ul>\n<li>Hablar de la portada para ver que les sugiere.<\/li>\n<\/ul>\n<ul>\n<li>Hacer hip\u00f3tesis sobre el cuento.<\/li>\n<\/ul>\n<p><b><u>Durante el cuento:<\/u><\/b><\/p>\n<ul>\n<li>Hacer hip\u00f3tesis de lo que va a pasar a medida que se explica el cuento.&nbsp;<\/li>\n<\/ul>\n<ul>\n<li>Preguntar a los ni\u00f1os\/as porqu\u00e9 los animales (el conejo blanco y el rojo) quieren enga\u00f1ar al lobo.<\/li>\n<\/ul>\n<ul>\n<li>Preguntar a los ni\u00f1os\/as como enga\u00f1ar\u00edan al lobo.<\/li>\n<\/ul>\n<p><b><u>Despu\u00e9s del cuento:<\/u><\/b><\/p>\n<ul>\n<li>Preguntarles si el lobo les da pena o no y que lo justifiquen.<\/li>\n<\/ul>\n<ul>\n<li>Describir a los personajes del cuento.&nbsp;<\/li>\n<\/ul>\n<ul>\n<li>Buscar cuentos en que el lobo sea bueno y otros en que sea malo.<\/li>\n<\/ul>\n<ul>\n<li>Imitar el sonido de los animales.<\/li>\n<\/ul>\n<ul>\n<li>Hacer un dibujo guiado de los protagonistas del cuento.<\/li>\n<\/ul>\n<p><img fetchpriority=\"high\" decoding=\"async\" class=\"aligncenter wp-image-809 size-large\" src=\"https:\/\/blogsaverroes.juntadeandalucia.es\/posidoniainfantil3\/files\/2021\/03\/VOY-A-COMEDTE-1024x726.jpg\" alt=\"\" width=\"1024\" height=\"726\" srcset=\"https:\/\/blogsaverroes.juntadeandalucia.es\/posidoniainfantil3\/files\/2021\/03\/VOY-A-COMEDTE-1024x726.jpg 1024w, https:\/\/blogsaverroes.juntadeandalucia.es\/posidoniainfantil3\/files\/2021\/03\/VOY-A-COMEDTE-300x213.jpg 300w, https:\/\/blogsaverroes.juntadeandalucia.es\/posidoniainfantil3\/files\/2021\/03\/VOY-A-COMEDTE-768x544.jpg 768w, https:\/\/blogsaverroes.juntadeandalucia.es\/posidoniainfantil3\/files\/2021\/03\/VOY-A-COMEDTE.jpg 1096w\" sizes=\"(max-width: 1024px) 100vw, 1024px\" \/><\/p>\n<p><a href=\"https:\/\/blogsaverroes.juntadeandalucia.es\/posidoniainfantil3\/files\/2021\/03\/VOY-A-COMEDTE.pdf\">VOY A COMEDTE<\/a><\/p>\n","protected":false},"excerpt":{"rendered":"<p>Despediremos la semana con el cuento \u00abVoy a comedte\u00bb. Una historia muy divertida en la que un lobo malo, hambriento y que habla de una forma rar\u00edsima espera en el bosque a que aparezca&#46;&#46;&#46;<\/p>\n","protected":false},"author":10623,"featured_media":812,"comment_status":"open","ping_status":"open","sticky":false,"template":"","format":"standard","meta":{"ngg_post_thumbnail":0,"footnotes":""},"categories":[58,61],"tags":[64,15,6,5],"aioseo_notices":[],"_links":{"self":[{"href":"https:\/\/blogsaverroes.juntadeandalucia.es\/posidoniainfantil3\/wp-json\/wp\/v2\/posts\/808"}],"collection":[{"href":"https:\/\/blogsaverroes.juntadeandalucia.es\/posidoniainfantil3\/wp-json\/wp\/v2\/posts"}],"about":[{"href":"https:\/\/blogsaverroes.juntadeandalucia.es\/posidoniainfantil3\/wp-json\/wp\/v2\/types\/post"}],"author":[{"embeddable":true,"href":"https:\/\/blogsaverroes.juntadeandalucia.es\/posidoniainfantil3\/wp-json\/wp\/v2\/users\/10623"}],"replies":[{"embeddable":true,"href":"https:\/\/blogsaverroes.juntadeandalucia.es\/posidoniainfantil3\/wp-json\/wp\/v2\/comments?post=808"}],"version-history":[{"count":1,"href":"https:\/\/blogsaverroes.juntadeandalucia.es\/posidoniainfantil3\/wp-json\/wp\/v2\/posts\/808\/revisions"}],"predecessor-version":[{"id":811,"href":"https:\/\/blogsaverroes.juntadeandalucia.es\/posidoniainfantil3\/wp-json\/wp\/v2\/posts\/808\/revisions\/811"}],"wp:featuredmedia":[{"embeddable":true,"href":"https:\/\/blogsaverroes.juntadeandalucia.es\/posidoniainfantil3\/wp-json\/wp\/v2\/media\/812"}],"wp:attachment":[{"href":"https:\/\/blogsaverroes.juntadeandalucia.es\/posidoniainfantil3\/wp-json\/wp\/v2\/media?parent=808"}],"wp:term":[{"taxonomy":"category","embeddable":true,"href":"https:\/\/blogsaverroes.juntadeandalucia.es\/posidoniainfantil3\/wp-json\/wp\/v2\/categories?post=808"},{"taxonomy":"post_tag","embeddable":true,"href":"https:\/\/blogsaverroes.juntadeandalucia.es\/posidoniainfantil3\/wp-json\/wp\/v2\/tags?post=808"}],"curies":[{"name":"wp","href":"https:\/\/api.w.org\/{rel}","templated":true}]}}