{"id":854,"date":"2021-04-05T09:00:33","date_gmt":"2021-04-05T07:00:33","guid":{"rendered":"https:\/\/blogsaverroes.juntadeandalucia.es\/posidoniainfantil3\/?p=854"},"modified":"2021-03-31T12:41:01","modified_gmt":"2021-03-31T10:41:01","slug":"semana-del-5-de-abril-al-9-de-abril","status":"publish","type":"post","link":"https:\/\/blogsaverroes.juntadeandalucia.es\/posidoniainfantil3\/2021\/04\/05\/semana-del-5-de-abril-al-9-de-abril\/","title":{"rendered":"SEMANA DEL 5 DE ABRIL AL 9 DE ABRIL"},"content":{"rendered":"<p><span style=\"font-size: 14pt\"><strong>Durante este trimestre publicaremos una entrada semanal en la que explicaremos lo que vamos a hacer en clase durante esa semana.<\/strong><\/span><\/p>\n<hr>\n<p style=\"text-align: center\"><span style=\"color: #0000ff;font-size: 18pt\"><strong>D\u00cdA DEL AUTISMO<\/strong><\/span><\/p>\n<ul>\n<li>Proyecci\u00f3n de un <strong>Genially&nbsp;<\/strong>d\u00f3nde se podr\u00e1 trabajar la concienciaci\u00f3n sobre el autismo. En \u00e9l se podr\u00e1 ver qu\u00e9 es el autismo; las capacidades especiales que poseen; diferentes v\u00eddeos, cuentos y pel\u00edculas; personas famosas con autismo y, finalmente, retos que se pueden hacer con el alumnado para tomar conciencia sobre las dificultades que viven las personas con autismo.&nbsp;<\/li>\n<\/ul>\n<p><iframe class=\"wp-embedded-content\" sandbox=\"allow-scripts\" security=\"restricted\" title=\"Concienciaci\u00f3n\" frameborder='0' width='1200' height='675' src='https:\/\/view.genial.ly\/5fba88fac48a490d28950c0e#?secret=fJHU1SjMHK' data-secret='fJHU1SjMHK' scrolling='yes'><\/iframe><\/p>\n<p style=\"text-align: center\"><strong>EN CADA CLASE PODREMOS ELEGIR ENTRE DIFERENTES V\u00cdDEOS, CUENTOS Y PEL\u00cdCULAS SEG\u00daN LAS CARACTER\u00cdSTICAS DE NUESTRO ALUMNADO.<\/strong><\/p>\n<p>&nbsp;<\/p>\n<ul>\n<li>Tambi\u00e9n veremos este <strong>v\u00eddeo&nbsp;<\/strong>del alumnado de las aulas TEA de nuestro centro, d\u00f3nde nos piden que realicemos una actividad.<\/li>\n<\/ul>\n<p><iframe title=\"2 de abril 2021. D\u00eda del autismo. CEIP Posidonia.\" width=\"500\" height=\"281\" src=\"https:\/\/www.youtube.com\/embed\/dSpLslO1jdo?feature=oembed&#038;wmode=opaque\" frameborder=\"0\" allow=\"accelerometer; autoplay; clipboard-write; encrypted-media; gyroscope; picture-in-picture\" allowfullscreen><\/iframe><\/p>\n<p>&nbsp;<\/p>\n<ul>\n<li>Por \u00faltimo, cada alumno\/a pintar\u00e1 y recortar\u00e1 una mariposa de color azul para colocar en la verja del cole y otra para colocarla por el barrio: comercios, su edificio, su casa&#8230;<\/li>\n<\/ul>\n<p><a href=\"https:\/\/blogsaverroes.juntadeandalucia.es\/posidoniainfantil3\/files\/2021\/03\/PLANTILLA-MARIPOSAS.pdf\">PLANTILLA MARIPOSAS<\/a><\/p>\n<hr>\n<p style=\"text-align: center\"><span style=\"color: #0000ff;font-size: 18pt\"><strong>LECTOESCRITURA<\/strong><\/span><\/p>\n<ul>\n<li>Recordaremos las vocales trabajadas hasta ahora (I, U, A). C\u00f3mo son, c\u00f3mo suenan, c\u00f3mo se realiza su trazo, en qu\u00e9 palabras podemos encontrarlas&#8230;<\/li>\n<li>Utilizaremos material manipulativo (letras, im\u00e1genes, pinzas, pompones&#8230;) para buscar vocales y para clasificar im\u00e1genes seg\u00fan la vocal que tengan.&nbsp; &nbsp;<\/li>\n<li>Usaremos plantillas plastificadas para practicar el trazo, para unir im\u00e1genes con la vocal correspondiente y para rodear vocales. &nbsp; &nbsp; &nbsp; &nbsp; &nbsp;<\/li>\n<li>Repasaremos la poes\u00eda de las vocales:<\/li>\n<\/ul>\n<p style=\"text-align: left\"><a href=\"https:\/\/blogsaverroes.juntadeandalucia.es\/posidoniainfantil3\/files\/2021\/01\/POES\u00cdA-LAS-VOCALES.pdf\">POES\u00cdA LAS VOCALES<\/a><\/p>\n<ul>\n<li>Veremos el v\u00eddeo \u00abLas vocales con rimas\u00bb para aprender a realizar el trazo correctamente.<\/li>\n<\/ul>\n<p><iframe title=\"Las vocales A E I O U con rimas - Aprende a escribir\" width=\"500\" height=\"281\" src=\"https:\/\/www.youtube.com\/embed\/vt_xAyJTRCg?feature=oembed&#038;wmode=opaque\" frameborder=\"0\" allow=\"accelerometer; autoplay; clipboard-write; encrypted-media; gyroscope; picture-in-picture\" allowfullscreen><\/iframe><\/p>\n<p>&nbsp;<\/p>\n<ul>\n<li>Y cantaremos la canci\u00f3n \u00abLa risa de las vocales\u00bb que tanto nos gusta.<\/li>\n<\/ul>\n<p><iframe title=\"La Risa de las Vocales - Canci\u00f3n Infantil\" width=\"500\" height=\"281\" src=\"https:\/\/www.youtube.com\/embed\/b_YV4GVDGSA?feature=oembed&#038;wmode=opaque\" frameborder=\"0\" allow=\"accelerometer; autoplay; clipboard-write; encrypted-media; gyroscope; picture-in-picture\" allowfullscreen><\/iframe><\/p>\n<hr>\n<p style=\"text-align: center\"><span style=\"color: #0000ff;font-size: 18pt\"><strong>UDI 3: EN LAS CAVERNAS<\/strong><\/span><\/p>\n<ul>\n<li>Empezaremos una nueva Udi y lo haremos, como siempre, con una actividad motivadora: Recibiremos la carta de una arque\u00f3loga pidi\u00e9ndonos ayuda.<\/li>\n<\/ul>\n<p><img fetchpriority=\"high\" decoding=\"async\" class=\"aligncenter wp-image-860 size-full\" src=\"https:\/\/blogsaverroes.juntadeandalucia.es\/posidoniainfantil3\/files\/2021\/03\/TINA-LA-ARQUE\u00d3LOGA.jpg\" alt=\"\" width=\"633\" height=\"505\" srcset=\"https:\/\/blogsaverroes.juntadeandalucia.es\/posidoniainfantil3\/files\/2021\/03\/TINA-LA-ARQUE\u00d3LOGA.jpg 633w, https:\/\/blogsaverroes.juntadeandalucia.es\/posidoniainfantil3\/files\/2021\/03\/TINA-LA-ARQUE\u00d3LOGA-300x239.jpg 300w\" sizes=\"(max-width: 633px) 100vw, 633px\" \/><\/p>\n<p><a href=\"https:\/\/blogsaverroes.juntadeandalucia.es\/posidoniainfantil3\/files\/2021\/03\/CARTA-DE-TINA-LA-ARQUE\u00d3LOGA.pdf\">CARTA DE TINA LA ARQUE\u00d3LOGA<\/a><\/p>\n<ul>\n<li>Gracias a esta arque\u00f3loga y a trav\u00e9s del estudio de un resto arqueol\u00f3gico, vamos a viajar al pasado para conocer de cerca c\u00f3mo se viv\u00eda en la <strong><span style=\"color: #ffcc00;font-size: 18pt\">PREHISTORIA<\/span><\/strong>.<\/li>\n<li>Estableceremos un debate para ver qu\u00e9 est\u00e1 pasando, qu\u00e9 sabemos y qu\u00e9 queremos saber. Recogeremos las ideas de todos en un mural que nos servir\u00e1 de gu\u00eda para empezar a investigar sobre la prehistoria.<\/li>\n<\/ul>\n<hr>\n<p style=\"text-align: center\"><span style=\"color: #0000ff;font-size: 18pt\"><strong>LA PRIMAVERA<\/strong><\/span><\/p>\n<ul>\n<li>Seguiremos aprendiendo sobre esta estaci\u00f3n y realizando trabajitos para decorar nuestra clase.<\/li>\n<\/ul>\n<p><img decoding=\"async\" class=\"aligncenter wp-image-862 size-large\" src=\"https:\/\/blogsaverroes.juntadeandalucia.es\/posidoniainfantil3\/files\/2021\/03\/mariposa-e1617186690955-1024x724.jpg\" alt=\"\" width=\"1024\" height=\"724\" srcset=\"https:\/\/blogsaverroes.juntadeandalucia.es\/posidoniainfantil3\/files\/2021\/03\/mariposa-e1617186690955-1024x724.jpg 1024w, https:\/\/blogsaverroes.juntadeandalucia.es\/posidoniainfantil3\/files\/2021\/03\/mariposa-e1617186690955-300x212.jpg 300w, https:\/\/blogsaverroes.juntadeandalucia.es\/posidoniainfantil3\/files\/2021\/03\/mariposa-e1617186690955-768x543.jpg 768w, https:\/\/blogsaverroes.juntadeandalucia.es\/posidoniainfantil3\/files\/2021\/03\/mariposa-e1617186690955.jpg 1081w\" sizes=\"(max-width: 1024px) 100vw, 1024px\" \/><\/p>\n<p><a href=\"https:\/\/blogsaverroes.juntadeandalucia.es\/posidoniainfantil3\/files\/2021\/03\/MARIPOSA-PRIMAVERA.pdf\">MARIPOSA PRIMAVERA<\/a><\/p>\n<ul>\n<li>Repasaremos nuestra poes\u00eda \u00abLa primavera\u00bb.<\/li>\n<\/ul>\n<p><a href=\"https:\/\/blogsaverroes.juntadeandalucia.es\/posidoniainfantil3\/files\/2021\/03\/POES\u00cdA-PRIMAVERA.pdf\">POES\u00cdA PRIMAVERA<\/a><\/p>\n<ul>\n<li>Aprenderemos la poes\u00eda \u00abMira que flor tan bonita\u00bb.<\/li>\n<\/ul>\n<p><a href=\"https:\/\/blogsaverroes.juntadeandalucia.es\/posidoniainfantil3\/files\/2021\/03\/POES\u00cdA-MIRA-QUE-FLOR-TAN-BONITA.pdf\">POES\u00cdA MIRA QUE FLOR TAN BONITA<\/a><\/p>\n<ul>\n<li>Y, seguiremos cantando y bailando \u00abEl rock de la primavera\u00bb.<\/li>\n<\/ul>\n<p><iframe title=\"La primavera ya lleg\u00f3 - Rock infantil\" width=\"500\" height=\"281\" src=\"https:\/\/www.youtube.com\/embed\/ta980wQglKA?feature=oembed&#038;wmode=opaque\" frameborder=\"0\" allow=\"accelerometer; autoplay; clipboard-write; encrypted-media; gyroscope; picture-in-picture\" allowfullscreen><\/iframe><\/p>\n<hr>\n<p>&nbsp;<\/p>\n","protected":false},"excerpt":{"rendered":"<p>Durante este trimestre publicaremos una entrada semanal en la que explicaremos lo que vamos a hacer en clase durante esa semana. D\u00cdA DEL AUTISMO Proyecci\u00f3n de un Genially&nbsp;d\u00f3nde se podr\u00e1 trabajar la concienciaci\u00f3n sobre&#46;&#46;&#46;<\/p>\n","protected":false},"author":10623,"featured_media":855,"comment_status":"open","ping_status":"open","sticky":false,"template":"","format":"standard","meta":{"ngg_post_thumbnail":0,"footnotes":""},"categories":[46,49,80,81],"tags":[82,7,15,6,8,83,77,5,34],"aioseo_notices":[],"_links":{"self":[{"href":"https:\/\/blogsaverroes.juntadeandalucia.es\/posidoniainfantil3\/wp-json\/wp\/v2\/posts\/854"}],"collection":[{"href":"https:\/\/blogsaverroes.juntadeandalucia.es\/posidoniainfantil3\/wp-json\/wp\/v2\/posts"}],"about":[{"href":"https:\/\/blogsaverroes.juntadeandalucia.es\/posidoniainfantil3\/wp-json\/wp\/v2\/types\/post"}],"author":[{"embeddable":true,"href":"https:\/\/blogsaverroes.juntadeandalucia.es\/posidoniainfantil3\/wp-json\/wp\/v2\/users\/10623"}],"replies":[{"embeddable":true,"href":"https:\/\/blogsaverroes.juntadeandalucia.es\/posidoniainfantil3\/wp-json\/wp\/v2\/comments?post=854"}],"version-history":[{"count":5,"href":"https:\/\/blogsaverroes.juntadeandalucia.es\/posidoniainfantil3\/wp-json\/wp\/v2\/posts\/854\/revisions"}],"predecessor-version":[{"id":866,"href":"https:\/\/blogsaverroes.juntadeandalucia.es\/posidoniainfantil3\/wp-json\/wp\/v2\/posts\/854\/revisions\/866"}],"wp:featuredmedia":[{"embeddable":true,"href":"https:\/\/blogsaverroes.juntadeandalucia.es\/posidoniainfantil3\/wp-json\/wp\/v2\/media\/855"}],"wp:attachment":[{"href":"https:\/\/blogsaverroes.juntadeandalucia.es\/posidoniainfantil3\/wp-json\/wp\/v2\/media?parent=854"}],"wp:term":[{"taxonomy":"category","embeddable":true,"href":"https:\/\/blogsaverroes.juntadeandalucia.es\/posidoniainfantil3\/wp-json\/wp\/v2\/categories?post=854"},{"taxonomy":"post_tag","embeddable":true,"href":"https:\/\/blogsaverroes.juntadeandalucia.es\/posidoniainfantil3\/wp-json\/wp\/v2\/tags?post=854"}],"curies":[{"name":"wp","href":"https:\/\/api.w.org\/{rel}","templated":true}]}}