{"id":1045,"date":"2021-10-15T09:00:28","date_gmt":"2021-10-15T07:00:28","guid":{"rendered":"https:\/\/blogsaverroes.juntadeandalucia.es\/posidoniainfantil4\/?p=1045"},"modified":"2021-10-14T17:30:41","modified_gmt":"2021-10-14T15:30:41","slug":"el-otono","status":"publish","type":"post","link":"https:\/\/blogsaverroes.juntadeandalucia.es\/posidoniainfantil4\/2021\/10\/15\/el-otono\/","title":{"rendered":"EL OTO\u00d1O"},"content":{"rendered":"<p>El 22 de septiembre empez\u00f3 <strong><span style=\"font-size: 18pt\">el oto\u00f1o<\/span><\/strong>. En clase, muchas ma\u00f1anas cantamos nuestra canci\u00f3n favorita sobre esta estaci\u00f3n:<\/p>\n<p style=\"text-align: center\"><span style=\"color: #ffcc00\"><strong><span style=\"font-size: 24pt\">\u00bfLA CANTAMOS?<\/span><\/strong><\/span><\/p>\n<p><iframe title=\"Canci\u00f3n Infantil El oto\u00f1o.\" width=\"500\" height=\"375\" src=\"https:\/\/www.youtube.com\/embed\/WU__Y_XPgkM?feature=oembed&#038;wmode=opaque\" frameborder=\"0\" allow=\"accelerometer; autoplay; clipboard-write; encrypted-media; gyroscope; picture-in-picture\" allowfullscreen><\/iframe><\/p>\n<hr>\n<p>Tambi\u00e9n estamos aprendiendo esta <span style=\"font-size: 14pt\"><strong>poes\u00eda<\/strong><\/span>:<\/p>\n<p style=\"text-align: center\"><span style=\"color: #ffcc00\"><strong><span style=\"font-size: 24pt\">\u00bfQUI\u00c9N LA SABE RECITAR<\/span><\/strong><\/span><span style=\"color: #ffcc00\"><strong><span style=\"font-size: 24pt\">?<\/span><\/strong><\/span><\/p>\n<p><img fetchpriority=\"high\" decoding=\"async\" class=\"alignnone size-medium wp-image-1051\" src=\"https:\/\/blogsaverroes.juntadeandalucia.es\/posidoniainfantil4\/files\/2021\/10\/1-oto\u00f1o-218x300.jpg\" alt=\"\" width=\"218\" height=\"300\" srcset=\"https:\/\/blogsaverroes.juntadeandalucia.es\/posidoniainfantil4\/files\/2021\/10\/1-oto\u00f1o-218x300.jpg 218w, https:\/\/blogsaverroes.juntadeandalucia.es\/posidoniainfantil4\/files\/2021\/10\/1-oto\u00f1o-743x1024.jpg 743w, https:\/\/blogsaverroes.juntadeandalucia.es\/posidoniainfantil4\/files\/2021\/10\/1-oto\u00f1o-768x1058.jpg 768w, https:\/\/blogsaverroes.juntadeandalucia.es\/posidoniainfantil4\/files\/2021\/10\/1-oto\u00f1o-1115x1536.jpg 1115w, https:\/\/blogsaverroes.juntadeandalucia.es\/posidoniainfantil4\/files\/2021\/10\/1-oto\u00f1o-1487x2048.jpg 1487w, https:\/\/blogsaverroes.juntadeandalucia.es\/posidoniainfantil4\/files\/2021\/10\/1-oto\u00f1o-scaled.jpg 1859w\" sizes=\"(max-width: 218px) 100vw, 218px\" \/>&nbsp; &nbsp; <img decoding=\"async\" class=\"alignnone size-medium wp-image-1052\" src=\"https:\/\/blogsaverroes.juntadeandalucia.es\/posidoniainfantil4\/files\/2021\/10\/2-oto\u00f1o-218x300.jpg\" alt=\"\" width=\"218\" height=\"300\" srcset=\"https:\/\/blogsaverroes.juntadeandalucia.es\/posidoniainfantil4\/files\/2021\/10\/2-oto\u00f1o-218x300.jpg 218w, https:\/\/blogsaverroes.juntadeandalucia.es\/posidoniainfantil4\/files\/2021\/10\/2-oto\u00f1o-743x1024.jpg 743w, https:\/\/blogsaverroes.juntadeandalucia.es\/posidoniainfantil4\/files\/2021\/10\/2-oto\u00f1o-768x1058.jpg 768w, https:\/\/blogsaverroes.juntadeandalucia.es\/posidoniainfantil4\/files\/2021\/10\/2-oto\u00f1o-1115x1536.jpg 1115w, https:\/\/blogsaverroes.juntadeandalucia.es\/posidoniainfantil4\/files\/2021\/10\/2-oto\u00f1o-1487x2048.jpg 1487w, https:\/\/blogsaverroes.juntadeandalucia.es\/posidoniainfantil4\/files\/2021\/10\/2-oto\u00f1o-scaled.jpg 1859w\" sizes=\"(max-width: 218px) 100vw, 218px\" \/>&nbsp; &nbsp; <img decoding=\"async\" class=\"alignnone size-medium wp-image-1053\" src=\"https:\/\/blogsaverroes.juntadeandalucia.es\/posidoniainfantil4\/files\/2021\/10\/3-oto\u00f1o-218x300.jpg\" alt=\"\" width=\"218\" height=\"300\" srcset=\"https:\/\/blogsaverroes.juntadeandalucia.es\/posidoniainfantil4\/files\/2021\/10\/3-oto\u00f1o-218x300.jpg 218w, https:\/\/blogsaverroes.juntadeandalucia.es\/posidoniainfantil4\/files\/2021\/10\/3-oto\u00f1o-743x1024.jpg 743w, https:\/\/blogsaverroes.juntadeandalucia.es\/posidoniainfantil4\/files\/2021\/10\/3-oto\u00f1o-768x1058.jpg 768w, https:\/\/blogsaverroes.juntadeandalucia.es\/posidoniainfantil4\/files\/2021\/10\/3-oto\u00f1o-1115x1536.jpg 1115w, https:\/\/blogsaverroes.juntadeandalucia.es\/posidoniainfantil4\/files\/2021\/10\/3-oto\u00f1o-1487x2048.jpg 1487w, https:\/\/blogsaverroes.juntadeandalucia.es\/posidoniainfantil4\/files\/2021\/10\/3-oto\u00f1o-scaled.jpg 1859w\" sizes=\"(max-width: 218px) 100vw, 218px\" \/>&nbsp; &nbsp; <img loading=\"lazy\" decoding=\"async\" class=\"alignnone size-medium wp-image-1054\" src=\"https:\/\/blogsaverroes.juntadeandalucia.es\/posidoniainfantil4\/files\/2021\/10\/4-oto\u00f1o-218x300.jpg\" alt=\"\" width=\"218\" height=\"300\" srcset=\"https:\/\/blogsaverroes.juntadeandalucia.es\/posidoniainfantil4\/files\/2021\/10\/4-oto\u00f1o-218x300.jpg 218w, https:\/\/blogsaverroes.juntadeandalucia.es\/posidoniainfantil4\/files\/2021\/10\/4-oto\u00f1o-743x1024.jpg 743w, https:\/\/blogsaverroes.juntadeandalucia.es\/posidoniainfantil4\/files\/2021\/10\/4-oto\u00f1o-768x1058.jpg 768w, https:\/\/blogsaverroes.juntadeandalucia.es\/posidoniainfantil4\/files\/2021\/10\/4-oto\u00f1o-1115x1536.jpg 1115w, https:\/\/blogsaverroes.juntadeandalucia.es\/posidoniainfantil4\/files\/2021\/10\/4-oto\u00f1o-1487x2048.jpg 1487w, https:\/\/blogsaverroes.juntadeandalucia.es\/posidoniainfantil4\/files\/2021\/10\/4-oto\u00f1o-scaled.jpg 1859w\" sizes=\"(max-width: 218px) 100vw, 218px\" \/>&nbsp; &nbsp; <img loading=\"lazy\" decoding=\"async\" class=\"alignnone size-medium wp-image-1055\" src=\"https:\/\/blogsaverroes.juntadeandalucia.es\/posidoniainfantil4\/files\/2021\/10\/5-oto\u00f1o-218x300.jpg\" alt=\"\" width=\"218\" height=\"300\" srcset=\"https:\/\/blogsaverroes.juntadeandalucia.es\/posidoniainfantil4\/files\/2021\/10\/5-oto\u00f1o-218x300.jpg 218w, https:\/\/blogsaverroes.juntadeandalucia.es\/posidoniainfantil4\/files\/2021\/10\/5-oto\u00f1o-743x1024.jpg 743w, https:\/\/blogsaverroes.juntadeandalucia.es\/posidoniainfantil4\/files\/2021\/10\/5-oto\u00f1o-768x1058.jpg 768w, https:\/\/blogsaverroes.juntadeandalucia.es\/posidoniainfantil4\/files\/2021\/10\/5-oto\u00f1o-1115x1536.jpg 1115w, https:\/\/blogsaverroes.juntadeandalucia.es\/posidoniainfantil4\/files\/2021\/10\/5-oto\u00f1o-1487x2048.jpg 1487w, https:\/\/blogsaverroes.juntadeandalucia.es\/posidoniainfantil4\/files\/2021\/10\/5-oto\u00f1o-scaled.jpg 1859w\" sizes=\"(max-width: 218px) 100vw, 218px\" \/>&nbsp; &nbsp; <img loading=\"lazy\" decoding=\"async\" class=\"alignnone size-medium wp-image-1056\" src=\"https:\/\/blogsaverroes.juntadeandalucia.es\/posidoniainfantil4\/files\/2021\/10\/6-oto\u00f1o-218x300.jpg\" alt=\"\" width=\"218\" height=\"300\" srcset=\"https:\/\/blogsaverroes.juntadeandalucia.es\/posidoniainfantil4\/files\/2021\/10\/6-oto\u00f1o-218x300.jpg 218w, https:\/\/blogsaverroes.juntadeandalucia.es\/posidoniainfantil4\/files\/2021\/10\/6-oto\u00f1o-743x1024.jpg 743w, https:\/\/blogsaverroes.juntadeandalucia.es\/posidoniainfantil4\/files\/2021\/10\/6-oto\u00f1o-768x1058.jpg 768w, https:\/\/blogsaverroes.juntadeandalucia.es\/posidoniainfantil4\/files\/2021\/10\/6-oto\u00f1o-1115x1536.jpg 1115w, https:\/\/blogsaverroes.juntadeandalucia.es\/posidoniainfantil4\/files\/2021\/10\/6-oto\u00f1o-1487x2048.jpg 1487w, https:\/\/blogsaverroes.juntadeandalucia.es\/posidoniainfantil4\/files\/2021\/10\/6-oto\u00f1o-scaled.jpg 1859w\" sizes=\"(max-width: 218px) 100vw, 218px\" \/><\/p>\n<p><span style=\"font-size: 14pt\"><strong><span style=\"color: #ffcc00\"><a style=\"color: #ffcc00\" href=\"https:\/\/blogsaverroes.juntadeandalucia.es\/posidoniainfantil4\/files\/2021\/10\/POES\u00cdA-EL-OTO\u00d1O.pdf\">POES\u00cdA &#8211; EL OTO\u00d1O<\/a><\/span><\/strong><\/span><\/p>\n<hr>\n<p style=\"text-align: left\">Os dejo este <span style=\"font-size: 18pt\"><strong>v\u00eddeo<\/strong><\/span> que cuenta cosas muy interesantes sobre el oto\u00f1o:<\/p>\n<p><iframe title=\"TODO SOBRE EL OTO\u00d1O para ni\u00f1os\/ explicaci\u00f3n en ESPA\u00d1OL sencilla y divertida.\" width=\"500\" height=\"281\" src=\"https:\/\/www.youtube.com\/embed\/A5kL70oSDDk?feature=oembed&#038;wmode=opaque\" frameborder=\"0\" allow=\"accelerometer; autoplay; clipboard-write; encrypted-media; gyroscope; picture-in-picture\" allowfullscreen><\/iframe><\/p>\n<p>&nbsp;<\/p>\n<p><span style=\"color: #ffcc00\"><a style=\"color: #ffcc00\" href=\"https:\/\/es.liveworksheets.com\/kb748929uv\"><strong><span style=\"font-size: 14pt\">FICHA INTERACTIVA-EL OTO\u00d1O<\/span><\/strong><\/a><\/span><\/p>\n<p><span style=\"color: #ffcc00\"><a style=\"color: #ffcc00\" href=\"https:\/\/es.liveworksheets.com\/worksheets\/es\/Educaci%C3%B3n_Infantil\/Percepci%C3%B3n_visual\/Oto%C3%B1o,_sombras_it1304271in\"><strong><span style=\"font-size: 14pt\">FICHA INTERACTIVA-EL OTO\u00d1O<\/span><\/strong><\/a><\/span><\/p>\n<hr>\n<p style=\"text-align: center\"><strong><span style=\"font-size: 18pt\"><span style=\"font-size: 12pt\"><span style=\"color: #ffcc00\"><span style=\"font-size: 24pt\">\u00bfOS ACORD\u00c1IS DE VINCENT VAN GOGH<\/span><\/span><span style=\"color: #ffcc00\"><span style=\"font-size: 24pt\">? \u00bfQU\u00c9 OBRA CONOC\u00c9IS DE ESTE PINTOR?<\/span><\/span><\/span><\/span><\/strong><\/p>\n<p>Hoy nos vamos a convertir en <strong><span style=\"font-size: 18pt\">pintores <\/span><\/strong><span style=\"font-size: 18pt\"><span style=\"font-size: 12pt\">como Vincent van Gogh y v<\/span><\/span><span style=\"font-size: 18pt\"><span style=\"font-size: 12pt\">amos pintar un cuadro del oto\u00f1o.&nbsp; Necesitamos una cera blanda marr\u00f3n, un pincel y pintura amarilla, naranja y marr\u00f3n.&nbsp; Tambi\u00e9n podemos usar corchos, bastoncillos o nuestros dedos para estampar la pintura y hacer las hojas de oto\u00f1o.<\/span><\/span><\/p>\n<p><img loading=\"lazy\" decoding=\"async\" class=\"aligncenter wp-image-1048 size-large\" src=\"https:\/\/blogsaverroes.juntadeandalucia.es\/posidoniainfantil4\/files\/2021\/10\/MANUALIDAD-\u00c1RBOL-OTO\u00d1O-1024x924.jpg\" alt=\"\" width=\"1024\" height=\"924\" srcset=\"https:\/\/blogsaverroes.juntadeandalucia.es\/posidoniainfantil4\/files\/2021\/10\/MANUALIDAD-\u00c1RBOL-OTO\u00d1O-1024x924.jpg 1024w, https:\/\/blogsaverroes.juntadeandalucia.es\/posidoniainfantil4\/files\/2021\/10\/MANUALIDAD-\u00c1RBOL-OTO\u00d1O-300x271.jpg 300w, https:\/\/blogsaverroes.juntadeandalucia.es\/posidoniainfantil4\/files\/2021\/10\/MANUALIDAD-\u00c1RBOL-OTO\u00d1O-768x693.jpg 768w, https:\/\/blogsaverroes.juntadeandalucia.es\/posidoniainfantil4\/files\/2021\/10\/MANUALIDAD-\u00c1RBOL-OTO\u00d1O-1536x1386.jpg 1536w, https:\/\/blogsaverroes.juntadeandalucia.es\/posidoniainfantil4\/files\/2021\/10\/MANUALIDAD-\u00c1RBOL-OTO\u00d1O-2048x1848.jpg 2048w\" sizes=\"(max-width: 1024px) 100vw, 1024px\" \/><\/p>\n<hr>\n<p style=\"text-align: center\"><strong><span style=\"font-size: 18pt\"><span style=\"font-size: 12pt\"><span style=\"color: #ffcc00\"><span style=\"font-size: 24pt\">\u00a1NO OLVID\u00c9IS ESCRIBIR OTO\u00d1O Y VUESTRO NOMBRE!<\/span><\/span><\/span><\/span><\/strong><\/p>\n<p><img loading=\"lazy\" decoding=\"async\" class=\"aligncenter wp-image-1049 size-full\" src=\"https:\/\/blogsaverroes.juntadeandalucia.es\/posidoniainfantil4\/files\/2021\/10\/TRONCO-\u00c1RBOL-OTO\u00d1O-ARTE.jpg\" alt=\"\" width=\"595\" height=\"851\" srcset=\"https:\/\/blogsaverroes.juntadeandalucia.es\/posidoniainfantil4\/files\/2021\/10\/TRONCO-\u00c1RBOL-OTO\u00d1O-ARTE.jpg 595w, https:\/\/blogsaverroes.juntadeandalucia.es\/posidoniainfantil4\/files\/2021\/10\/TRONCO-\u00c1RBOL-OTO\u00d1O-ARTE-210x300.jpg 210w\" sizes=\"(max-width: 595px) 100vw, 595px\" \/><\/p>\n","protected":false},"excerpt":{"rendered":"<p>El 22 de septiembre empez\u00f3 el oto\u00f1o. En clase, muchas ma\u00f1anas cantamos nuestra canci\u00f3n favorita sobre esta estaci\u00f3n: \u00bfLA CANTAMOS? Tambi\u00e9n estamos aprendiendo esta poes\u00eda: \u00bfQUI\u00c9N LA SABE RECITAR? &nbsp; &nbsp; &nbsp; &nbsp; &nbsp;&#46;&#46;&#46;<\/p>\n","protected":false},"author":10623,"featured_media":1047,"comment_status":"open","ping_status":"open","sticky":false,"template":"","format":"standard","meta":{"ngg_post_thumbnail":0,"footnotes":""},"categories":[23,22],"tags":[19,20,24,2],"aioseo_notices":[],"_links":{"self":[{"href":"https:\/\/blogsaverroes.juntadeandalucia.es\/posidoniainfantil4\/wp-json\/wp\/v2\/posts\/1045"}],"collection":[{"href":"https:\/\/blogsaverroes.juntadeandalucia.es\/posidoniainfantil4\/wp-json\/wp\/v2\/posts"}],"about":[{"href":"https:\/\/blogsaverroes.juntadeandalucia.es\/posidoniainfantil4\/wp-json\/wp\/v2\/types\/post"}],"author":[{"embeddable":true,"href":"https:\/\/blogsaverroes.juntadeandalucia.es\/posidoniainfantil4\/wp-json\/wp\/v2\/users\/10623"}],"replies":[{"embeddable":true,"href":"https:\/\/blogsaverroes.juntadeandalucia.es\/posidoniainfantil4\/wp-json\/wp\/v2\/comments?post=1045"}],"version-history":[{"count":7,"href":"https:\/\/blogsaverroes.juntadeandalucia.es\/posidoniainfantil4\/wp-json\/wp\/v2\/posts\/1045\/revisions"}],"predecessor-version":[{"id":1063,"href":"https:\/\/blogsaverroes.juntadeandalucia.es\/posidoniainfantil4\/wp-json\/wp\/v2\/posts\/1045\/revisions\/1063"}],"wp:featuredmedia":[{"embeddable":true,"href":"https:\/\/blogsaverroes.juntadeandalucia.es\/posidoniainfantil4\/wp-json\/wp\/v2\/media\/1047"}],"wp:attachment":[{"href":"https:\/\/blogsaverroes.juntadeandalucia.es\/posidoniainfantil4\/wp-json\/wp\/v2\/media?parent=1045"}],"wp:term":[{"taxonomy":"category","embeddable":true,"href":"https:\/\/blogsaverroes.juntadeandalucia.es\/posidoniainfantil4\/wp-json\/wp\/v2\/categories?post=1045"},{"taxonomy":"post_tag","embeddable":true,"href":"https:\/\/blogsaverroes.juntadeandalucia.es\/posidoniainfantil4\/wp-json\/wp\/v2\/tags?post=1045"}],"curies":[{"name":"wp","href":"https:\/\/api.w.org\/{rel}","templated":true}]}}