{"id":1173,"date":"2021-11-15T09:00:25","date_gmt":"2021-11-15T08:00:25","guid":{"rendered":"https:\/\/blogsaverroes.juntadeandalucia.es\/posidoniainfantil4\/?p=1173"},"modified":"2021-11-16T22:50:22","modified_gmt":"2021-11-16T21:50:22","slug":"semana-del-15-de-noviembre-al-19-de-noviembre","status":"publish","type":"post","link":"https:\/\/blogsaverroes.juntadeandalucia.es\/posidoniainfantil4\/2021\/11\/15\/semana-del-15-de-noviembre-al-19-de-noviembre\/","title":{"rendered":"SEMANA DEL 15 DE NOVIEMBRE AL 19 DE NOVIEMBRE"},"content":{"rendered":"<p style=\"text-align: center\"><span style=\"font-size: 24pt;color: #ffcc00\"><strong>UDI 1: \u00abBIENVENIDO A MI CASA\u00bb<\/strong><\/span><\/p>\n<ul>\n<li>Durante esta semana y la pr\u00f3xima nos dedicaremos a terminar de montar el <span style=\"font-size: 18pt\"><strong>rinc\u00f3n<\/strong><\/span> con toda la informaci\u00f3n que tenemos para <span style=\"font-size: 18pt\"><strong>MARCIANUS<\/strong><\/span>.<\/li>\n<li>Vamos a colorear muchos objetos de la casa. Aprovecharemos la ocasi\u00f3n para jugar con ellos: a clasificarlos (por tama\u00f1os, por dependencias de la casa&#8230;), a agruparlos (de dos en dos, de tres en tres&#8230;)etc.<\/li>\n<li>Tambi\u00e9n repasaremos las canciones y la poes\u00eda de la casa.<\/li>\n<\/ul>\n<p><img decoding=\"async\" class=\"aligncenter wp-image-1174 size-full\" src=\"https:\/\/blogsaverroes.juntadeandalucia.es\/posidoniainfantil4\/files\/2021\/11\/MARCIANO-e1636442184891.jpg\" alt=\"\" width=\"142\" height=\"193\"><\/p>\n<hr>\n<p style=\"text-align: center\"><span style=\"font-size: 24pt;color: #ffcc00\"><strong>LECTOESCRITURA<\/strong><\/span><\/p>\n<ul>\n<li>Seguiremos trabajando <span style=\"font-size: 18pt\"><strong>la vocal a<\/strong><\/span> y su <span style=\"font-size: 18pt\"><strong>discriminaci\u00f3n visual y auditiva<\/strong><\/span>.<\/li>\n<\/ul>\n<p><iframe title=\"Letra A con caligraf\u00eda enlazada - El abecedario para ni\u00f1os - Las vocales\" width=\"500\" height=\"281\" src=\"https:\/\/www.youtube.com\/embed\/erBs3Aqe3JE?feature=oembed&#038;wmode=opaque\" frameborder=\"0\" allow=\"accelerometer; autoplay; clipboard-write; encrypted-media; gyroscope; picture-in-picture\" allowfullscreen><\/iframe><\/p>\n<p>&nbsp;<\/p>\n<ul>\n<li>Realizaremos estas fichas:<\/li>\n<\/ul>\n<p>&nbsp;<\/p>\n<p><img fetchpriority=\"high\" decoding=\"async\" class=\"aligncenter wp-image-1178 size-large\" src=\"https:\/\/blogsaverroes.juntadeandalucia.es\/posidoniainfantil4\/files\/2021\/11\/DISCRIMINACI\u00d3N-AUDITIVA-LA-VOCAL-A-1024x752.jpg\" alt=\"\" width=\"1024\" height=\"752\" srcset=\"https:\/\/blogsaverroes.juntadeandalucia.es\/posidoniainfantil4\/files\/2021\/11\/DISCRIMINACI\u00d3N-AUDITIVA-LA-VOCAL-A-1024x752.jpg 1024w, https:\/\/blogsaverroes.juntadeandalucia.es\/posidoniainfantil4\/files\/2021\/11\/DISCRIMINACI\u00d3N-AUDITIVA-LA-VOCAL-A-300x220.jpg 300w, https:\/\/blogsaverroes.juntadeandalucia.es\/posidoniainfantil4\/files\/2021\/11\/DISCRIMINACI\u00d3N-AUDITIVA-LA-VOCAL-A-768x564.jpg 768w, https:\/\/blogsaverroes.juntadeandalucia.es\/posidoniainfantil4\/files\/2021\/11\/DISCRIMINACI\u00d3N-AUDITIVA-LA-VOCAL-A-1536x1128.jpg 1536w, https:\/\/blogsaverroes.juntadeandalucia.es\/posidoniainfantil4\/files\/2021\/11\/DISCRIMINACI\u00d3N-AUDITIVA-LA-VOCAL-A-2048x1503.jpg 2048w\" sizes=\"(max-width: 1024px) 100vw, 1024px\" \/><\/p>\n<p><span style=\"font-size: 14pt;color: #ff00ff\"><strong><a style=\"color: #ff00ff\" href=\"https:\/\/blogsaverroes.juntadeandalucia.es\/posidoniainfantil4\/files\/2021\/11\/FICHA-DISCRIMINACI\u00d3N-AUDITIVA-LA-A-1.pdf\">FICHA-DISCRIMINACI\u00d3N AUDITIVA LA A<\/a><\/strong><\/span><\/p>\n<p><img decoding=\"async\" class=\"aligncenter wp-image-1179 size-large\" src=\"https:\/\/blogsaverroes.juntadeandalucia.es\/posidoniainfantil4\/files\/2021\/11\/DISCRIMINACI\u00d3N-VISUAL-LA-VOCAL-A-1024x695.jpg\" alt=\"\" width=\"1024\" height=\"695\" srcset=\"https:\/\/blogsaverroes.juntadeandalucia.es\/posidoniainfantil4\/files\/2021\/11\/DISCRIMINACI\u00d3N-VISUAL-LA-VOCAL-A-1024x695.jpg 1024w, https:\/\/blogsaverroes.juntadeandalucia.es\/posidoniainfantil4\/files\/2021\/11\/DISCRIMINACI\u00d3N-VISUAL-LA-VOCAL-A-300x203.jpg 300w, https:\/\/blogsaverroes.juntadeandalucia.es\/posidoniainfantil4\/files\/2021\/11\/DISCRIMINACI\u00d3N-VISUAL-LA-VOCAL-A-768x521.jpg 768w, https:\/\/blogsaverroes.juntadeandalucia.es\/posidoniainfantil4\/files\/2021\/11\/DISCRIMINACI\u00d3N-VISUAL-LA-VOCAL-A-1536x1042.jpg 1536w, https:\/\/blogsaverroes.juntadeandalucia.es\/posidoniainfantil4\/files\/2021\/11\/DISCRIMINACI\u00d3N-VISUAL-LA-VOCAL-A-2048x1389.jpg 2048w\" sizes=\"(max-width: 1024px) 100vw, 1024px\" \/><\/p>\n<p><span style=\"font-size: 14pt;color: #0000ff\"><strong><a style=\"color: #0000ff\" href=\"https:\/\/blogsaverroes.juntadeandalucia.es\/posidoniainfantil4\/files\/2021\/11\/FICHA-DISCRIMINACI\u00d3N-VISUAL-LA-A.pdf\">FICHA-DISCRIMINACI\u00d3N VISUAL-LA A<\/a><\/strong><\/span><\/p>\n<hr>\n<p style=\"text-align: center\"><span style=\"font-size: 24pt;color: #ffcc00\"><strong>MATEM\u00c1TICAS<\/strong><\/span><\/p>\n<ul>\n<li>Trabajaremos los conceptos <span style=\"font-size: 18pt\"><strong>LLENO\/VAC\u00cdO<\/strong><\/span>:<\/li>\n<\/ul>\n<p><iframe title=\"CONCEPTOS LLENO O VACIO\/ PARA NI\u00d1OS\" width=\"500\" height=\"281\" src=\"https:\/\/www.youtube.com\/embed\/DC54-wqRl10?feature=oembed&#038;wmode=opaque\" frameborder=\"0\" allow=\"accelerometer; autoplay; clipboard-write; encrypted-media; gyroscope; picture-in-picture\" allowfullscreen><\/iframe><\/p>\n<p>&nbsp;<\/p>\n<p><span style=\"color: #ff9900\"><a style=\"color: #ff9900\" href=\"https:\/\/es.liveworksheets.com\/hh386162rr\"><span style=\"font-size: 14pt\"><strong>FICHA INTERACTIVA- LLENO\/VAC\u00cdO<\/strong><\/span><\/a><\/span><\/p>\n<p><span style=\"color: #00ff00\"><a style=\"color: #00ff00\" href=\"https:\/\/es.liveworksheets.com\/rc384560fg\"><span style=\"font-size: 14pt\"><strong>FICHA INTERACTIVA- LLENO\/VAC\u00cdO<\/strong><\/span><\/a><\/span><\/p>\n<hr>\n<p style=\"text-align: center\"><span style=\"font-size: 24pt\"><strong>D<span style=\"color: #ff0000\">\u00cd<\/span>A <span style=\"color: #ff0000\">D<\/span>E<span style=\"color: #ff0000\">L<\/span> F<span style=\"color: #ff0000\">L<\/span>A<span style=\"color: #ff0000\">M<\/span>E<span style=\"color: #ff0000\">N<\/span>C<span style=\"color: #ff0000\">O<\/span><\/strong><\/span><\/p>\n<ul>\n<li>Contaremos el cuento:<span style=\"font-size: 18pt\"><strong> \u00ab<\/strong><strong>\u00bfDe qu\u00e9 est\u00e1n hechas las ni\u00f1as flamencas?\u00bb<\/strong><\/span><\/li>\n<\/ul>\n<p><iframe title=\"Las ni\u00f1as flamencas - Cuentos infantiles - Flamenco\" width=\"500\" height=\"375\" src=\"https:\/\/www.youtube.com\/embed\/gf-FZVDUO74?feature=oembed&#038;wmode=opaque\" frameborder=\"0\" allow=\"accelerometer; autoplay; clipboard-write; encrypted-media; gyroscope; picture-in-picture\" allowfullscreen><\/iframe><\/p>\n<p>&nbsp;<\/p>\n<ul>\n<li>Aprenderemos<strong><span style=\"font-size: 18pt\"> vocabulario<\/span><\/strong> relacionado con el flamenco:<\/li>\n<\/ul>\n<p><img loading=\"lazy\" decoding=\"async\" class=\"aligncenter wp-image-1184 size-full\" src=\"https:\/\/blogsaverroes.juntadeandalucia.es\/posidoniainfantil4\/files\/2021\/11\/flamenco1.jpg\" alt=\"\" width=\"494\" height=\"698\" srcset=\"https:\/\/blogsaverroes.juntadeandalucia.es\/posidoniainfantil4\/files\/2021\/11\/flamenco1.jpg 494w, https:\/\/blogsaverroes.juntadeandalucia.es\/posidoniainfantil4\/files\/2021\/11\/flamenco1-212x300.jpg 212w\" sizes=\"(max-width: 494px) 100vw, 494px\" \/><\/p>\n<ul>\n<li>Realizaremos una manualidad para llevarnos a casa. <span style=\"font-size: 18pt\"><strong>\u00a1SORPRESA!<\/strong><\/span><\/li>\n<\/ul>\n<hr>\n<p style=\"text-align: center\"><span style=\"font-size: 24pt;color: #ffcc00\"><strong>D\u00cdA UNIVERSAL DEL NI\u00d1O<\/strong><\/span><\/p>\n<ul>\n<li>El&nbsp;<span style=\"font-size: 18pt\"><strong>D\u00eda Mundial del Ni\u00f1o<\/strong><\/span>&nbsp;es una estupenda oportunidad para crear conciencia en las escuelas y en la sociedad en general de que&nbsp;<strong>la infancia es una etapa de la vida irrepetible y crucial&nbsp;<\/strong>y que hay que conseguir que todos los ni\u00f1os y ni\u00f1as est\u00e9n protegidos, seguros, con salud y educaci\u00f3n, independientemente del lugar de su nacimiento. En clase trataremos este tema y hablaremos sobre los derechos de los ni\u00f1os.<\/li>\n<\/ul>\n<p><img loading=\"lazy\" decoding=\"async\" class=\"aligncenter wp-image-1189 size-full\" src=\"https:\/\/blogsaverroes.juntadeandalucia.es\/posidoniainfantil4\/files\/2021\/11\/DERECHOS-DE-LOS-NI\u00d1OS.jpg\" alt=\"\" width=\"480\" height=\"714\" srcset=\"https:\/\/blogsaverroes.juntadeandalucia.es\/posidoniainfantil4\/files\/2021\/11\/DERECHOS-DE-LOS-NI\u00d1OS.jpg 480w, https:\/\/blogsaverroes.juntadeandalucia.es\/posidoniainfantil4\/files\/2021\/11\/DERECHOS-DE-LOS-NI\u00d1OS-202x300.jpg 202w\" sizes=\"(max-width: 480px) 100vw, 480px\" \/><\/p>\n<p><iframe title=\"DERECHOS DE LOS NI\u00d1OS, VIDEO INFANTIL  CHILDREN`S RIGHTS VIDEO IN SPANISH\" width=\"500\" height=\"281\" src=\"https:\/\/www.youtube.com\/embed\/Oyr1HKdl8sM?feature=oembed&#038;wmode=opaque\" frameborder=\"0\" allow=\"accelerometer; autoplay; clipboard-write; encrypted-media; gyroscope; picture-in-picture\" allowfullscreen><\/iframe><\/p>\n<hr>\n<p>&nbsp;<\/p>\n","protected":false},"excerpt":{"rendered":"<p>UDI 1: \u00abBIENVENIDO A MI CASA\u00bb Durante esta semana y la pr\u00f3xima nos dedicaremos a terminar de montar el rinc\u00f3n con toda la informaci\u00f3n que tenemos para MARCIANUS. Vamos a colorear muchos objetos de&#46;&#46;&#46;<\/p>\n","protected":false},"author":10623,"featured_media":1194,"comment_status":"open","ping_status":"open","sticky":false,"template":"","format":"standard","meta":{"ngg_post_thumbnail":0,"footnotes":""},"categories":[36,33,14,21,17],"tags":[3,37,35,20,34,2,25],"aioseo_notices":[],"_links":{"self":[{"href":"https:\/\/blogsaverroes.juntadeandalucia.es\/posidoniainfantil4\/wp-json\/wp\/v2\/posts\/1173"}],"collection":[{"href":"https:\/\/blogsaverroes.juntadeandalucia.es\/posidoniainfantil4\/wp-json\/wp\/v2\/posts"}],"about":[{"href":"https:\/\/blogsaverroes.juntadeandalucia.es\/posidoniainfantil4\/wp-json\/wp\/v2\/types\/post"}],"author":[{"embeddable":true,"href":"https:\/\/blogsaverroes.juntadeandalucia.es\/posidoniainfantil4\/wp-json\/wp\/v2\/users\/10623"}],"replies":[{"embeddable":true,"href":"https:\/\/blogsaverroes.juntadeandalucia.es\/posidoniainfantil4\/wp-json\/wp\/v2\/comments?post=1173"}],"version-history":[{"count":8,"href":"https:\/\/blogsaverroes.juntadeandalucia.es\/posidoniainfantil4\/wp-json\/wp\/v2\/posts\/1173\/revisions"}],"predecessor-version":[{"id":1192,"href":"https:\/\/blogsaverroes.juntadeandalucia.es\/posidoniainfantil4\/wp-json\/wp\/v2\/posts\/1173\/revisions\/1192"}],"wp:featuredmedia":[{"embeddable":true,"href":"https:\/\/blogsaverroes.juntadeandalucia.es\/posidoniainfantil4\/wp-json\/wp\/v2\/media\/1194"}],"wp:attachment":[{"href":"https:\/\/blogsaverroes.juntadeandalucia.es\/posidoniainfantil4\/wp-json\/wp\/v2\/media?parent=1173"}],"wp:term":[{"taxonomy":"category","embeddable":true,"href":"https:\/\/blogsaverroes.juntadeandalucia.es\/posidoniainfantil4\/wp-json\/wp\/v2\/categories?post=1173"},{"taxonomy":"post_tag","embeddable":true,"href":"https:\/\/blogsaverroes.juntadeandalucia.es\/posidoniainfantil4\/wp-json\/wp\/v2\/tags?post=1173"}],"curies":[{"name":"wp","href":"https:\/\/api.w.org\/{rel}","templated":true}]}}