{"id":533,"date":"2021-01-14T16:39:53","date_gmt":"2021-01-14T15:39:53","guid":{"rendered":"https:\/\/blogsaverroes.juntadeandalucia.es\/posidoniainfantil4\/?p=533"},"modified":"2021-01-20T19:31:57","modified_gmt":"2021-01-20T18:31:57","slug":"los-colores-del-invierno","status":"publish","type":"post","link":"https:\/\/blogsaverroes.juntadeandalucia.es\/posidoniainfantil4\/2021\/01\/14\/los-colores-del-invierno\/","title":{"rendered":"LOS COLORES DEL INVIERNO."},"content":{"rendered":"<p><img fetchpriority=\"high\" decoding=\"async\" class=\"aligncenter wp-image-536 size-medium\" src=\"https:\/\/blogsaverroes.juntadeandalucia.es\/posidoniainfantil4\/files\/2021\/01\/Screenshot_3-1-300x173.png\" alt=\"\" width=\"300\" height=\"173\" srcset=\"https:\/\/blogsaverroes.juntadeandalucia.es\/posidoniainfantil4\/files\/2021\/01\/Screenshot_3-1-300x173.png 300w, https:\/\/blogsaverroes.juntadeandalucia.es\/posidoniainfantil4\/files\/2021\/01\/Screenshot_3-1-24x14.png 24w, https:\/\/blogsaverroes.juntadeandalucia.es\/posidoniainfantil4\/files\/2021\/01\/Screenshot_3-1-36x21.png 36w, https:\/\/blogsaverroes.juntadeandalucia.es\/posidoniainfantil4\/files\/2021\/01\/Screenshot_3-1-48x28.png 48w, https:\/\/blogsaverroes.juntadeandalucia.es\/posidoniainfantil4\/files\/2021\/01\/Screenshot_3-1.png 443w\" sizes=\"(max-width: 300px) 100vw, 300px\" \/><\/p>\n<p>&nbsp;<\/p>\n<div>Hoy hemos visto en la pizarra digital de clase<strong> im\u00e1genes del invierno<\/strong>, al ritmo de la m\u00fasica del&nbsp; \u00ab<strong>Invierno\u00bb de Vivaldi.<\/strong><\/div>\n<div>&nbsp;<\/div>\n<div>&nbsp;<\/div>\n<div>\n<p><iframe title=\"Musicograma El Invierno - A. Vivaldi | Musilandia\" width=\"500\" height=\"281\" src=\"https:\/\/www.youtube.com\/embed\/wqw-N7Pov6M?feature=oembed&#038;wmode=opaque\" frameborder=\"0\" allow=\"accelerometer; autoplay; clipboard-write; encrypted-media; gyroscope; picture-in-picture\" allowfullscreen><\/iframe><\/p>\n<p>&nbsp;<\/p>\n<\/div>\n<div>Hemos podido ver im\u00e1genes en color blanco, morado, azul, &#8230; colores caracter\u00edsticos del invierno.<\/div>\n<div>Tras el visionado de las im\u00e1genes, el alumnado de 4 a\u00f1os ha realizado una actividad muy motivadora: hemos realizado <strong>simetr\u00edas con t\u00e9mpera<\/strong> l\u00edquida de colores invernales sobre un folio. Por \u00faltimo, hemos observado el resultado y los ni\u00f1os\/as pod\u00edan ver todo tipo de figuras: osos polares, conejos, palomas, fantasmas, ovnis,&#8230;<span style=\"color: #0000ff\"><strong> \u00a1IMAGINACI\u00d3N AL PODER!<\/strong><\/span><\/div>\n<div>&nbsp;<\/div>\n<div>&nbsp;<\/div>\n<div>&nbsp; &nbsp; &nbsp; &nbsp; &nbsp; &nbsp; &nbsp; <img decoding=\"async\" class=\"wp-image-538 size-medium aligncenter\" src=\"https:\/\/blogsaverroes.juntadeandalucia.es\/posidoniainfantil4\/files\/2021\/01\/IMG_20210114_132621-scaled-e1610638589618-300x225.jpg\" alt=\"\" width=\"300\" height=\"225\" srcset=\"https:\/\/blogsaverroes.juntadeandalucia.es\/posidoniainfantil4\/files\/2021\/01\/IMG_20210114_132621-scaled-e1610638589618-300x225.jpg 300w, https:\/\/blogsaverroes.juntadeandalucia.es\/posidoniainfantil4\/files\/2021\/01\/IMG_20210114_132621-scaled-e1610638589618-1024x768.jpg 1024w, https:\/\/blogsaverroes.juntadeandalucia.es\/posidoniainfantil4\/files\/2021\/01\/IMG_20210114_132621-scaled-e1610638589618-768x576.jpg 768w, https:\/\/blogsaverroes.juntadeandalucia.es\/posidoniainfantil4\/files\/2021\/01\/IMG_20210114_132621-scaled-e1610638589618-1536x1152.jpg 1536w, https:\/\/blogsaverroes.juntadeandalucia.es\/posidoniainfantil4\/files\/2021\/01\/IMG_20210114_132621-scaled-e1610638589618-2048x1536.jpg 2048w, https:\/\/blogsaverroes.juntadeandalucia.es\/posidoniainfantil4\/files\/2021\/01\/IMG_20210114_132621-scaled-e1610638589618-24x18.jpg 24w, https:\/\/blogsaverroes.juntadeandalucia.es\/posidoniainfantil4\/files\/2021\/01\/IMG_20210114_132621-scaled-e1610638589618-36x27.jpg 36w, https:\/\/blogsaverroes.juntadeandalucia.es\/posidoniainfantil4\/files\/2021\/01\/IMG_20210114_132621-scaled-e1610638589618-48x36.jpg 48w\" sizes=\"(max-width: 300px) 100vw, 300px\" \/>&nbsp; &nbsp; &nbsp;&nbsp;<\/div>\n<p><img decoding=\"async\" class=\"wp-image-539 size-medium aligncenter\" src=\"https:\/\/blogsaverroes.juntadeandalucia.es\/posidoniainfantil4\/files\/2021\/01\/IMG_20210114_132725-1-300x225.jpg\" alt=\"\" width=\"300\" height=\"225\" srcset=\"https:\/\/blogsaverroes.juntadeandalucia.es\/posidoniainfantil4\/files\/2021\/01\/IMG_20210114_132725-1-300x225.jpg 300w, https:\/\/blogsaverroes.juntadeandalucia.es\/posidoniainfantil4\/files\/2021\/01\/IMG_20210114_132725-1-1024x768.jpg 1024w, https:\/\/blogsaverroes.juntadeandalucia.es\/posidoniainfantil4\/files\/2021\/01\/IMG_20210114_132725-1-768x576.jpg 768w, https:\/\/blogsaverroes.juntadeandalucia.es\/posidoniainfantil4\/files\/2021\/01\/IMG_20210114_132725-1-1536x1152.jpg 1536w, https:\/\/blogsaverroes.juntadeandalucia.es\/posidoniainfantil4\/files\/2021\/01\/IMG_20210114_132725-1-2048x1536.jpg 2048w, https:\/\/blogsaverroes.juntadeandalucia.es\/posidoniainfantil4\/files\/2021\/01\/IMG_20210114_132725-1-24x18.jpg 24w, https:\/\/blogsaverroes.juntadeandalucia.es\/posidoniainfantil4\/files\/2021\/01\/IMG_20210114_132725-1-36x27.jpg 36w, https:\/\/blogsaverroes.juntadeandalucia.es\/posidoniainfantil4\/files\/2021\/01\/IMG_20210114_132725-1-48x36.jpg 48w\" sizes=\"(max-width: 300px) 100vw, 300px\" \/><\/p>\n<div><img loading=\"lazy\" decoding=\"async\" class=\"aligncenter wp-image-540 size-medium\" src=\"https:\/\/blogsaverroes.juntadeandalucia.es\/posidoniainfantil4\/files\/2021\/01\/IMG_20210114_132319-scaled-e1610638729872-300x225.jpg\" alt=\"\" width=\"300\" height=\"225\" srcset=\"https:\/\/blogsaverroes.juntadeandalucia.es\/posidoniainfantil4\/files\/2021\/01\/IMG_20210114_132319-scaled-e1610638729872-300x225.jpg 300w, https:\/\/blogsaverroes.juntadeandalucia.es\/posidoniainfantil4\/files\/2021\/01\/IMG_20210114_132319-scaled-e1610638729872-1024x768.jpg 1024w, https:\/\/blogsaverroes.juntadeandalucia.es\/posidoniainfantil4\/files\/2021\/01\/IMG_20210114_132319-scaled-e1610638729872-768x576.jpg 768w, https:\/\/blogsaverroes.juntadeandalucia.es\/posidoniainfantil4\/files\/2021\/01\/IMG_20210114_132319-scaled-e1610638729872-1536x1152.jpg 1536w, https:\/\/blogsaverroes.juntadeandalucia.es\/posidoniainfantil4\/files\/2021\/01\/IMG_20210114_132319-scaled-e1610638729872-2048x1536.jpg 2048w, https:\/\/blogsaverroes.juntadeandalucia.es\/posidoniainfantil4\/files\/2021\/01\/IMG_20210114_132319-scaled-e1610638729872-24x18.jpg 24w, https:\/\/blogsaverroes.juntadeandalucia.es\/posidoniainfantil4\/files\/2021\/01\/IMG_20210114_132319-scaled-e1610638729872-36x27.jpg 36w, https:\/\/blogsaverroes.juntadeandalucia.es\/posidoniainfantil4\/files\/2021\/01\/IMG_20210114_132319-scaled-e1610638729872-48x36.jpg 48w\" sizes=\"(max-width: 300px) 100vw, 300px\" \/><\/div>\n<div>&nbsp;<\/div>\n","protected":false},"excerpt":{"rendered":"<p>&nbsp; Hoy hemos visto en la pizarra digital de clase im\u00e1genes del invierno, al ritmo de la m\u00fasica del&nbsp; \u00abInvierno\u00bb de Vivaldi. &nbsp; &nbsp; &nbsp; Hemos podido ver im\u00e1genes en color blanco, morado, azul,&#46;&#46;&#46;<\/p>\n","protected":false},"author":10607,"featured_media":535,"comment_status":"open","ping_status":"open","sticky":false,"template":"","format":"standard","meta":{"ngg_post_thumbnail":0,"footnotes":""},"categories":[11],"tags":[],"aioseo_notices":[],"_links":{"self":[{"href":"https:\/\/blogsaverroes.juntadeandalucia.es\/posidoniainfantil4\/wp-json\/wp\/v2\/posts\/533"}],"collection":[{"href":"https:\/\/blogsaverroes.juntadeandalucia.es\/posidoniainfantil4\/wp-json\/wp\/v2\/posts"}],"about":[{"href":"https:\/\/blogsaverroes.juntadeandalucia.es\/posidoniainfantil4\/wp-json\/wp\/v2\/types\/post"}],"author":[{"embeddable":true,"href":"https:\/\/blogsaverroes.juntadeandalucia.es\/posidoniainfantil4\/wp-json\/wp\/v2\/users\/10607"}],"replies":[{"embeddable":true,"href":"https:\/\/blogsaverroes.juntadeandalucia.es\/posidoniainfantil4\/wp-json\/wp\/v2\/comments?post=533"}],"version-history":[{"count":7,"href":"https:\/\/blogsaverroes.juntadeandalucia.es\/posidoniainfantil4\/wp-json\/wp\/v2\/posts\/533\/revisions"}],"predecessor-version":[{"id":578,"href":"https:\/\/blogsaverroes.juntadeandalucia.es\/posidoniainfantil4\/wp-json\/wp\/v2\/posts\/533\/revisions\/578"}],"wp:featuredmedia":[{"embeddable":true,"href":"https:\/\/blogsaverroes.juntadeandalucia.es\/posidoniainfantil4\/wp-json\/wp\/v2\/media\/535"}],"wp:attachment":[{"href":"https:\/\/blogsaverroes.juntadeandalucia.es\/posidoniainfantil4\/wp-json\/wp\/v2\/media?parent=533"}],"wp:term":[{"taxonomy":"category","embeddable":true,"href":"https:\/\/blogsaverroes.juntadeandalucia.es\/posidoniainfantil4\/wp-json\/wp\/v2\/categories?post=533"},{"taxonomy":"post_tag","embeddable":true,"href":"https:\/\/blogsaverroes.juntadeandalucia.es\/posidoniainfantil4\/wp-json\/wp\/v2\/tags?post=533"}],"curies":[{"name":"wp","href":"https:\/\/api.w.org\/{rel}","templated":true}]}}