{"id":256,"date":"2019-02-24T11:58:09","date_gmt":"2019-02-24T11:58:09","guid":{"rendered":"https:\/\/blogsaverroes.juntadeandalucia.es\/primeronaranjo\/?p=256"},"modified":"2019-02-24T15:15:17","modified_gmt":"2019-02-24T15:15:17","slug":"cuentos-emociones","status":"publish","type":"post","link":"https:\/\/blogsaverroes.juntadeandalucia.es\/primeronaranjo\/2019\/02\/24\/cuentos-emociones\/","title":{"rendered":"CUENTOS EMOCIONES"},"content":{"rendered":"<h3 class=\"post-title entry-title\"><a href=\"http:\/\/primeronaranjo2014.blogspot.com\/2015\/02\/paula-y-su-pelo-multicolor.html\">PAULA Y SU PELO MULTICOLOR<\/a><\/h3>\n<div class=\"post-header\">&nbsp;<\/div>\n<div id=\"post-body-3535408646180334472\" class=\"post-body entry-content\">\n<p>Carmen Parets es la autora de este cuento infantil protagonizado por una ni\u00f1a llamada Paula: tiene la particularidad de que en funci\u00f3n de si tiene miedo o est\u00e1 triste su pelo cambia de color. El cuento muestra respuestas para cada uno de estos tipos de emoci\u00f3n y tambi\u00e9n refleja las cosas que hacen sentir feliz a su protagonista.<\/p>\n<\/div>\n<p>&nbsp;<\/p>\n<p>LUC\u00cdA HA TRA\u00cdDO A CLASE EL CUENTO LA MANTA QUE ABRAZA<\/p>\n<p><img loading=\"lazy\" decoding=\"async\" src=\"https:\/\/lh3.googleusercontent.com\/WsyXttT4LX3PiNdrUgR-fXCELVxYJEeOfrIG8AZS7tiKos2l7Py1h8x5B-shZe3oZhKWvPOaZ7pc9VPzEqt7yS0MfGtL6N-H0nepl7CWH-BsynzVRkSrLy30VYKaBl6dEQIeCiNjfdptlfecQ4KW3hg36U2AdSDKxAr9a3xeu1P8v2UxpKF6j6CofiKBKNdXXrd4Ma-SsaMQmBFxFl0gNO0e7tw7N-uFMoY3z4Y60FcdCMoy2e-DlmWPA_7_cJpLwCD4zfjVHf7-mgslVrNYYO51O1yn3BkpgTVQczvdMQTizsCbRrOcIyN4_YL5sUZ87uAPCd1QCmKGJcd8Bxukjvz6NrzJ3-ggHjTpg-IxakcD0pWi2yAE3_nXAWJSK3q3mATFnUYacTrE7lg88dmsFQRTSkWmzOtRdQXBKYmJ3ghkItM7KvUflgHkUrYO4ZAm2uM8zKQ-3wWvTU7oppqCDTsPJ4k0R53NMtb8spCR_QNIBzG-vSkeMYwCackVYz0HViTwR6CuT7QVu9Gl0pU_53o-ERgwPUUQhthnEICHi3Xp-V-l1bhXUpbm5WuF4ER0qxV009ytebvrrLdW3DNNe6HfkMo0ZmdxGGUXuC0IV052ZYl09zK4r3K7PuwuFHweww3Sjq8VbyRLXyBCs2B9TukWKUuEBXhTsaUmfeuzZ9Nh=w770-h577-no\" width=\"640\" height=\"480\"><\/p>\n<p>ES UNA HISTORIA PRECIOSA QUE NOS CUENTA LOS MIEDOS QUE SU PROTAGONISTA TIENE FRECUENTEMENTE Y COMO CONSIGUE VENCERLOS CON UNA MANTA QUE LE REGALA SU PAP\u00c1.<\/p>\n","protected":false},"excerpt":{"rendered":"<p>PAULA Y SU PELO MULTICOLOR &nbsp; Carmen Parets es la autora de este cuento infantil protagonizado por una ni\u00f1a llamada Paula: tiene la particularidad de que en funci\u00f3n de si tiene miedo o est\u00e1&#46;&#46;&#46;<\/p>\n","protected":false},"author":6681,"featured_media":257,"comment_status":"open","ping_status":"open","sticky":false,"template":"","format":"standard","meta":{"ngg_post_thumbnail":0,"footnotes":""},"categories":[287,317],"tags":[],"aioseo_notices":[],"_links":{"self":[{"href":"https:\/\/blogsaverroes.juntadeandalucia.es\/primeronaranjo\/wp-json\/wp\/v2\/posts\/256"}],"collection":[{"href":"https:\/\/blogsaverroes.juntadeandalucia.es\/primeronaranjo\/wp-json\/wp\/v2\/posts"}],"about":[{"href":"https:\/\/blogsaverroes.juntadeandalucia.es\/primeronaranjo\/wp-json\/wp\/v2\/types\/post"}],"author":[{"embeddable":true,"href":"https:\/\/blogsaverroes.juntadeandalucia.es\/primeronaranjo\/wp-json\/wp\/v2\/users\/6681"}],"replies":[{"embeddable":true,"href":"https:\/\/blogsaverroes.juntadeandalucia.es\/primeronaranjo\/wp-json\/wp\/v2\/comments?post=256"}],"version-history":[{"count":2,"href":"https:\/\/blogsaverroes.juntadeandalucia.es\/primeronaranjo\/wp-json\/wp\/v2\/posts\/256\/revisions"}],"predecessor-version":[{"id":356,"href":"https:\/\/blogsaverroes.juntadeandalucia.es\/primeronaranjo\/wp-json\/wp\/v2\/posts\/256\/revisions\/356"}],"wp:featuredmedia":[{"embeddable":true,"href":"https:\/\/blogsaverroes.juntadeandalucia.es\/primeronaranjo\/wp-json\/wp\/v2\/media\/257"}],"wp:attachment":[{"href":"https:\/\/blogsaverroes.juntadeandalucia.es\/primeronaranjo\/wp-json\/wp\/v2\/media?parent=256"}],"wp:term":[{"taxonomy":"category","embeddable":true,"href":"https:\/\/blogsaverroes.juntadeandalucia.es\/primeronaranjo\/wp-json\/wp\/v2\/categories?post=256"},{"taxonomy":"post_tag","embeddable":true,"href":"https:\/\/blogsaverroes.juntadeandalucia.es\/primeronaranjo\/wp-json\/wp\/v2\/tags?post=256"}],"curies":[{"name":"wp","href":"https:\/\/api.w.org\/{rel}","templated":true}]}}