{"id":659,"date":"2019-03-21T12:57:53","date_gmt":"2019-03-21T12:57:53","guid":{"rendered":"https:\/\/blogsaverroes.juntadeandalucia.es\/primeronaranjo\/?p=659"},"modified":"2019-03-21T12:57:53","modified_gmt":"2019-03-21T12:57:53","slug":"te-lo-voy-a-contar","status":"publish","type":"post","link":"https:\/\/blogsaverroes.juntadeandalucia.es\/primeronaranjo\/2019\/03\/21\/te-lo-voy-a-contar\/","title":{"rendered":"\u00a1TE LO VOY A CONTAR!"},"content":{"rendered":"<p>Este es un espacio d\u00f3nde los ni\u00f1os y ni\u00f1as podr\u00e1n compartir con los dem\u00e1s lo que aprenden de los libros y por qu\u00e9 los recomiendan.<\/p>\n<p><a href=\"https:\/\/docs.google.com\/presentation\/d\/1VBU2l1glhFDxDoSgXjRXTuER6T9bSQ9fOdvON4NuYLg\/edit?usp=sharing\"><img loading=\"lazy\" decoding=\"async\" class=\"alignnone size-full wp-image-660 aligncenter\" src=\"https:\/\/blogsaverroes.juntadeandalucia.es\/primeronaranjo\/files\/2019\/03\/images-1-1.jpg\" alt=\"\" width=\"222\" height=\"227\" srcset=\"https:\/\/blogsaverroes.juntadeandalucia.es\/primeronaranjo\/files\/2019\/03\/images-1-1.jpg 222w, https:\/\/blogsaverroes.juntadeandalucia.es\/primeronaranjo\/files\/2019\/03\/images-1-1-24x24.jpg 24w, https:\/\/blogsaverroes.juntadeandalucia.es\/primeronaranjo\/files\/2019\/03\/images-1-1-36x36.jpg 36w, https:\/\/blogsaverroes.juntadeandalucia.es\/primeronaranjo\/files\/2019\/03\/images-1-1-48x48.jpg 48w\" sizes=\"(max-width: 222px) 100vw, 222px\" \/><\/a><\/p>\n","protected":false},"excerpt":{"rendered":"<p>Este es un espacio d\u00f3nde los ni\u00f1os y ni\u00f1as podr\u00e1n compartir con los dem\u00e1s lo que aprenden de los libros y por qu\u00e9 los recomiendan.<\/p>\n","protected":false},"author":6681,"featured_media":660,"comment_status":"open","ping_status":"open","sticky":false,"template":"","format":"standard","meta":{"ngg_post_thumbnail":0,"footnotes":""},"categories":[8632],"tags":[],"aioseo_notices":[],"_links":{"self":[{"href":"https:\/\/blogsaverroes.juntadeandalucia.es\/primeronaranjo\/wp-json\/wp\/v2\/posts\/659"}],"collection":[{"href":"https:\/\/blogsaverroes.juntadeandalucia.es\/primeronaranjo\/wp-json\/wp\/v2\/posts"}],"about":[{"href":"https:\/\/blogsaverroes.juntadeandalucia.es\/primeronaranjo\/wp-json\/wp\/v2\/types\/post"}],"author":[{"embeddable":true,"href":"https:\/\/blogsaverroes.juntadeandalucia.es\/primeronaranjo\/wp-json\/wp\/v2\/users\/6681"}],"replies":[{"embeddable":true,"href":"https:\/\/blogsaverroes.juntadeandalucia.es\/primeronaranjo\/wp-json\/wp\/v2\/comments?post=659"}],"version-history":[{"count":1,"href":"https:\/\/blogsaverroes.juntadeandalucia.es\/primeronaranjo\/wp-json\/wp\/v2\/posts\/659\/revisions"}],"predecessor-version":[{"id":661,"href":"https:\/\/blogsaverroes.juntadeandalucia.es\/primeronaranjo\/wp-json\/wp\/v2\/posts\/659\/revisions\/661"}],"wp:featuredmedia":[{"embeddable":true,"href":"https:\/\/blogsaverroes.juntadeandalucia.es\/primeronaranjo\/wp-json\/wp\/v2\/media\/660"}],"wp:attachment":[{"href":"https:\/\/blogsaverroes.juntadeandalucia.es\/primeronaranjo\/wp-json\/wp\/v2\/media?parent=659"}],"wp:term":[{"taxonomy":"category","embeddable":true,"href":"https:\/\/blogsaverroes.juntadeandalucia.es\/primeronaranjo\/wp-json\/wp\/v2\/categories?post=659"},{"taxonomy":"post_tag","embeddable":true,"href":"https:\/\/blogsaverroes.juntadeandalucia.es\/primeronaranjo\/wp-json\/wp\/v2\/tags?post=659"}],"curies":[{"name":"wp","href":"https:\/\/api.w.org\/{rel}","templated":true}]}}