{"id":3157,"date":"2021-02-01T11:32:02","date_gmt":"2021-02-01T11:32:02","guid":{"rendered":"https:\/\/blogsaverroes.juntadeandalucia.es\/princesasofia\/?p=3157"},"modified":"2022-03-03T13:30:09","modified_gmt":"2022-03-03T13:30:09","slug":"dia-de-la-paz","status":"publish","type":"post","link":"https:\/\/blogsaverroes.juntadeandalucia.es\/princesasofia\/2021\/02\/01\/dia-de-la-paz\/","title":{"rendered":"D\u00eda de la Paz"},"content":{"rendered":"<p>Como todos los a\u00f1os desde el cole, todas las clases han celebrado el d\u00eda de la paz, esta vez con mensajes dentro de una botella. Hemos llenado el cole de frases preciosas y los mejores deseos de los ni\u00f1os y ni\u00f1as.<\/p>\n<div style=\"width: 640px;\" class=\"wp-video\"><!--[if lt IE 9]><script>document.createElement('video');<\/script><![endif]-->\n<video class=\"wp-video-shortcode\" id=\"video-3157-1\" width=\"640\" height=\"640\" poster=\"https:\/\/blogsaverroes.juntadeandalucia.es\/princesasofia\/files\/2021\/02\/Captura-de-pantalla-2021-02-01-122746.jpg\" preload=\"metadata\" controls=\"controls\"><source type=\"video\/mp4\" src=\"https:\/\/blogsaverroes.juntadeandalucia.es\/princesasofia\/files\/2021\/02\/D\u00eda-de-la-Paz.mp4?_=1\" \/><a href=\"https:\/\/blogsaverroes.juntadeandalucia.es\/princesasofia\/files\/2021\/02\/D\u00eda-de-la-Paz.mp4\">https:\/\/blogsaverroes.juntadeandalucia.es\/princesasofia\/files\/2021\/02\/D\u00eda-de-la-Paz.mp4<\/a><\/video><\/div>\n","protected":false},"excerpt":{"rendered":"<p>Como todos los a\u00f1os desde el cole, todas las clases han celebrado el d\u00eda de la paz, esta vez con mensajes dentro de una botella. Hemos llenado el cole de frases preciosas y los&#46;&#46;&#46;<\/p>\n","protected":false},"author":9298,"featured_media":3160,"comment_status":"open","ping_status":"open","sticky":false,"template":"","format":"standard","meta":{"ngg_post_thumbnail":0,"footnotes":""},"categories":[307438,11909],"tags":[],"aioseo_notices":[],"_links":{"self":[{"href":"https:\/\/blogsaverroes.juntadeandalucia.es\/princesasofia\/wp-json\/wp\/v2\/posts\/3157"}],"collection":[{"href":"https:\/\/blogsaverroes.juntadeandalucia.es\/princesasofia\/wp-json\/wp\/v2\/posts"}],"about":[{"href":"https:\/\/blogsaverroes.juntadeandalucia.es\/princesasofia\/wp-json\/wp\/v2\/types\/post"}],"author":[{"embeddable":true,"href":"https:\/\/blogsaverroes.juntadeandalucia.es\/princesasofia\/wp-json\/wp\/v2\/users\/9298"}],"replies":[{"embeddable":true,"href":"https:\/\/blogsaverroes.juntadeandalucia.es\/princesasofia\/wp-json\/wp\/v2\/comments?post=3157"}],"version-history":[{"count":1,"href":"https:\/\/blogsaverroes.juntadeandalucia.es\/princesasofia\/wp-json\/wp\/v2\/posts\/3157\/revisions"}],"predecessor-version":[{"id":3161,"href":"https:\/\/blogsaverroes.juntadeandalucia.es\/princesasofia\/wp-json\/wp\/v2\/posts\/3157\/revisions\/3161"}],"wp:featuredmedia":[{"embeddable":true,"href":"https:\/\/blogsaverroes.juntadeandalucia.es\/princesasofia\/wp-json\/wp\/v2\/media\/3160"}],"wp:attachment":[{"href":"https:\/\/blogsaverroes.juntadeandalucia.es\/princesasofia\/wp-json\/wp\/v2\/media?parent=3157"}],"wp:term":[{"taxonomy":"category","embeddable":true,"href":"https:\/\/blogsaverroes.juntadeandalucia.es\/princesasofia\/wp-json\/wp\/v2\/categories?post=3157"},{"taxonomy":"post_tag","embeddable":true,"href":"https:\/\/blogsaverroes.juntadeandalucia.es\/princesasofia\/wp-json\/wp\/v2\/tags?post=3157"}],"curies":[{"name":"wp","href":"https:\/\/api.w.org\/{rel}","templated":true}]}}