{"id":4360,"date":"2025-05-16T17:07:06","date_gmt":"2025-05-16T17:07:06","guid":{"rendered":"https:\/\/blogsaverroes.juntadeandalucia.es\/princesasofia\/?p=4360"},"modified":"2025-06-04T10:39:42","modified_gmt":"2025-06-04T10:39:42","slug":"jornada-final-del-concurso-de-reciclaje-vidrioclip","status":"publish","type":"post","link":"https:\/\/blogsaverroes.juntadeandalucia.es\/princesasofia\/2025\/05\/16\/jornada-final-del-concurso-de-reciclaje-vidrioclip\/","title":{"rendered":"Jornada final del concurso de reciclaje vidrioclip"},"content":{"rendered":"<p class=\"my-0\"><a href=\"https:\/\/blogsaverroes.juntadeandalucia.es\/princesasofia\/files\/2025\/06\/Imagen-de-WhatsApp-2025-06-03-a-las-18.18.32_9bb7843c.jpg\"><img loading=\"lazy\" decoding=\"async\" class=\"alignnone size-medium wp-image-4362\" src=\"https:\/\/blogsaverroes.juntadeandalucia.es\/princesasofia\/files\/2025\/06\/Imagen-de-WhatsApp-2025-06-03-a-las-18.18.32_9bb7843c-300x225.jpg\" alt=\"\" width=\"300\" height=\"225\" srcset=\"https:\/\/blogsaverroes.juntadeandalucia.es\/princesasofia\/files\/2025\/06\/Imagen-de-WhatsApp-2025-06-03-a-las-18.18.32_9bb7843c-300x225.jpg 300w, https:\/\/blogsaverroes.juntadeandalucia.es\/princesasofia\/files\/2025\/06\/Imagen-de-WhatsApp-2025-06-03-a-las-18.18.32_9bb7843c-1024x768.jpg 1024w, https:\/\/blogsaverroes.juntadeandalucia.es\/princesasofia\/files\/2025\/06\/Imagen-de-WhatsApp-2025-06-03-a-las-18.18.32_9bb7843c-768x576.jpg 768w, https:\/\/blogsaverroes.juntadeandalucia.es\/princesasofia\/files\/2025\/06\/Imagen-de-WhatsApp-2025-06-03-a-las-18.18.32_9bb7843c-1536x1152.jpg 1536w, https:\/\/blogsaverroes.juntadeandalucia.es\/princesasofia\/files\/2025\/06\/Imagen-de-WhatsApp-2025-06-03-a-las-18.18.32_9bb7843c.jpg 1600w\" sizes=\"(max-width: 300px) 100vw, 300px\" \/><\/a><\/p>\n<p class=\"my-0\">Representantes de 5\u00ba y 6\u00ba de Primaria del CEIP Princesa Sof\u00eda han asistido hoy en la Diputaci\u00f3n de Granada a la jornada final del concurso escolar #Vidrioclip, una iniciativa provincial que une m\u00fasica, creatividad y sostenibilidad para fomentar el reciclaje de vidrio entre los m\u00e1s j\u00f3venes.<\/p>\n<p class=\"my-0\"><a href=\"https:\/\/blogsaverroes.juntadeandalucia.es\/princesasofia\/files\/2025\/06\/Imagen-de-WhatsApp-2025-06-03-a-las-18.18.32_6842d2fd.jpg\"><img loading=\"lazy\" decoding=\"async\" class=\"size-medium wp-image-4364 alignright\" src=\"https:\/\/blogsaverroes.juntadeandalucia.es\/princesasofia\/files\/2025\/06\/Imagen-de-WhatsApp-2025-06-03-a-las-18.18.32_6842d2fd-300x225.jpg\" alt=\"\" width=\"300\" height=\"225\" srcset=\"https:\/\/blogsaverroes.juntadeandalucia.es\/princesasofia\/files\/2025\/06\/Imagen-de-WhatsApp-2025-06-03-a-las-18.18.32_6842d2fd-300x225.jpg 300w, https:\/\/blogsaverroes.juntadeandalucia.es\/princesasofia\/files\/2025\/06\/Imagen-de-WhatsApp-2025-06-03-a-las-18.18.32_6842d2fd-1024x768.jpg 1024w, https:\/\/blogsaverroes.juntadeandalucia.es\/princesasofia\/files\/2025\/06\/Imagen-de-WhatsApp-2025-06-03-a-las-18.18.32_6842d2fd-768x576.jpg 768w, https:\/\/blogsaverroes.juntadeandalucia.es\/princesasofia\/files\/2025\/06\/Imagen-de-WhatsApp-2025-06-03-a-las-18.18.32_6842d2fd-1536x1152.jpg 1536w, https:\/\/blogsaverroes.juntadeandalucia.es\/princesasofia\/files\/2025\/06\/Imagen-de-WhatsApp-2025-06-03-a-las-18.18.32_6842d2fd.jpg 1600w\" sizes=\"(max-width: 300px) 100vw, 300px\" \/><\/a><\/p>\n<p>&nbsp;<\/p>\n<p>&nbsp;<\/p>\n<p>&nbsp;<\/p>\n<p class=\"my-0\">M\u00e1s de 150 escolares de 14 centros educativos de la provincia han participado en esta campa\u00f1a, impulsada por la Diputaci\u00f3n de Granada, Ecovidrio, la Junta de Andaluc\u00eda y la FAMP. El reto: adaptar la canci\u00f3n \u201cColor Esperanza\u201d para lanzar, a trav\u00e9s de originales videoclips, un mensaje claro sobre la importancia de reciclar envases de vidrio y cuidar nuestro entorno.<\/p>\n<p class=\"my-0\"><a href=\"https:\/\/blogsaverroes.juntadeandalucia.es\/princesasofia\/files\/2025\/06\/Imagen-de-WhatsApp-2025-06-03-a-las-18.18.32_4abefdff.jpg\"><img loading=\"lazy\" decoding=\"async\" class=\"alignnone size-medium wp-image-4361\" src=\"https:\/\/blogsaverroes.juntadeandalucia.es\/princesasofia\/files\/2025\/06\/Imagen-de-WhatsApp-2025-06-03-a-las-18.18.32_4abefdff-300x225.jpg\" alt=\"\" width=\"300\" height=\"225\" srcset=\"https:\/\/blogsaverroes.juntadeandalucia.es\/princesasofia\/files\/2025\/06\/Imagen-de-WhatsApp-2025-06-03-a-las-18.18.32_4abefdff-300x225.jpg 300w, https:\/\/blogsaverroes.juntadeandalucia.es\/princesasofia\/files\/2025\/06\/Imagen-de-WhatsApp-2025-06-03-a-las-18.18.32_4abefdff-1024x768.jpg 1024w, https:\/\/blogsaverroes.juntadeandalucia.es\/princesasofia\/files\/2025\/06\/Imagen-de-WhatsApp-2025-06-03-a-las-18.18.32_4abefdff-768x576.jpg 768w, https:\/\/blogsaverroes.juntadeandalucia.es\/princesasofia\/files\/2025\/06\/Imagen-de-WhatsApp-2025-06-03-a-las-18.18.32_4abefdff-1536x1152.jpg 1536w, https:\/\/blogsaverroes.juntadeandalucia.es\/princesasofia\/files\/2025\/06\/Imagen-de-WhatsApp-2025-06-03-a-las-18.18.32_4abefdff.jpg 1600w\" sizes=\"(max-width: 300px) 100vw, 300px\" \/><\/a>La gala final, celebrada en el Sal\u00f3n de Actos de la Diputaci\u00f3n, ha puesto en valor el compromiso de alumnado, profesorado y familias en la construcci\u00f3n de un futuro m\u00e1s sostenible. El vidrio es un material 100% reciclable y su reutilizaci\u00f3n contribuye a reducir residuos, emisiones de CO\u2082 y el consumo de energ\u00eda.<a href=\"https:\/\/blogsaverroes.juntadeandalucia.es\/princesasofia\/files\/2025\/06\/Imagen-de-WhatsApp-2025-06-03-a-las-18.19.49_23cd4b6f.jpg\"><img loading=\"lazy\" decoding=\"async\" class=\"size-medium wp-image-4363 alignright\" src=\"https:\/\/blogsaverroes.juntadeandalucia.es\/princesasofia\/files\/2025\/06\/Imagen-de-WhatsApp-2025-06-03-a-las-18.19.49_23cd4b6f-300x152.jpg\" alt=\"\" width=\"300\" height=\"152\" srcset=\"https:\/\/blogsaverroes.juntadeandalucia.es\/princesasofia\/files\/2025\/06\/Imagen-de-WhatsApp-2025-06-03-a-las-18.19.49_23cd4b6f-300x152.jpg 300w, https:\/\/blogsaverroes.juntadeandalucia.es\/princesasofia\/files\/2025\/06\/Imagen-de-WhatsApp-2025-06-03-a-las-18.19.49_23cd4b6f-1024x520.jpg 1024w, https:\/\/blogsaverroes.juntadeandalucia.es\/princesasofia\/files\/2025\/06\/Imagen-de-WhatsApp-2025-06-03-a-las-18.19.49_23cd4b6f-768x390.jpg 768w, https:\/\/blogsaverroes.juntadeandalucia.es\/princesasofia\/files\/2025\/06\/Imagen-de-WhatsApp-2025-06-03-a-las-18.19.49_23cd4b6f-1536x780.jpg 1536w, https:\/\/blogsaverroes.juntadeandalucia.es\/princesasofia\/files\/2025\/06\/Imagen-de-WhatsApp-2025-06-03-a-las-18.19.49_23cd4b6f.jpg 1571w\" sizes=\"(max-width: 300px) 100vw, 300px\" \/><\/a><\/p>\n<p>&nbsp;<\/p>\n<p>&nbsp;<\/p>\n<p class=\"my-0\">En 2024, la provincia de Granada recicl\u00f3 7.296 toneladas de envases de vidrio, lo que equivale a 10,4 kg por habitante. \u00a1Un logro colectivo que empieza en las aulas!<\/p>\n<p><a href=\"https:\/\/blogsaverroes.juntadeandalucia.es\/princesasofia\/files\/2025\/06\/Imagen-de-WhatsApp-2025-06-03-a-las-18.18.32_eba85b2f.jpg\"><img loading=\"lazy\" decoding=\"async\" class=\"alignnone size-medium wp-image-4365\" src=\"https:\/\/blogsaverroes.juntadeandalucia.es\/princesasofia\/files\/2025\/06\/Imagen-de-WhatsApp-2025-06-03-a-las-18.18.32_eba85b2f-225x300.jpg\" alt=\"\" width=\"225\" height=\"300\" srcset=\"https:\/\/blogsaverroes.juntadeandalucia.es\/princesasofia\/files\/2025\/06\/Imagen-de-WhatsApp-2025-06-03-a-las-18.18.32_eba85b2f-225x300.jpg 225w, https:\/\/blogsaverroes.juntadeandalucia.es\/princesasofia\/files\/2025\/06\/Imagen-de-WhatsApp-2025-06-03-a-las-18.18.32_eba85b2f-768x1024.jpg 768w, https:\/\/blogsaverroes.juntadeandalucia.es\/princesasofia\/files\/2025\/06\/Imagen-de-WhatsApp-2025-06-03-a-las-18.18.32_eba85b2f-1152x1536.jpg 1152w, https:\/\/blogsaverroes.juntadeandalucia.es\/princesasofia\/files\/2025\/06\/Imagen-de-WhatsApp-2025-06-03-a-las-18.18.32_eba85b2f.jpg 1200w\" sizes=\"(max-width: 225px) 100vw, 225px\" \/><\/a><\/p>\n<p class=\"my-0\">Orgullosos de que nuestro alumnado forme parte de esta experiencia educativa y ambiental. Porque el cambio empieza aqu\u00ed.<\/p>\n<p><iframe loading=\"lazy\" src=\"\/\/www.youtube.com\/embed\/kPFEnJCaa4Y\" width=\"560\" height=\"314\"><\/iframe><\/p>\n","protected":false},"excerpt":{"rendered":"<p>Representantes de 5\u00ba y 6\u00ba de Primaria del CEIP Princesa Sof\u00eda han asistido hoy en la Diputaci\u00f3n de Granada a la jornada final del concurso escolar #Vidrioclip, una iniciativa provincial que une m\u00fasica, creatividad&#46;&#46;&#46;<\/p>\n","protected":false},"author":9298,"featured_media":4362,"comment_status":"open","ping_status":"open","sticky":true,"template":"","format":"standard","meta":{"ngg_post_thumbnail":0,"footnotes":""},"categories":[26636,25496],"tags":[],"aioseo_notices":[],"_links":{"self":[{"href":"https:\/\/blogsaverroes.juntadeandalucia.es\/princesasofia\/wp-json\/wp\/v2\/posts\/4360"}],"collection":[{"href":"https:\/\/blogsaverroes.juntadeandalucia.es\/princesasofia\/wp-json\/wp\/v2\/posts"}],"about":[{"href":"https:\/\/blogsaverroes.juntadeandalucia.es\/princesasofia\/wp-json\/wp\/v2\/types\/post"}],"author":[{"embeddable":true,"href":"https:\/\/blogsaverroes.juntadeandalucia.es\/princesasofia\/wp-json\/wp\/v2\/users\/9298"}],"replies":[{"embeddable":true,"href":"https:\/\/blogsaverroes.juntadeandalucia.es\/princesasofia\/wp-json\/wp\/v2\/comments?post=4360"}],"version-history":[{"count":3,"href":"https:\/\/blogsaverroes.juntadeandalucia.es\/princesasofia\/wp-json\/wp\/v2\/posts\/4360\/revisions"}],"predecessor-version":[{"id":4368,"href":"https:\/\/blogsaverroes.juntadeandalucia.es\/princesasofia\/wp-json\/wp\/v2\/posts\/4360\/revisions\/4368"}],"wp:featuredmedia":[{"embeddable":true,"href":"https:\/\/blogsaverroes.juntadeandalucia.es\/princesasofia\/wp-json\/wp\/v2\/media\/4362"}],"wp:attachment":[{"href":"https:\/\/blogsaverroes.juntadeandalucia.es\/princesasofia\/wp-json\/wp\/v2\/media?parent=4360"}],"wp:term":[{"taxonomy":"category","embeddable":true,"href":"https:\/\/blogsaverroes.juntadeandalucia.es\/princesasofia\/wp-json\/wp\/v2\/categories?post=4360"},{"taxonomy":"post_tag","embeddable":true,"href":"https:\/\/blogsaverroes.juntadeandalucia.es\/princesasofia\/wp-json\/wp\/v2\/tags?post=4360"}],"curies":[{"name":"wp","href":"https:\/\/api.w.org\/{rel}","templated":true}]}}