{"id":2582,"date":"2021-05-17T08:51:40","date_gmt":"2021-05-17T08:51:40","guid":{"rendered":"https:\/\/blogsaverroes.juntadeandalucia.es\/principefelipe\/?p=2582"},"modified":"2021-05-17T09:02:47","modified_gmt":"2021-05-17T09:02:47","slug":"recoleccion-de-cebollas","status":"publish","type":"post","link":"https:\/\/blogsaverroes.juntadeandalucia.es\/principefelipe\/recoleccion-de-cebollas\/","title":{"rendered":"Recolecci\u00f3n de cebollas"},"content":{"rendered":"<p style=\"text-align: justify\">\u00a1Qu\u00e9 el ritmo no pare! Nuestro alumnado de 4\u00ba de Primaria, se ha encargado de recolectar y dividir la cosecha, para que todo el alumnado del colegio se pueda llevar una cebolla de cultivo ecol\u00f3gico a casa.<\/p>\n<p style=\"text-align: justify\">Con esta actividad trabajamos de forma trasversal las Ciencias Naturales, conociendo mejor el ciclo de crecimiento de las plantas. Las Ciencias Sociales, experimentando la labor del sector de producci\u00f3n primario y las Matem\u00e1ticas, con el contado y divisi\u00f3n de la colecta de las cebollas.<\/p>\n<p style=\"text-align: justify\">Nuestro eco-huerto es un aula m\u00e1s del centro.<\/p>\n<div id=\"attachment_2584\" style=\"width: 616px\" class=\"wp-caption alignleft\"><a href=\"https:\/\/blogsaverroes.juntadeandalucia.es\/principefelipe\/files\/2021\/05\/IMG-20210517-WA0043.jpg\"><img loading=\"lazy\" decoding=\"async\" aria-describedby=\"caption-attachment-2584\" class=\"wp-image-2584 size-large\" src=\"https:\/\/blogsaverroes.juntadeandalucia.es\/principefelipe\/files\/2021\/05\/IMG-20210517-WA0043-1024x768.jpg\" alt=\"\" width=\"606\" height=\"455\" srcset=\"https:\/\/blogsaverroes.juntadeandalucia.es\/principefelipe\/files\/2021\/05\/IMG-20210517-WA0043-1024x768.jpg 1024w, https:\/\/blogsaverroes.juntadeandalucia.es\/principefelipe\/files\/2021\/05\/IMG-20210517-WA0043-300x225.jpg 300w, https:\/\/blogsaverroes.juntadeandalucia.es\/principefelipe\/files\/2021\/05\/IMG-20210517-WA0043-768x576.jpg 768w, https:\/\/blogsaverroes.juntadeandalucia.es\/principefelipe\/files\/2021\/05\/IMG-20210517-WA0043-1536x1152.jpg 1536w, https:\/\/blogsaverroes.juntadeandalucia.es\/principefelipe\/files\/2021\/05\/IMG-20210517-WA0043.jpg 1600w\" sizes=\"(max-width: 606px) 100vw, 606px\" \/><\/a><p id=\"caption-attachment-2584\" class=\"wp-caption-text\">Dividiendo la cosecha en cajas.<\/p><\/div>\n<div id=\"attachment_2587\" style=\"width: 616px\" class=\"wp-caption alignleft\"><a href=\"https:\/\/blogsaverroes.juntadeandalucia.es\/principefelipe\/files\/2021\/05\/IMG-20210517-WA0044.jpg\"><img loading=\"lazy\" decoding=\"async\" aria-describedby=\"caption-attachment-2587\" class=\"wp-image-2587 size-large\" src=\"https:\/\/blogsaverroes.juntadeandalucia.es\/principefelipe\/files\/2021\/05\/IMG-20210517-WA0044-1024x766.jpg\" alt=\"\" width=\"606\" height=\"453\" srcset=\"https:\/\/blogsaverroes.juntadeandalucia.es\/principefelipe\/files\/2021\/05\/IMG-20210517-WA0044-1024x766.jpg 1024w, https:\/\/blogsaverroes.juntadeandalucia.es\/principefelipe\/files\/2021\/05\/IMG-20210517-WA0044-300x224.jpg 300w, https:\/\/blogsaverroes.juntadeandalucia.es\/principefelipe\/files\/2021\/05\/IMG-20210517-WA0044-768x575.jpg 768w, https:\/\/blogsaverroes.juntadeandalucia.es\/principefelipe\/files\/2021\/05\/IMG-20210517-WA0044-1536x1149.jpg 1536w, https:\/\/blogsaverroes.juntadeandalucia.es\/principefelipe\/files\/2021\/05\/IMG-20210517-WA0044.jpg 1600w\" sizes=\"(max-width: 606px) 100vw, 606px\" \/><\/a><p id=\"caption-attachment-2587\" class=\"wp-caption-text\">Las cosecha dividida y etiquetada, para las diferentes clases del centro.<\/p><\/div>\n<div id=\"attachment_2586\" style=\"width: 616px\" class=\"wp-caption alignleft\"><a href=\"https:\/\/blogsaverroes.juntadeandalucia.es\/principefelipe\/files\/2021\/05\/IMG-20210517-WA0042.jpg\"><img loading=\"lazy\" decoding=\"async\" aria-describedby=\"caption-attachment-2586\" class=\"wp-image-2586 size-large\" src=\"https:\/\/blogsaverroes.juntadeandalucia.es\/principefelipe\/files\/2021\/05\/IMG-20210517-WA0042-1024x768.jpg\" alt=\"\" width=\"606\" height=\"455\" srcset=\"https:\/\/blogsaverroes.juntadeandalucia.es\/principefelipe\/files\/2021\/05\/IMG-20210517-WA0042-1024x768.jpg 1024w, https:\/\/blogsaverroes.juntadeandalucia.es\/principefelipe\/files\/2021\/05\/IMG-20210517-WA0042-300x225.jpg 300w, https:\/\/blogsaverroes.juntadeandalucia.es\/principefelipe\/files\/2021\/05\/IMG-20210517-WA0042-768x576.jpg 768w, https:\/\/blogsaverroes.juntadeandalucia.es\/principefelipe\/files\/2021\/05\/IMG-20210517-WA0042-1536x1152.jpg 1536w, https:\/\/blogsaverroes.juntadeandalucia.es\/principefelipe\/files\/2021\/05\/IMG-20210517-WA0042.jpg 1600w\" sizes=\"(max-width: 606px) 100vw, 606px\" \/><\/a><p id=\"caption-attachment-2586\" class=\"wp-caption-text\">Contando las cebollas, para que a ning\u00fan compa\u00f1ero\/a le falte.<\/p><\/div>\n<p>&nbsp;<\/p>\n","protected":false},"excerpt":{"rendered":"<p>\u00a1Qu\u00e9 el ritmo no pare! Nuestro alumnado de 4\u00ba de Primaria, se ha encargado de recolectar y dividir la cosecha, para que todo el alumnado del colegio se pueda llevar una cebolla de cultivo&#46;&#46;&#46;<\/p>\n","protected":false},"author":10630,"featured_media":2585,"comment_status":"open","ping_status":"open","sticky":false,"template":"","format":"standard","meta":{"ngg_post_thumbnail":0,"footnotes":""},"categories":[11909],"tags":[2351651,2351652],"aioseo_notices":[],"_links":{"self":[{"href":"https:\/\/blogsaverroes.juntadeandalucia.es\/principefelipe\/wp-json\/wp\/v2\/posts\/2582"}],"collection":[{"href":"https:\/\/blogsaverroes.juntadeandalucia.es\/principefelipe\/wp-json\/wp\/v2\/posts"}],"about":[{"href":"https:\/\/blogsaverroes.juntadeandalucia.es\/principefelipe\/wp-json\/wp\/v2\/types\/post"}],"author":[{"embeddable":true,"href":"https:\/\/blogsaverroes.juntadeandalucia.es\/principefelipe\/wp-json\/wp\/v2\/users\/10630"}],"replies":[{"embeddable":true,"href":"https:\/\/blogsaverroes.juntadeandalucia.es\/principefelipe\/wp-json\/wp\/v2\/comments?post=2582"}],"version-history":[{"count":3,"href":"https:\/\/blogsaverroes.juntadeandalucia.es\/principefelipe\/wp-json\/wp\/v2\/posts\/2582\/revisions"}],"predecessor-version":[{"id":2590,"href":"https:\/\/blogsaverroes.juntadeandalucia.es\/principefelipe\/wp-json\/wp\/v2\/posts\/2582\/revisions\/2590"}],"wp:featuredmedia":[{"embeddable":true,"href":"https:\/\/blogsaverroes.juntadeandalucia.es\/principefelipe\/wp-json\/wp\/v2\/media\/2585"}],"wp:attachment":[{"href":"https:\/\/blogsaverroes.juntadeandalucia.es\/principefelipe\/wp-json\/wp\/v2\/media?parent=2582"}],"wp:term":[{"taxonomy":"category","embeddable":true,"href":"https:\/\/blogsaverroes.juntadeandalucia.es\/principefelipe\/wp-json\/wp\/v2\/categories?post=2582"},{"taxonomy":"post_tag","embeddable":true,"href":"https:\/\/blogsaverroes.juntadeandalucia.es\/principefelipe\/wp-json\/wp\/v2\/tags?post=2582"}],"curies":[{"name":"wp","href":"https:\/\/api.w.org\/{rel}","templated":true}]}}