{"id":2710,"date":"2021-11-02T10:44:40","date_gmt":"2021-11-02T10:44:40","guid":{"rendered":"https:\/\/blogsaverroes.juntadeandalucia.es\/principefelipe\/?p=2710"},"modified":"2021-11-02T10:44:40","modified_gmt":"2021-11-02T10:44:40","slug":"halloween-2021","status":"publish","type":"post","link":"https:\/\/blogsaverroes.juntadeandalucia.es\/principefelipe\/halloween-2021\/","title":{"rendered":"Halloween 2021"},"content":{"rendered":"<p style=\"text-align: justify\">Tras casi 2 a\u00f1os sin disfraces en el colegio por las medidas COVID. Nuestro alumnado se ha caracterizado con sus personajes terror\u00edficos preferidos para un Halloween muy especial. Ha sido un d\u00eda en que lo hemos pasado&#8230;\u00a1De miedooooooo!!<\/p>\n<div id=\"attachment_2716\" style=\"width: 616px\" class=\"wp-caption aligncenter\"><a href=\"https:\/\/blogsaverroes.juntadeandalucia.es\/principefelipe\/files\/2021\/11\/1635848185446.jpg\"><img loading=\"lazy\" decoding=\"async\" aria-describedby=\"caption-attachment-2716\" class=\"wp-image-2716 size-large\" src=\"https:\/\/blogsaverroes.juntadeandalucia.es\/principefelipe\/files\/2021\/11\/1635848185446-766x1024.jpg\" alt=\"\" width=\"606\" height=\"810\" srcset=\"https:\/\/blogsaverroes.juntadeandalucia.es\/principefelipe\/files\/2021\/11\/1635848185446-766x1024.jpg 766w, https:\/\/blogsaverroes.juntadeandalucia.es\/principefelipe\/files\/2021\/11\/1635848185446-224x300.jpg 224w, https:\/\/blogsaverroes.juntadeandalucia.es\/principefelipe\/files\/2021\/11\/1635848185446-768x1027.jpg 768w, https:\/\/blogsaverroes.juntadeandalucia.es\/principefelipe\/files\/2021\/11\/1635848185446-1149x1536.jpg 1149w, https:\/\/blogsaverroes.juntadeandalucia.es\/principefelipe\/files\/2021\/11\/1635848185446.jpg 1197w\" sizes=\"(max-width: 606px) 100vw, 606px\" \/><\/a><p id=\"caption-attachment-2716\" class=\"wp-caption-text\">Nuestras terror\u00edficas maestras de Infantil, posando en una de las puertas decoradas para la ocasi\u00f3n.<\/p><\/div>\n<div id=\"attachment_2715\" style=\"width: 616px\" class=\"wp-caption alignleft\"><a href=\"https:\/\/blogsaverroes.juntadeandalucia.es\/principefelipe\/files\/2021\/11\/1635848185463.jpg\"><img loading=\"lazy\" decoding=\"async\" aria-describedby=\"caption-attachment-2715\" class=\"wp-image-2715 size-large\" src=\"https:\/\/blogsaverroes.juntadeandalucia.es\/principefelipe\/files\/2021\/11\/1635848185463-768x1024.jpg\" alt=\"\" width=\"606\" height=\"808\" srcset=\"https:\/\/blogsaverroes.juntadeandalucia.es\/principefelipe\/files\/2021\/11\/1635848185463-768x1024.jpg 768w, https:\/\/blogsaverroes.juntadeandalucia.es\/principefelipe\/files\/2021\/11\/1635848185463-225x300.jpg 225w, https:\/\/blogsaverroes.juntadeandalucia.es\/principefelipe\/files\/2021\/11\/1635848185463-1152x1536.jpg 1152w, https:\/\/blogsaverroes.juntadeandalucia.es\/principefelipe\/files\/2021\/11\/1635848185463.jpg 1200w\" sizes=\"(max-width: 606px) 100vw, 606px\" \/><\/a><p id=\"caption-attachment-2715\" class=\"wp-caption-text\">La clase de 5 A\u00f1os&#8230;\u00a1vaya susto!<\/p><\/div>\n<div id=\"attachment_2719\" style=\"width: 616px\" class=\"wp-caption alignleft\"><a href=\"https:\/\/blogsaverroes.juntadeandalucia.es\/principefelipe\/files\/2021\/11\/1635848185467.jpg\"><img loading=\"lazy\" decoding=\"async\" aria-describedby=\"caption-attachment-2719\" class=\"wp-image-2719 size-large\" src=\"https:\/\/blogsaverroes.juntadeandalucia.es\/principefelipe\/files\/2021\/11\/1635848185467-1024x768.jpg\" alt=\"\" width=\"606\" height=\"455\" srcset=\"https:\/\/blogsaverroes.juntadeandalucia.es\/principefelipe\/files\/2021\/11\/1635848185467-1024x768.jpg 1024w, https:\/\/blogsaverroes.juntadeandalucia.es\/principefelipe\/files\/2021\/11\/1635848185467-300x225.jpg 300w, https:\/\/blogsaverroes.juntadeandalucia.es\/principefelipe\/files\/2021\/11\/1635848185467-768x576.jpg 768w, https:\/\/blogsaverroes.juntadeandalucia.es\/principefelipe\/files\/2021\/11\/1635848185467-1536x1153.jpg 1536w, https:\/\/blogsaverroes.juntadeandalucia.es\/principefelipe\/files\/2021\/11\/1635848185467.jpg 1599w\" sizes=\"(max-width: 606px) 100vw, 606px\" \/><\/a><p id=\"caption-attachment-2719\" class=\"wp-caption-text\">No os asust\u00e9is, son nuestro alumnado de 1\u00ba de Primaria.<\/p><\/div>\n<div id=\"attachment_2720\" style=\"width: 616px\" class=\"wp-caption alignleft\"><a href=\"https:\/\/blogsaverroes.juntadeandalucia.es\/principefelipe\/files\/2021\/11\/1635848185452.jpg\"><img loading=\"lazy\" decoding=\"async\" aria-describedby=\"caption-attachment-2720\" class=\"wp-image-2720 size-large\" src=\"https:\/\/blogsaverroes.juntadeandalucia.es\/principefelipe\/files\/2021\/11\/1635848185452-1024x766.jpg\" alt=\"\" width=\"606\" height=\"453\" srcset=\"https:\/\/blogsaverroes.juntadeandalucia.es\/principefelipe\/files\/2021\/11\/1635848185452-1024x766.jpg 1024w, https:\/\/blogsaverroes.juntadeandalucia.es\/principefelipe\/files\/2021\/11\/1635848185452-300x224.jpg 300w, https:\/\/blogsaverroes.juntadeandalucia.es\/principefelipe\/files\/2021\/11\/1635848185452-768x575.jpg 768w, https:\/\/blogsaverroes.juntadeandalucia.es\/principefelipe\/files\/2021\/11\/1635848185452-1536x1149.jpg 1536w, https:\/\/blogsaverroes.juntadeandalucia.es\/principefelipe\/files\/2021\/11\/1635848185452.jpg 1600w\" sizes=\"(max-width: 606px) 100vw, 606px\" \/><\/a><p id=\"caption-attachment-2720\" class=\"wp-caption-text\">Monstrusamente adorables los peques del cole, la clase de 3 A\u00f1os lo ha pasado genial.<\/p><\/div>\n<div id=\"attachment_2713\" style=\"width: 616px\" class=\"wp-caption alignleft\"><a href=\"https:\/\/blogsaverroes.juntadeandalucia.es\/principefelipe\/files\/2021\/11\/1635848185461.jpg\"><img loading=\"lazy\" decoding=\"async\" aria-describedby=\"caption-attachment-2713\" class=\"wp-image-2713 size-large\" src=\"https:\/\/blogsaverroes.juntadeandalucia.es\/principefelipe\/files\/2021\/11\/1635848185461-768x1024.jpg\" alt=\"\" width=\"606\" height=\"808\" srcset=\"https:\/\/blogsaverroes.juntadeandalucia.es\/principefelipe\/files\/2021\/11\/1635848185461-768x1024.jpg 768w, https:\/\/blogsaverroes.juntadeandalucia.es\/principefelipe\/files\/2021\/11\/1635848185461-225x300.jpg 225w, https:\/\/blogsaverroes.juntadeandalucia.es\/principefelipe\/files\/2021\/11\/1635848185461-1152x1536.jpg 1152w, https:\/\/blogsaverroes.juntadeandalucia.es\/principefelipe\/files\/2021\/11\/1635848185461.jpg 1200w\" sizes=\"(max-width: 606px) 100vw, 606px\" \/><\/a><p id=\"caption-attachment-2713\" class=\"wp-caption-text\">La clase de 5 A\u00f1os posan con las m\u00e1scaras de catrinas mexicanas. Manualidad creada para la ocasi\u00f3n.<\/p><\/div>\n<div id=\"attachment_2711\" style=\"width: 616px\" class=\"wp-caption alignleft\"><a href=\"https:\/\/blogsaverroes.juntadeandalucia.es\/principefelipe\/files\/2021\/11\/1635848185449.jpg\"><img loading=\"lazy\" decoding=\"async\" aria-describedby=\"caption-attachment-2711\" class=\"wp-image-2711 size-large\" src=\"https:\/\/blogsaverroes.juntadeandalucia.es\/principefelipe\/files\/2021\/11\/1635848185449-1024x768.jpg\" alt=\"\" width=\"606\" height=\"455\" srcset=\"https:\/\/blogsaverroes.juntadeandalucia.es\/principefelipe\/files\/2021\/11\/1635848185449-1024x768.jpg 1024w, https:\/\/blogsaverroes.juntadeandalucia.es\/principefelipe\/files\/2021\/11\/1635848185449-300x225.jpg 300w, https:\/\/blogsaverroes.juntadeandalucia.es\/principefelipe\/files\/2021\/11\/1635848185449-768x576.jpg 768w, https:\/\/blogsaverroes.juntadeandalucia.es\/principefelipe\/files\/2021\/11\/1635848185449-1536x1152.jpg 1536w, https:\/\/blogsaverroes.juntadeandalucia.es\/principefelipe\/files\/2021\/11\/1635848185449.jpg 1600w\" sizes=\"(max-width: 606px) 100vw, 606px\" \/><\/a><p id=\"caption-attachment-2711\" class=\"wp-caption-text\">Nuestro alumnado de 4 A\u00f1os posando con sus disfraces y caracterizaciones. \u00a1Al bajar la escalera, menudos sustos!<\/p><\/div>\n<div id=\"attachment_2712\" style=\"width: 616px\" class=\"wp-caption alignleft\"><a href=\"https:\/\/blogsaverroes.juntadeandalucia.es\/principefelipe\/files\/2021\/11\/1635848185475.jpg\"><img loading=\"lazy\" decoding=\"async\" aria-describedby=\"caption-attachment-2712\" class=\"wp-image-2712 size-large\" src=\"https:\/\/blogsaverroes.juntadeandalucia.es\/principefelipe\/files\/2021\/11\/1635848185475-1024x576.jpg\" alt=\"\" width=\"606\" height=\"341\" srcset=\"https:\/\/blogsaverroes.juntadeandalucia.es\/principefelipe\/files\/2021\/11\/1635848185475-1024x576.jpg 1024w, https:\/\/blogsaverroes.juntadeandalucia.es\/principefelipe\/files\/2021\/11\/1635848185475-300x169.jpg 300w, https:\/\/blogsaverroes.juntadeandalucia.es\/principefelipe\/files\/2021\/11\/1635848185475-768x432.jpg 768w, https:\/\/blogsaverroes.juntadeandalucia.es\/principefelipe\/files\/2021\/11\/1635848185475-1536x864.jpg 1536w, https:\/\/blogsaverroes.juntadeandalucia.es\/principefelipe\/files\/2021\/11\/1635848185475.jpg 1600w\" sizes=\"(max-width: 606px) 100vw, 606px\" \/><\/a><p id=\"caption-attachment-2712\" class=\"wp-caption-text\">Manualidades creadas por la clase de 5\u00baB para la ocasi\u00f3n, reutilizando los cartones del papel higi\u00e9nico&#8230;terror\u00edficos murci\u00e9lagos!<\/p><\/div>\n<div id=\"attachment_2717\" style=\"width: 616px\" class=\"wp-caption alignleft\"><a href=\"https:\/\/blogsaverroes.juntadeandalucia.es\/principefelipe\/files\/2021\/11\/1635848185471.jpg\"><img loading=\"lazy\" decoding=\"async\" aria-describedby=\"caption-attachment-2717\" class=\"wp-image-2717 size-large\" src=\"https:\/\/blogsaverroes.juntadeandalucia.es\/principefelipe\/files\/2021\/11\/1635848185471-1024x576.jpg\" alt=\"\" width=\"606\" height=\"341\" srcset=\"https:\/\/blogsaverroes.juntadeandalucia.es\/principefelipe\/files\/2021\/11\/1635848185471-1024x576.jpg 1024w, https:\/\/blogsaverroes.juntadeandalucia.es\/principefelipe\/files\/2021\/11\/1635848185471-300x169.jpg 300w, https:\/\/blogsaverroes.juntadeandalucia.es\/principefelipe\/files\/2021\/11\/1635848185471-768x432.jpg 768w, https:\/\/blogsaverroes.juntadeandalucia.es\/principefelipe\/files\/2021\/11\/1635848185471-1536x864.jpg 1536w, https:\/\/blogsaverroes.juntadeandalucia.es\/principefelipe\/files\/2021\/11\/1635848185471.jpg 1600w\" sizes=\"(max-width: 606px) 100vw, 606px\" \/><\/a><p id=\"caption-attachment-2717\" class=\"wp-caption-text\">Alumnado de 5\u00baB posando con sus manualidades.<\/p><\/div>\n","protected":false},"excerpt":{"rendered":"<p>Tras casi 2 a\u00f1os sin disfraces en el colegio por las medidas COVID. Nuestro alumnado se ha caracterizado con sus personajes terror\u00edficos preferidos para un Halloween muy especial. Ha sido un d\u00eda en que&#46;&#46;&#46;<\/p>\n","protected":false},"author":10630,"featured_media":2714,"comment_status":"open","ping_status":"open","sticky":false,"template":"","format":"standard","meta":{"ngg_post_thumbnail":0,"footnotes":""},"categories":[11909],"tags":[],"aioseo_notices":[],"_links":{"self":[{"href":"https:\/\/blogsaverroes.juntadeandalucia.es\/principefelipe\/wp-json\/wp\/v2\/posts\/2710"}],"collection":[{"href":"https:\/\/blogsaverroes.juntadeandalucia.es\/principefelipe\/wp-json\/wp\/v2\/posts"}],"about":[{"href":"https:\/\/blogsaverroes.juntadeandalucia.es\/principefelipe\/wp-json\/wp\/v2\/types\/post"}],"author":[{"embeddable":true,"href":"https:\/\/blogsaverroes.juntadeandalucia.es\/principefelipe\/wp-json\/wp\/v2\/users\/10630"}],"replies":[{"embeddable":true,"href":"https:\/\/blogsaverroes.juntadeandalucia.es\/principefelipe\/wp-json\/wp\/v2\/comments?post=2710"}],"version-history":[{"count":1,"href":"https:\/\/blogsaverroes.juntadeandalucia.es\/principefelipe\/wp-json\/wp\/v2\/posts\/2710\/revisions"}],"predecessor-version":[{"id":2722,"href":"https:\/\/blogsaverroes.juntadeandalucia.es\/principefelipe\/wp-json\/wp\/v2\/posts\/2710\/revisions\/2722"}],"wp:featuredmedia":[{"embeddable":true,"href":"https:\/\/blogsaverroes.juntadeandalucia.es\/principefelipe\/wp-json\/wp\/v2\/media\/2714"}],"wp:attachment":[{"href":"https:\/\/blogsaverroes.juntadeandalucia.es\/principefelipe\/wp-json\/wp\/v2\/media?parent=2710"}],"wp:term":[{"taxonomy":"category","embeddable":true,"href":"https:\/\/blogsaverroes.juntadeandalucia.es\/principefelipe\/wp-json\/wp\/v2\/categories?post=2710"},{"taxonomy":"post_tag","embeddable":true,"href":"https:\/\/blogsaverroes.juntadeandalucia.es\/principefelipe\/wp-json\/wp\/v2\/tags?post=2710"}],"curies":[{"name":"wp","href":"https:\/\/api.w.org\/{rel}","templated":true}]}}