{"id":2923,"date":"2022-11-02T09:11:29","date_gmt":"2022-11-02T09:11:29","guid":{"rendered":"https:\/\/blogsaverroes.juntadeandalucia.es\/principefelipe\/?p=2923"},"modified":"2022-11-02T09:11:29","modified_gmt":"2022-11-02T09:11:29","slug":"nuestro-joven-escritor","status":"publish","type":"post","link":"https:\/\/blogsaverroes.juntadeandalucia.es\/principefelipe\/nuestro-joven-escritor\/","title":{"rendered":"Nuestro Joven Escritor."},"content":{"rendered":"<p style=\"text-align: justify\">El pasado viernes 28 tuvimos una visita muy especial en el colegio. Nuestro antiguo alumno \u00d3scar Ag\u00fcera, vino a presentarnos su primera novela \u00abLa rebeli\u00f3n de Gabrielli y el Poder Ca\u00eddo\u00bb.<\/p>\n<p style=\"text-align: justify\">\u00d3scar hizo una presentaci\u00f3n del libro, en la cual explic\u00f3 como ha sido el largo proceso hasta poder publicar la novela. Comenz\u00f3 explicando, que desde peque\u00f1o escrib\u00eda sus propios relatos y cuentos, algo que le divert\u00eda much\u00edsimo. Pero, fue durante el confinamiento cu\u00e1ndo comenz\u00f3 a idear la trama, que tras 3 a\u00f1os de escritura y muchas vueltas en la cabeza, han dado como resultado su primer libro.<\/p>\n<p style=\"text-align: justify\">El alumnado del centro pudo hacerle preguntas a cerca de la obra y de su elaboraci\u00f3n, que \u00d3scar respondi\u00f3 encantado. Adelant\u00e1ndonos que pretende continuar esta historia creando una saga literaria.<\/p>\n<p style=\"text-align: justify\">El libro ha sido publicado a trav\u00e9s de la Editorial C\u00edrculo Rojo y dentro de poco se podr\u00e1 comprar en librer\u00edas. El joven escritor ha donado un par de ejemplares firmados para la biblioteca del centro, que entrar\u00e1n en nuestro programa de pr\u00e9stamo.<\/p>\n<p style=\"text-align: justify\">\u00d3scar estuvo matriculado en nuestro centro, hasta 5\u00ba de Primaria, cu\u00e1ndo se traslad\u00f3 a Garrucha. Ahora es estudiante de secundaria en el IES Mediterr\u00e1neo.<\/p>\n<p style=\"text-align: justify\">Desde el CEIP Pr\u00edncipe Felipe, le deseamos una pr\u00f3spera carrera como escritor y estamos deseando adquirir m\u00e1s ejemplares, para que todos, alumnado y maestros\/as, podamos disfrutar de su novela.<\/p>\n<p><a href=\"https:\/\/blogsaverroes.juntadeandalucia.es\/principefelipe\/files\/2022\/11\/Image2.jpeg\"><img loading=\"lazy\" decoding=\"async\" class=\"aligncenter size-large wp-image-2925\" src=\"https:\/\/blogsaverroes.juntadeandalucia.es\/principefelipe\/files\/2022\/11\/Image2-1024x765.jpeg\" alt=\"\" width=\"606\" height=\"453\" srcset=\"https:\/\/blogsaverroes.juntadeandalucia.es\/principefelipe\/files\/2022\/11\/Image2-1024x765.jpeg 1024w, https:\/\/blogsaverroes.juntadeandalucia.es\/principefelipe\/files\/2022\/11\/Image2-300x224.jpeg 300w, https:\/\/blogsaverroes.juntadeandalucia.es\/principefelipe\/files\/2022\/11\/Image2-768x574.jpeg 768w, https:\/\/blogsaverroes.juntadeandalucia.es\/principefelipe\/files\/2022\/11\/Image2-1536x1148.jpeg 1536w, https:\/\/blogsaverroes.juntadeandalucia.es\/principefelipe\/files\/2022\/11\/Image2.jpeg 1600w\" sizes=\"(max-width: 606px) 100vw, 606px\" \/><\/a> <a href=\"https:\/\/blogsaverroes.juntadeandalucia.es\/principefelipe\/files\/2022\/11\/Image1.jpeg\"><img loading=\"lazy\" decoding=\"async\" class=\"aligncenter size-large wp-image-2926\" src=\"https:\/\/blogsaverroes.juntadeandalucia.es\/principefelipe\/files\/2022\/11\/Image1-765x1024.jpeg\" alt=\"\" width=\"606\" height=\"811\" srcset=\"https:\/\/blogsaverroes.juntadeandalucia.es\/principefelipe\/files\/2022\/11\/Image1-765x1024.jpeg 765w, https:\/\/blogsaverroes.juntadeandalucia.es\/principefelipe\/files\/2022\/11\/Image1-224x300.jpeg 224w, https:\/\/blogsaverroes.juntadeandalucia.es\/principefelipe\/files\/2022\/11\/Image1-768x1027.jpeg 768w, https:\/\/blogsaverroes.juntadeandalucia.es\/principefelipe\/files\/2022\/11\/Image1-1148x1536.jpeg 1148w, https:\/\/blogsaverroes.juntadeandalucia.es\/principefelipe\/files\/2022\/11\/Image1.jpeg 1196w\" sizes=\"(max-width: 606px) 100vw, 606px\" \/><\/a> <a href=\"https:\/\/blogsaverroes.juntadeandalucia.es\/principefelipe\/files\/2022\/11\/Image.jpeg\"><img loading=\"lazy\" decoding=\"async\" class=\"aligncenter size-large wp-image-2927\" src=\"https:\/\/blogsaverroes.juntadeandalucia.es\/principefelipe\/files\/2022\/11\/Image-765x1024.jpeg\" alt=\"\" width=\"606\" height=\"811\" srcset=\"https:\/\/blogsaverroes.juntadeandalucia.es\/principefelipe\/files\/2022\/11\/Image-765x1024.jpeg 765w, https:\/\/blogsaverroes.juntadeandalucia.es\/principefelipe\/files\/2022\/11\/Image-224x300.jpeg 224w, https:\/\/blogsaverroes.juntadeandalucia.es\/principefelipe\/files\/2022\/11\/Image-768x1027.jpeg 768w, https:\/\/blogsaverroes.juntadeandalucia.es\/principefelipe\/files\/2022\/11\/Image-1148x1536.jpeg 1148w, https:\/\/blogsaverroes.juntadeandalucia.es\/principefelipe\/files\/2022\/11\/Image.jpeg 1196w\" sizes=\"(max-width: 606px) 100vw, 606px\" \/><\/a><\/p>\n","protected":false},"excerpt":{"rendered":"<p>El pasado viernes 28 tuvimos una visita muy especial en el colegio. Nuestro antiguo alumno \u00d3scar Ag\u00fcera, vino a presentarnos su primera novela \u00abLa rebeli\u00f3n de Gabrielli y el Poder Ca\u00eddo\u00bb. \u00d3scar hizo una&#46;&#46;&#46;<\/p>\n","protected":false},"author":10630,"featured_media":2927,"comment_status":"open","ping_status":"open","sticky":false,"template":"","format":"standard","meta":{"ngg_post_thumbnail":0,"footnotes":""},"categories":[11909],"tags":[2351659,2351660],"aioseo_notices":[],"_links":{"self":[{"href":"https:\/\/blogsaverroes.juntadeandalucia.es\/principefelipe\/wp-json\/wp\/v2\/posts\/2923"}],"collection":[{"href":"https:\/\/blogsaverroes.juntadeandalucia.es\/principefelipe\/wp-json\/wp\/v2\/posts"}],"about":[{"href":"https:\/\/blogsaverroes.juntadeandalucia.es\/principefelipe\/wp-json\/wp\/v2\/types\/post"}],"author":[{"embeddable":true,"href":"https:\/\/blogsaverroes.juntadeandalucia.es\/principefelipe\/wp-json\/wp\/v2\/users\/10630"}],"replies":[{"embeddable":true,"href":"https:\/\/blogsaverroes.juntadeandalucia.es\/principefelipe\/wp-json\/wp\/v2\/comments?post=2923"}],"version-history":[{"count":2,"href":"https:\/\/blogsaverroes.juntadeandalucia.es\/principefelipe\/wp-json\/wp\/v2\/posts\/2923\/revisions"}],"predecessor-version":[{"id":2928,"href":"https:\/\/blogsaverroes.juntadeandalucia.es\/principefelipe\/wp-json\/wp\/v2\/posts\/2923\/revisions\/2928"}],"wp:featuredmedia":[{"embeddable":true,"href":"https:\/\/blogsaverroes.juntadeandalucia.es\/principefelipe\/wp-json\/wp\/v2\/media\/2927"}],"wp:attachment":[{"href":"https:\/\/blogsaverroes.juntadeandalucia.es\/principefelipe\/wp-json\/wp\/v2\/media?parent=2923"}],"wp:term":[{"taxonomy":"category","embeddable":true,"href":"https:\/\/blogsaverroes.juntadeandalucia.es\/principefelipe\/wp-json\/wp\/v2\/categories?post=2923"},{"taxonomy":"post_tag","embeddable":true,"href":"https:\/\/blogsaverroes.juntadeandalucia.es\/principefelipe\/wp-json\/wp\/v2\/tags?post=2923"}],"curies":[{"name":"wp","href":"https:\/\/api.w.org\/{rel}","templated":true}]}}