{"id":2989,"date":"2023-03-10T09:07:25","date_gmt":"2023-03-10T09:07:25","guid":{"rendered":"https:\/\/blogsaverroes.juntadeandalucia.es\/principefelipe\/?p=2989"},"modified":"2023-03-13T10:14:55","modified_gmt":"2023-03-13T10:14:55","slug":"8m-dia-de-la-mujer","status":"publish","type":"post","link":"https:\/\/blogsaverroes.juntadeandalucia.es\/principefelipe\/8m-dia-de-la-mujer\/","title":{"rendered":"8M: D\u00eda de la Mujer"},"content":{"rendered":"<p style=\"text-align: justify\">&nbsp;<\/p>\n<p style=\"text-align: justify\"><a href=\"https:\/\/blogsaverroes.juntadeandalucia.es\/principefelipe\/files\/2022\/03\/logopactoestadocolor.png\"><img loading=\"lazy\" decoding=\"async\" class=\"wp-image-2866 alignright\" src=\"https:\/\/blogsaverroes.juntadeandalucia.es\/principefelipe\/files\/2022\/03\/logopactoestadocolor.png\" alt=\"\" width=\"125\" height=\"96\" srcset=\"https:\/\/blogsaverroes.juntadeandalucia.es\/principefelipe\/files\/2022\/03\/logopactoestadocolor.png 882w, https:\/\/blogsaverroes.juntadeandalucia.es\/principefelipe\/files\/2022\/03\/logopactoestadocolor-300x230.png 300w, https:\/\/blogsaverroes.juntadeandalucia.es\/principefelipe\/files\/2022\/03\/logopactoestadocolor-768x589.png 768w\" sizes=\"(max-width: 125px) 100vw, 125px\" \/><\/a>Un a\u00f1o m\u00e1s reivindicamos la igualdad entre g\u00e9neros, con la esperanza de que llegue el d\u00eda en el que la igualdad sea completa. Este curso hemos hecho diferentes actividades a nivel de centro.<\/p>\n<p>&nbsp;<\/p>\n<p style=\"text-align: justify\">Las clases de Infantil y Primer Ciclo de Primaria, realizaron talleres con tareas cotidianas, en las que alumnado realiz\u00f3 los diferentes roles, demostrando que las tareas y labores cotidianas no tiene g\u00e9nero. Aqu\u00ed os dejamos unas im\u00e1genes de dichos talleres:<\/p>\n<p><a href=\"https:\/\/blogsaverroes.juntadeandalucia.es\/principefelipe\/files\/2023\/03\/IMG-20230310-WA00512.jpg\"><img loading=\"lazy\" decoding=\"async\" class=\"aligncenter size-full wp-image-3001\" src=\"https:\/\/blogsaverroes.juntadeandalucia.es\/principefelipe\/files\/2023\/03\/IMG-20230310-WA00512.jpg\" alt=\"\" width=\"768\" height=\"1024\" srcset=\"https:\/\/blogsaverroes.juntadeandalucia.es\/principefelipe\/files\/2023\/03\/IMG-20230310-WA00512.jpg 768w, https:\/\/blogsaverroes.juntadeandalucia.es\/principefelipe\/files\/2023\/03\/IMG-20230310-WA00512-225x300.jpg 225w\" sizes=\"(max-width: 768px) 100vw, 768px\" \/><\/a> <a href=\"https:\/\/blogsaverroes.juntadeandalucia.es\/principefelipe\/files\/2023\/03\/1678437762112.jpg\"><img loading=\"lazy\" decoding=\"async\" class=\"aligncenter size-large wp-image-3002\" src=\"https:\/\/blogsaverroes.juntadeandalucia.es\/principefelipe\/files\/2023\/03\/1678437762112-766x1024.jpg\" alt=\"\" width=\"606\" height=\"810\" srcset=\"https:\/\/blogsaverroes.juntadeandalucia.es\/principefelipe\/files\/2023\/03\/1678437762112-766x1024.jpg 766w, https:\/\/blogsaverroes.juntadeandalucia.es\/principefelipe\/files\/2023\/03\/1678437762112-224x300.jpg 224w, https:\/\/blogsaverroes.juntadeandalucia.es\/principefelipe\/files\/2023\/03\/1678437762112-768x1027.jpg 768w, https:\/\/blogsaverroes.juntadeandalucia.es\/principefelipe\/files\/2023\/03\/1678437762112-1149x1536.jpg 1149w, https:\/\/blogsaverroes.juntadeandalucia.es\/principefelipe\/files\/2023\/03\/1678437762112.jpg 1197w\" sizes=\"(max-width: 606px) 100vw, 606px\" \/><\/a> <a href=\"https:\/\/blogsaverroes.juntadeandalucia.es\/principefelipe\/files\/2023\/03\/1678437762085.jpg\"><img loading=\"lazy\" decoding=\"async\" class=\"aligncenter size-large wp-image-3003\" src=\"https:\/\/blogsaverroes.juntadeandalucia.es\/principefelipe\/files\/2023\/03\/1678437762085-766x1024.jpg\" alt=\"\" width=\"606\" height=\"810\" srcset=\"https:\/\/blogsaverroes.juntadeandalucia.es\/principefelipe\/files\/2023\/03\/1678437762085-766x1024.jpg 766w, https:\/\/blogsaverroes.juntadeandalucia.es\/principefelipe\/files\/2023\/03\/1678437762085-224x300.jpg 224w, https:\/\/blogsaverroes.juntadeandalucia.es\/principefelipe\/files\/2023\/03\/1678437762085-768x1027.jpg 768w, https:\/\/blogsaverroes.juntadeandalucia.es\/principefelipe\/files\/2023\/03\/1678437762085-1149x1536.jpg 1149w, https:\/\/blogsaverroes.juntadeandalucia.es\/principefelipe\/files\/2023\/03\/1678437762085.jpg 1197w\" sizes=\"(max-width: 606px) 100vw, 606px\" \/><\/a> <a href=\"https:\/\/blogsaverroes.juntadeandalucia.es\/principefelipe\/files\/2023\/03\/1678437762126.jpg\"><img loading=\"lazy\" decoding=\"async\" class=\"aligncenter size-large wp-image-3004\" src=\"https:\/\/blogsaverroes.juntadeandalucia.es\/principefelipe\/files\/2023\/03\/1678437762126-766x1024.jpg\" alt=\"\" width=\"606\" height=\"810\" srcset=\"https:\/\/blogsaverroes.juntadeandalucia.es\/principefelipe\/files\/2023\/03\/1678437762126-766x1024.jpg 766w, https:\/\/blogsaverroes.juntadeandalucia.es\/principefelipe\/files\/2023\/03\/1678437762126-224x300.jpg 224w, https:\/\/blogsaverroes.juntadeandalucia.es\/principefelipe\/files\/2023\/03\/1678437762126-768x1027.jpg 768w, https:\/\/blogsaverroes.juntadeandalucia.es\/principefelipe\/files\/2023\/03\/1678437762126-1149x1536.jpg 1149w, https:\/\/blogsaverroes.juntadeandalucia.es\/principefelipe\/files\/2023\/03\/1678437762126.jpg 1197w\" sizes=\"(max-width: 606px) 100vw, 606px\" \/><\/a> <a href=\"https:\/\/blogsaverroes.juntadeandalucia.es\/principefelipe\/files\/2023\/03\/1678437762098.jpg\"><img loading=\"lazy\" decoding=\"async\" class=\"aligncenter size-large wp-image-3005\" src=\"https:\/\/blogsaverroes.juntadeandalucia.es\/principefelipe\/files\/2023\/03\/1678437762098-766x1024.jpg\" alt=\"\" width=\"606\" height=\"810\" srcset=\"https:\/\/blogsaverroes.juntadeandalucia.es\/principefelipe\/files\/2023\/03\/1678437762098-766x1024.jpg 766w, https:\/\/blogsaverroes.juntadeandalucia.es\/principefelipe\/files\/2023\/03\/1678437762098-224x300.jpg 224w, https:\/\/blogsaverroes.juntadeandalucia.es\/principefelipe\/files\/2023\/03\/1678437762098-768x1027.jpg 768w, https:\/\/blogsaverroes.juntadeandalucia.es\/principefelipe\/files\/2023\/03\/1678437762098-1149x1536.jpg 1149w, https:\/\/blogsaverroes.juntadeandalucia.es\/principefelipe\/files\/2023\/03\/1678437762098.jpg 1197w\" sizes=\"(max-width: 606px) 100vw, 606px\" \/><\/a> <a href=\"https:\/\/blogsaverroes.juntadeandalucia.es\/principefelipe\/files\/2023\/03\/1678437762152.jpg\"><img loading=\"lazy\" decoding=\"async\" class=\"aligncenter size-large wp-image-3010\" src=\"https:\/\/blogsaverroes.juntadeandalucia.es\/principefelipe\/files\/2023\/03\/1678437762152-766x1024.jpg\" alt=\"\" width=\"606\" height=\"810\" srcset=\"https:\/\/blogsaverroes.juntadeandalucia.es\/principefelipe\/files\/2023\/03\/1678437762152-766x1024.jpg 766w, https:\/\/blogsaverroes.juntadeandalucia.es\/principefelipe\/files\/2023\/03\/1678437762152-224x300.jpg 224w, https:\/\/blogsaverroes.juntadeandalucia.es\/principefelipe\/files\/2023\/03\/1678437762152-768x1027.jpg 768w, https:\/\/blogsaverroes.juntadeandalucia.es\/principefelipe\/files\/2023\/03\/1678437762152-1149x1536.jpg 1149w, https:\/\/blogsaverroes.juntadeandalucia.es\/principefelipe\/files\/2023\/03\/1678437762152.jpg 1197w\" sizes=\"(max-width: 606px) 100vw, 606px\" \/><\/a> <a href=\"https:\/\/blogsaverroes.juntadeandalucia.es\/principefelipe\/files\/2023\/03\/1678437762138.jpg\"><img loading=\"lazy\" decoding=\"async\" class=\"aligncenter size-large wp-image-3009\" src=\"https:\/\/blogsaverroes.juntadeandalucia.es\/principefelipe\/files\/2023\/03\/1678437762138-766x1024.jpg\" alt=\"\" width=\"606\" height=\"810\" srcset=\"https:\/\/blogsaverroes.juntadeandalucia.es\/principefelipe\/files\/2023\/03\/1678437762138-766x1024.jpg 766w, https:\/\/blogsaverroes.juntadeandalucia.es\/principefelipe\/files\/2023\/03\/1678437762138-224x300.jpg 224w, https:\/\/blogsaverroes.juntadeandalucia.es\/principefelipe\/files\/2023\/03\/1678437762138-768x1027.jpg 768w, https:\/\/blogsaverroes.juntadeandalucia.es\/principefelipe\/files\/2023\/03\/1678437762138-1149x1536.jpg 1149w, https:\/\/blogsaverroes.juntadeandalucia.es\/principefelipe\/files\/2023\/03\/1678437762138.jpg 1197w\" sizes=\"(max-width: 606px) 100vw, 606px\" \/><\/a> <a href=\"https:\/\/blogsaverroes.juntadeandalucia.es\/principefelipe\/files\/2023\/03\/1678437762169.jpg\"><img loading=\"lazy\" decoding=\"async\" class=\"aligncenter size-large wp-image-3008\" src=\"https:\/\/blogsaverroes.juntadeandalucia.es\/principefelipe\/files\/2023\/03\/1678437762169-1024x766.jpg\" alt=\"\" width=\"606\" height=\"453\" srcset=\"https:\/\/blogsaverroes.juntadeandalucia.es\/principefelipe\/files\/2023\/03\/1678437762169-1024x766.jpg 1024w, https:\/\/blogsaverroes.juntadeandalucia.es\/principefelipe\/files\/2023\/03\/1678437762169-300x224.jpg 300w, https:\/\/blogsaverroes.juntadeandalucia.es\/principefelipe\/files\/2023\/03\/1678437762169-768x575.jpg 768w, https:\/\/blogsaverroes.juntadeandalucia.es\/principefelipe\/files\/2023\/03\/1678437762169-1536x1149.jpg 1536w, https:\/\/blogsaverroes.juntadeandalucia.es\/principefelipe\/files\/2023\/03\/1678437762169.jpg 1600w\" sizes=\"(max-width: 606px) 100vw, 606px\" \/><\/a> <a href=\"https:\/\/blogsaverroes.juntadeandalucia.es\/principefelipe\/files\/2023\/03\/1678437762059.jpg\"><img loading=\"lazy\" decoding=\"async\" class=\"aligncenter size-large wp-image-3007\" src=\"https:\/\/blogsaverroes.juntadeandalucia.es\/principefelipe\/files\/2023\/03\/1678437762059-766x1024.jpg\" alt=\"\" width=\"606\" height=\"810\" srcset=\"https:\/\/blogsaverroes.juntadeandalucia.es\/principefelipe\/files\/2023\/03\/1678437762059-766x1024.jpg 766w, https:\/\/blogsaverroes.juntadeandalucia.es\/principefelipe\/files\/2023\/03\/1678437762059-224x300.jpg 224w, https:\/\/blogsaverroes.juntadeandalucia.es\/principefelipe\/files\/2023\/03\/1678437762059-768x1027.jpg 768w, https:\/\/blogsaverroes.juntadeandalucia.es\/principefelipe\/files\/2023\/03\/1678437762059-1149x1536.jpg 1149w, https:\/\/blogsaverroes.juntadeandalucia.es\/principefelipe\/files\/2023\/03\/1678437762059.jpg 1197w\" sizes=\"(max-width: 606px) 100vw, 606px\" \/><\/a> <a href=\"https:\/\/blogsaverroes.juntadeandalucia.es\/principefelipe\/files\/2023\/03\/1678437762071.jpg\"><img loading=\"lazy\" decoding=\"async\" class=\"aligncenter size-large wp-image-3006\" src=\"https:\/\/blogsaverroes.juntadeandalucia.es\/principefelipe\/files\/2023\/03\/1678437762071-766x1024.jpg\" alt=\"\" width=\"606\" height=\"810\" srcset=\"https:\/\/blogsaverroes.juntadeandalucia.es\/principefelipe\/files\/2023\/03\/1678437762071-766x1024.jpg 766w, https:\/\/blogsaverroes.juntadeandalucia.es\/principefelipe\/files\/2023\/03\/1678437762071-224x300.jpg 224w, https:\/\/blogsaverroes.juntadeandalucia.es\/principefelipe\/files\/2023\/03\/1678437762071-768x1027.jpg 768w, https:\/\/blogsaverroes.juntadeandalucia.es\/principefelipe\/files\/2023\/03\/1678437762071-1149x1536.jpg 1149w, https:\/\/blogsaverroes.juntadeandalucia.es\/principefelipe\/files\/2023\/03\/1678437762071.jpg 1197w\" sizes=\"(max-width: 606px) 100vw, 606px\" \/><\/a><\/p>\n<p>&nbsp;<\/p>\n<p>Adem\u00e1s las clases de 4\u00ba, 5\u00ba y 6\u00ba de Primaria han realizado una gran pancarta que ha sido expuesta en la Plaza de la Igualdad de la localidad. Aqu\u00ed os dejamos unas fotos de la realizaci\u00f3n de la pancarta y el resultado final:<\/p>\n<p style=\"text-align: justify\"><a href=\"https:\/\/blogsaverroes.juntadeandalucia.es\/principefelipe\/files\/2023\/03\/1678351984313.jpg\"><img loading=\"lazy\" decoding=\"async\" class=\"aligncenter size-large wp-image-2994\" src=\"https:\/\/blogsaverroes.juntadeandalucia.es\/principefelipe\/files\/2023\/03\/1678351984313-1024x554.jpg\" alt=\"\" width=\"606\" height=\"328\" srcset=\"https:\/\/blogsaverroes.juntadeandalucia.es\/principefelipe\/files\/2023\/03\/1678351984313-1024x554.jpg 1024w, https:\/\/blogsaverroes.juntadeandalucia.es\/principefelipe\/files\/2023\/03\/1678351984313-300x162.jpg 300w, https:\/\/blogsaverroes.juntadeandalucia.es\/principefelipe\/files\/2023\/03\/1678351984313-768x416.jpg 768w, https:\/\/blogsaverroes.juntadeandalucia.es\/principefelipe\/files\/2023\/03\/1678351984313-1536x831.jpg 1536w, https:\/\/blogsaverroes.juntadeandalucia.es\/principefelipe\/files\/2023\/03\/1678351984313.jpg 1600w\" sizes=\"(max-width: 606px) 100vw, 606px\" \/><\/a> <a href=\"https:\/\/blogsaverroes.juntadeandalucia.es\/principefelipe\/files\/2023\/03\/1678351984264.jpg\"><img loading=\"lazy\" decoding=\"async\" class=\"aligncenter size-large wp-image-2990\" src=\"https:\/\/blogsaverroes.juntadeandalucia.es\/principefelipe\/files\/2023\/03\/1678351984264-576x1024.jpg\" alt=\"\" width=\"576\" height=\"1024\" srcset=\"https:\/\/blogsaverroes.juntadeandalucia.es\/principefelipe\/files\/2023\/03\/1678351984264-576x1024.jpg 576w, https:\/\/blogsaverroes.juntadeandalucia.es\/principefelipe\/files\/2023\/03\/1678351984264-169x300.jpg 169w, https:\/\/blogsaverroes.juntadeandalucia.es\/principefelipe\/files\/2023\/03\/1678351984264-768x1366.jpg 768w, https:\/\/blogsaverroes.juntadeandalucia.es\/principefelipe\/files\/2023\/03\/1678351984264-864x1536.jpg 864w, https:\/\/blogsaverroes.juntadeandalucia.es\/principefelipe\/files\/2023\/03\/1678351984264.jpg 899w\" sizes=\"(max-width: 576px) 100vw, 576px\" \/><\/a> <a href=\"https:\/\/blogsaverroes.juntadeandalucia.es\/principefelipe\/files\/2023\/03\/1678351984327.jpg\"><img loading=\"lazy\" decoding=\"async\" class=\"aligncenter size-large wp-image-2995\" src=\"https:\/\/blogsaverroes.juntadeandalucia.es\/principefelipe\/files\/2023\/03\/1678351984327-1024x852.jpg\" alt=\"\" width=\"606\" height=\"504\" srcset=\"https:\/\/blogsaverroes.juntadeandalucia.es\/principefelipe\/files\/2023\/03\/1678351984327-1024x852.jpg 1024w, https:\/\/blogsaverroes.juntadeandalucia.es\/principefelipe\/files\/2023\/03\/1678351984327-300x249.jpg 300w, https:\/\/blogsaverroes.juntadeandalucia.es\/principefelipe\/files\/2023\/03\/1678351984327-768x639.jpg 768w, https:\/\/blogsaverroes.juntadeandalucia.es\/principefelipe\/files\/2023\/03\/1678351984327-1536x1277.jpg 1536w, https:\/\/blogsaverroes.juntadeandalucia.es\/principefelipe\/files\/2023\/03\/1678351984327.jpg 1600w\" sizes=\"(max-width: 606px) 100vw, 606px\" \/><\/a> <a href=\"https:\/\/blogsaverroes.juntadeandalucia.es\/principefelipe\/files\/2023\/03\/1678351984301.jpg\"><img loading=\"lazy\" decoding=\"async\" class=\"aligncenter size-large wp-image-2993\" src=\"https:\/\/blogsaverroes.juntadeandalucia.es\/principefelipe\/files\/2023\/03\/1678351984301-1024x576.jpg\" alt=\"\" width=\"606\" height=\"341\" srcset=\"https:\/\/blogsaverroes.juntadeandalucia.es\/principefelipe\/files\/2023\/03\/1678351984301-1024x576.jpg 1024w, https:\/\/blogsaverroes.juntadeandalucia.es\/principefelipe\/files\/2023\/03\/1678351984301-300x169.jpg 300w, https:\/\/blogsaverroes.juntadeandalucia.es\/principefelipe\/files\/2023\/03\/1678351984301-768x432.jpg 768w, https:\/\/blogsaverroes.juntadeandalucia.es\/principefelipe\/files\/2023\/03\/1678351984301-1536x864.jpg 1536w, https:\/\/blogsaverroes.juntadeandalucia.es\/principefelipe\/files\/2023\/03\/1678351984301.jpg 1599w\" sizes=\"(max-width: 606px) 100vw, 606px\" \/><\/a> <a href=\"https:\/\/blogsaverroes.juntadeandalucia.es\/principefelipe\/files\/2023\/03\/1678351984289.jpg\"><img loading=\"lazy\" decoding=\"async\" class=\"aligncenter size-large wp-image-2992\" src=\"https:\/\/blogsaverroes.juntadeandalucia.es\/principefelipe\/files\/2023\/03\/1678351984289-576x1024.jpg\" alt=\"\" width=\"576\" height=\"1024\" srcset=\"https:\/\/blogsaverroes.juntadeandalucia.es\/principefelipe\/files\/2023\/03\/1678351984289-576x1024.jpg 576w, https:\/\/blogsaverroes.juntadeandalucia.es\/principefelipe\/files\/2023\/03\/1678351984289-169x300.jpg 169w, https:\/\/blogsaverroes.juntadeandalucia.es\/principefelipe\/files\/2023\/03\/1678351984289-768x1366.jpg 768w, https:\/\/blogsaverroes.juntadeandalucia.es\/principefelipe\/files\/2023\/03\/1678351984289-864x1536.jpg 864w, https:\/\/blogsaverroes.juntadeandalucia.es\/principefelipe\/files\/2023\/03\/1678351984289.jpg 899w\" sizes=\"(max-width: 576px) 100vw, 576px\" \/><\/a> <a href=\"https:\/\/blogsaverroes.juntadeandalucia.es\/principefelipe\/files\/2023\/03\/1678351984277.jpg\"><img loading=\"lazy\" decoding=\"async\" class=\"aligncenter size-large wp-image-2991\" src=\"https:\/\/blogsaverroes.juntadeandalucia.es\/principefelipe\/files\/2023\/03\/1678351984277-576x1024.jpg\" alt=\"\" width=\"576\" height=\"1024\" srcset=\"https:\/\/blogsaverroes.juntadeandalucia.es\/principefelipe\/files\/2023\/03\/1678351984277-576x1024.jpg 576w, https:\/\/blogsaverroes.juntadeandalucia.es\/principefelipe\/files\/2023\/03\/1678351984277-169x300.jpg 169w, https:\/\/blogsaverroes.juntadeandalucia.es\/principefelipe\/files\/2023\/03\/1678351984277-768x1366.jpg 768w, https:\/\/blogsaverroes.juntadeandalucia.es\/principefelipe\/files\/2023\/03\/1678351984277-864x1536.jpg 864w, https:\/\/blogsaverroes.juntadeandalucia.es\/principefelipe\/files\/2023\/03\/1678351984277.jpg 899w\" sizes=\"(max-width: 576px) 100vw, 576px\" \/><\/a><\/p>\n<p style=\"text-align: justify\">La clase de 6\u00baB, est\u00e1 realizando una interesante actividad coeducativa. Est\u00e1n aprendiendo nociones b\u00e1sicas de costura y bordado, a trav\u00e9s del punto de cruz. Estas tareas se han vinculado tradicionalmente al g\u00e9nero femenino en el \u00e1mbito dom\u00e9stico. De esta forma ense\u00f1amos al alumnado tareas que desconocen y rompemos los esquemas tradicionales que relacionan determinadas tareas al g\u00e9nero femenino.<a href=\"https:\/\/blogsaverroes.juntadeandalucia.es\/principefelipe\/files\/2023\/03\/1678701722013.jpg\"><img loading=\"lazy\" decoding=\"async\" class=\"aligncenter size-large wp-image-3013\" src=\"https:\/\/blogsaverroes.juntadeandalucia.es\/principefelipe\/files\/2023\/03\/1678701722013-1024x576.jpg\" alt=\"\" width=\"606\" height=\"341\" srcset=\"https:\/\/blogsaverroes.juntadeandalucia.es\/principefelipe\/files\/2023\/03\/1678701722013-1024x576.jpg 1024w, https:\/\/blogsaverroes.juntadeandalucia.es\/principefelipe\/files\/2023\/03\/1678701722013-300x169.jpg 300w, https:\/\/blogsaverroes.juntadeandalucia.es\/principefelipe\/files\/2023\/03\/1678701722013-768x432.jpg 768w, https:\/\/blogsaverroes.juntadeandalucia.es\/principefelipe\/files\/2023\/03\/1678701722013.jpg 1328w\" sizes=\"(max-width: 606px) 100vw, 606px\" \/><\/a> <a href=\"https:\/\/blogsaverroes.juntadeandalucia.es\/principefelipe\/files\/2023\/03\/1678701722003.jpg\"><img loading=\"lazy\" decoding=\"async\" class=\"aligncenter size-large wp-image-3014\" src=\"https:\/\/blogsaverroes.juntadeandalucia.es\/principefelipe\/files\/2023\/03\/1678701722003-1024x576.jpg\" alt=\"\" width=\"606\" height=\"341\" srcset=\"https:\/\/blogsaverroes.juntadeandalucia.es\/principefelipe\/files\/2023\/03\/1678701722003-1024x576.jpg 1024w, https:\/\/blogsaverroes.juntadeandalucia.es\/principefelipe\/files\/2023\/03\/1678701722003-300x169.jpg 300w, https:\/\/blogsaverroes.juntadeandalucia.es\/principefelipe\/files\/2023\/03\/1678701722003-768x432.jpg 768w, https:\/\/blogsaverroes.juntadeandalucia.es\/principefelipe\/files\/2023\/03\/1678701722003.jpg 1328w\" sizes=\"(max-width: 606px) 100vw, 606px\" \/><\/a> <a href=\"https:\/\/blogsaverroes.juntadeandalucia.es\/principefelipe\/files\/2023\/03\/1678701721999.jpg\"><img loading=\"lazy\" decoding=\"async\" class=\"aligncenter size-large wp-image-3015\" src=\"https:\/\/blogsaverroes.juntadeandalucia.es\/principefelipe\/files\/2023\/03\/1678701721999-1024x576.jpg\" alt=\"\" width=\"606\" height=\"341\" srcset=\"https:\/\/blogsaverroes.juntadeandalucia.es\/principefelipe\/files\/2023\/03\/1678701721999-1024x576.jpg 1024w, https:\/\/blogsaverroes.juntadeandalucia.es\/principefelipe\/files\/2023\/03\/1678701721999-300x169.jpg 300w, https:\/\/blogsaverroes.juntadeandalucia.es\/principefelipe\/files\/2023\/03\/1678701721999-768x432.jpg 768w, https:\/\/blogsaverroes.juntadeandalucia.es\/principefelipe\/files\/2023\/03\/1678701721999.jpg 1328w\" sizes=\"(max-width: 606px) 100vw, 606px\" \/><\/a> <a href=\"https:\/\/blogsaverroes.juntadeandalucia.es\/principefelipe\/files\/2023\/03\/1678701722008.jpg\"><img loading=\"lazy\" decoding=\"async\" class=\"aligncenter size-large wp-image-3016\" src=\"https:\/\/blogsaverroes.juntadeandalucia.es\/principefelipe\/files\/2023\/03\/1678701722008-1024x576.jpg\" alt=\"\" width=\"606\" height=\"341\" srcset=\"https:\/\/blogsaverroes.juntadeandalucia.es\/principefelipe\/files\/2023\/03\/1678701722008-1024x576.jpg 1024w, https:\/\/blogsaverroes.juntadeandalucia.es\/principefelipe\/files\/2023\/03\/1678701722008-300x169.jpg 300w, https:\/\/blogsaverroes.juntadeandalucia.es\/principefelipe\/files\/2023\/03\/1678701722008-768x432.jpg 768w, https:\/\/blogsaverroes.juntadeandalucia.es\/principefelipe\/files\/2023\/03\/1678701722008.jpg 1328w\" sizes=\"(max-width: 606px) 100vw, 606px\" \/><\/a><\/p>\n<p>Adem\u00e1s de todas estas actividades, el alumnado del centro ha colaborado en la realizaci\u00f3n del V\u00eddeoClip de \u00abHoy S\u00ed\u00bb,himno creado&nbsp; por el Centro de la Mujer de la localidad, para el 8M e interpretada por la artista local. Aqu\u00ed os dejamos el enlace del v\u00eddeo:<\/p>\n<p><a href=\"https:\/\/drive.google.com\/file\/d\/1JqJCR5TVjBRULXoqnqt6WJBeYrn07OhB\/view?usp=sharing\">https:\/\/drive.google.com\/file\/d\/1JqJCR5TVjBRULXoqnqt6WJBeYrn07OhB\/view?usp=sharing<\/a><\/p>\n","protected":false},"excerpt":{"rendered":"<p>&nbsp; Un a\u00f1o m\u00e1s reivindicamos la igualdad entre g\u00e9neros, con la esperanza de que llegue el d\u00eda en el que la igualdad sea completa. Este curso hemos hecho diferentes actividades a nivel de centro.&#46;&#46;&#46;<\/p>\n","protected":false},"author":10630,"featured_media":2995,"comment_status":"open","ping_status":"open","sticky":false,"template":"","format":"standard","meta":{"ngg_post_thumbnail":0,"footnotes":""},"categories":[11909],"tags":[2351662,2351663,2351664],"aioseo_notices":[],"_links":{"self":[{"href":"https:\/\/blogsaverroes.juntadeandalucia.es\/principefelipe\/wp-json\/wp\/v2\/posts\/2989"}],"collection":[{"href":"https:\/\/blogsaverroes.juntadeandalucia.es\/principefelipe\/wp-json\/wp\/v2\/posts"}],"about":[{"href":"https:\/\/blogsaverroes.juntadeandalucia.es\/principefelipe\/wp-json\/wp\/v2\/types\/post"}],"author":[{"embeddable":true,"href":"https:\/\/blogsaverroes.juntadeandalucia.es\/principefelipe\/wp-json\/wp\/v2\/users\/10630"}],"replies":[{"embeddable":true,"href":"https:\/\/blogsaverroes.juntadeandalucia.es\/principefelipe\/wp-json\/wp\/v2\/comments?post=2989"}],"version-history":[{"count":6,"href":"https:\/\/blogsaverroes.juntadeandalucia.es\/principefelipe\/wp-json\/wp\/v2\/posts\/2989\/revisions"}],"predecessor-version":[{"id":3017,"href":"https:\/\/blogsaverroes.juntadeandalucia.es\/principefelipe\/wp-json\/wp\/v2\/posts\/2989\/revisions\/3017"}],"wp:featuredmedia":[{"embeddable":true,"href":"https:\/\/blogsaverroes.juntadeandalucia.es\/principefelipe\/wp-json\/wp\/v2\/media\/2995"}],"wp:attachment":[{"href":"https:\/\/blogsaverroes.juntadeandalucia.es\/principefelipe\/wp-json\/wp\/v2\/media?parent=2989"}],"wp:term":[{"taxonomy":"category","embeddable":true,"href":"https:\/\/blogsaverroes.juntadeandalucia.es\/principefelipe\/wp-json\/wp\/v2\/categories?post=2989"},{"taxonomy":"post_tag","embeddable":true,"href":"https:\/\/blogsaverroes.juntadeandalucia.es\/principefelipe\/wp-json\/wp\/v2\/tags?post=2989"}],"curies":[{"name":"wp","href":"https:\/\/api.w.org\/{rel}","templated":true}]}}