{"id":3245,"date":"2025-03-10T16:41:33","date_gmt":"2025-03-10T16:41:33","guid":{"rendered":"https:\/\/blogsaverroes.juntadeandalucia.es\/principefelipe\/?p=3245"},"modified":"2025-03-10T17:34:40","modified_gmt":"2025-03-10T17:34:40","slug":"mision-sierra-nevada","status":"publish","type":"post","link":"https:\/\/blogsaverroes.juntadeandalucia.es\/principefelipe\/mision-sierra-nevada\/","title":{"rendered":"Misi\u00f3n Sierra Nevada"},"content":{"rendered":"<p>\u00a1Una Ma\u00f1ana de Diversi\u00f3n en la Nieve!<\/p>\n<p>La excursi\u00f3n a Sierra Nevada ha sido una experiencia inolvidable. Desde primera hora de la ma\u00f1ana, los alumnos disfrutaron desliz\u00e1ndose en trineos y roscos gigantes por las blancas laderas, sintiendo la emoci\u00f3n de la velocidad y la frescura de la nieve en el rostro.<\/p>\n<p>Las risas y la diversi\u00f3n estuvieron presentes en todo momento. Hubo carreras improvisadas, saltos sorprendentes y hasta alguna ca\u00edda divertida, todo en un ambiente de compa\u00f1erismo y emoci\u00f3n.<\/p>\n<p><a href=\"https:\/\/blogsaverroes.juntadeandalucia.es\/principefelipe\/files\/2025\/03\/PHOTO-2025-02-13-16-46-52.jpg\"><img loading=\"lazy\" decoding=\"async\" class=\"aligncenter size-full wp-image-3246\" src=\"https:\/\/blogsaverroes.juntadeandalucia.es\/principefelipe\/files\/2025\/03\/PHOTO-2025-02-13-16-46-52.jpg\" alt=\"\" width=\"1600\" height=\"1200\" srcset=\"https:\/\/blogsaverroes.juntadeandalucia.es\/principefelipe\/files\/2025\/03\/PHOTO-2025-02-13-16-46-52.jpg 1600w, https:\/\/blogsaverroes.juntadeandalucia.es\/principefelipe\/files\/2025\/03\/PHOTO-2025-02-13-16-46-52-300x225.jpg 300w, https:\/\/blogsaverroes.juntadeandalucia.es\/principefelipe\/files\/2025\/03\/PHOTO-2025-02-13-16-46-52-1024x768.jpg 1024w, https:\/\/blogsaverroes.juntadeandalucia.es\/principefelipe\/files\/2025\/03\/PHOTO-2025-02-13-16-46-52-768x576.jpg 768w, https:\/\/blogsaverroes.juntadeandalucia.es\/principefelipe\/files\/2025\/03\/PHOTO-2025-02-13-16-46-52-1536x1152.jpg 1536w\" sizes=\"(max-width: 1600px) 100vw, 1600px\" \/><\/a> <a href=\"https:\/\/blogsaverroes.juntadeandalucia.es\/principefelipe\/files\/2025\/03\/PHOTO-2025-02-13-16-46-531.jpg\"><img loading=\"lazy\" decoding=\"async\" class=\"aligncenter size-full wp-image-3247\" src=\"https:\/\/blogsaverroes.juntadeandalucia.es\/principefelipe\/files\/2025\/03\/PHOTO-2025-02-13-16-46-531.jpg\" alt=\"\" width=\"1600\" height=\"1200\" srcset=\"https:\/\/blogsaverroes.juntadeandalucia.es\/principefelipe\/files\/2025\/03\/PHOTO-2025-02-13-16-46-531.jpg 1600w, https:\/\/blogsaverroes.juntadeandalucia.es\/principefelipe\/files\/2025\/03\/PHOTO-2025-02-13-16-46-531-300x225.jpg 300w, https:\/\/blogsaverroes.juntadeandalucia.es\/principefelipe\/files\/2025\/03\/PHOTO-2025-02-13-16-46-531-1024x768.jpg 1024w, https:\/\/blogsaverroes.juntadeandalucia.es\/principefelipe\/files\/2025\/03\/PHOTO-2025-02-13-16-46-531-768x576.jpg 768w, https:\/\/blogsaverroes.juntadeandalucia.es\/principefelipe\/files\/2025\/03\/PHOTO-2025-02-13-16-46-531-1536x1152.jpg 1536w\" sizes=\"(max-width: 1600px) 100vw, 1600px\" \/><\/a> <a href=\"https:\/\/blogsaverroes.juntadeandalucia.es\/principefelipe\/files\/2025\/03\/PHOTO-2025-02-13-16-46-541.jpg\"><img loading=\"lazy\" decoding=\"async\" class=\"aligncenter size-full wp-image-3248\" src=\"https:\/\/blogsaverroes.juntadeandalucia.es\/principefelipe\/files\/2025\/03\/PHOTO-2025-02-13-16-46-541.jpg\" alt=\"\" width=\"901\" height=\"1600\" srcset=\"https:\/\/blogsaverroes.juntadeandalucia.es\/principefelipe\/files\/2025\/03\/PHOTO-2025-02-13-16-46-541.jpg 901w, https:\/\/blogsaverroes.juntadeandalucia.es\/principefelipe\/files\/2025\/03\/PHOTO-2025-02-13-16-46-541-169x300.jpg 169w, https:\/\/blogsaverroes.juntadeandalucia.es\/principefelipe\/files\/2025\/03\/PHOTO-2025-02-13-16-46-541-577x1024.jpg 577w, https:\/\/blogsaverroes.juntadeandalucia.es\/principefelipe\/files\/2025\/03\/PHOTO-2025-02-13-16-46-541-768x1364.jpg 768w, https:\/\/blogsaverroes.juntadeandalucia.es\/principefelipe\/files\/2025\/03\/PHOTO-2025-02-13-16-46-541-865x1536.jpg 865w\" sizes=\"(max-width: 901px) 100vw, 901px\" \/><\/a> <a href=\"https:\/\/blogsaverroes.juntadeandalucia.es\/principefelipe\/files\/2025\/03\/PHOTO-2025-02-13-16-47-001.jpg\"><img loading=\"lazy\" decoding=\"async\" class=\"aligncenter size-full wp-image-3249\" src=\"https:\/\/blogsaverroes.juntadeandalucia.es\/principefelipe\/files\/2025\/03\/PHOTO-2025-02-13-16-47-001.jpg\" alt=\"\" width=\"1200\" height=\"1600\" srcset=\"https:\/\/blogsaverroes.juntadeandalucia.es\/principefelipe\/files\/2025\/03\/PHOTO-2025-02-13-16-47-001.jpg 1200w, https:\/\/blogsaverroes.juntadeandalucia.es\/principefelipe\/files\/2025\/03\/PHOTO-2025-02-13-16-47-001-225x300.jpg 225w, https:\/\/blogsaverroes.juntadeandalucia.es\/principefelipe\/files\/2025\/03\/PHOTO-2025-02-13-16-47-001-768x1024.jpg 768w, https:\/\/blogsaverroes.juntadeandalucia.es\/principefelipe\/files\/2025\/03\/PHOTO-2025-02-13-16-47-001-1152x1536.jpg 1152w\" sizes=\"(max-width: 1200px) 100vw, 1200px\" \/><\/a> <a href=\"https:\/\/blogsaverroes.juntadeandalucia.es\/principefelipe\/files\/2025\/03\/PHOTO-2025-02-13-16-47-00.jpg\"><img loading=\"lazy\" decoding=\"async\" class=\"aligncenter size-full wp-image-3250\" src=\"https:\/\/blogsaverroes.juntadeandalucia.es\/principefelipe\/files\/2025\/03\/PHOTO-2025-02-13-16-47-00.jpg\" alt=\"\" width=\"1600\" height=\"1200\" srcset=\"https:\/\/blogsaverroes.juntadeandalucia.es\/principefelipe\/files\/2025\/03\/PHOTO-2025-02-13-16-47-00.jpg 1600w, https:\/\/blogsaverroes.juntadeandalucia.es\/principefelipe\/files\/2025\/03\/PHOTO-2025-02-13-16-47-00-300x225.jpg 300w, https:\/\/blogsaverroes.juntadeandalucia.es\/principefelipe\/files\/2025\/03\/PHOTO-2025-02-13-16-47-00-1024x768.jpg 1024w, https:\/\/blogsaverroes.juntadeandalucia.es\/principefelipe\/files\/2025\/03\/PHOTO-2025-02-13-16-47-00-768x576.jpg 768w, https:\/\/blogsaverroes.juntadeandalucia.es\/principefelipe\/files\/2025\/03\/PHOTO-2025-02-13-16-47-00-1536x1152.jpg 1536w\" sizes=\"(max-width: 1600px) 100vw, 1600px\" \/><\/a> <a href=\"https:\/\/blogsaverroes.juntadeandalucia.es\/principefelipe\/files\/2025\/03\/PHOTO-2025-02-13-16-59-32.jpg\"><img loading=\"lazy\" decoding=\"async\" class=\"aligncenter size-full wp-image-3251\" src=\"https:\/\/blogsaverroes.juntadeandalucia.es\/principefelipe\/files\/2025\/03\/PHOTO-2025-02-13-16-59-32.jpg\" alt=\"\" width=\"1500\" height=\"2000\" srcset=\"https:\/\/blogsaverroes.juntadeandalucia.es\/principefelipe\/files\/2025\/03\/PHOTO-2025-02-13-16-59-32.jpg 1200w, https:\/\/blogsaverroes.juntadeandalucia.es\/principefelipe\/files\/2025\/03\/PHOTO-2025-02-13-16-59-32-225x300.jpg 225w, https:\/\/blogsaverroes.juntadeandalucia.es\/principefelipe\/files\/2025\/03\/PHOTO-2025-02-13-16-59-32-768x1024.jpg 768w, https:\/\/blogsaverroes.juntadeandalucia.es\/principefelipe\/files\/2025\/03\/PHOTO-2025-02-13-16-59-32-1152x1536.jpg 1152w\" sizes=\"(max-width: 1500px) 100vw, 1500px\" \/><\/a> <a href=\"https:\/\/blogsaverroes.juntadeandalucia.es\/principefelipe\/files\/2025\/03\/PHOTO-2025-02-13-16-59-48.jpg\"><img loading=\"lazy\" decoding=\"async\" class=\"aligncenter size-full wp-image-3252\" src=\"https:\/\/blogsaverroes.juntadeandalucia.es\/principefelipe\/files\/2025\/03\/PHOTO-2025-02-13-16-59-48.jpg\" alt=\"\" width=\"1500\" height=\"2000\" srcset=\"https:\/\/blogsaverroes.juntadeandalucia.es\/principefelipe\/files\/2025\/03\/PHOTO-2025-02-13-16-59-48.jpg 1200w, https:\/\/blogsaverroes.juntadeandalucia.es\/principefelipe\/files\/2025\/03\/PHOTO-2025-02-13-16-59-48-225x300.jpg 225w, https:\/\/blogsaverroes.juntadeandalucia.es\/principefelipe\/files\/2025\/03\/PHOTO-2025-02-13-16-59-48-768x1024.jpg 768w, https:\/\/blogsaverroes.juntadeandalucia.es\/principefelipe\/files\/2025\/03\/PHOTO-2025-02-13-16-59-48-1152x1536.jpg 1152w\" sizes=\"(max-width: 1500px) 100vw, 1500px\" \/><\/a> <a href=\"https:\/\/blogsaverroes.juntadeandalucia.es\/principefelipe\/files\/2025\/03\/PHOTO-2025-02-13-16-46-502.jpg\"><img loading=\"lazy\" decoding=\"async\" class=\"aligncenter size-full wp-image-3253\" src=\"https:\/\/blogsaverroes.juntadeandalucia.es\/principefelipe\/files\/2025\/03\/PHOTO-2025-02-13-16-46-502.jpg\" alt=\"\" width=\"1600\" height=\"901\" srcset=\"https:\/\/blogsaverroes.juntadeandalucia.es\/principefelipe\/files\/2025\/03\/PHOTO-2025-02-13-16-46-502.jpg 1600w, https:\/\/blogsaverroes.juntadeandalucia.es\/principefelipe\/files\/2025\/03\/PHOTO-2025-02-13-16-46-502-300x169.jpg 300w, https:\/\/blogsaverroes.juntadeandalucia.es\/principefelipe\/files\/2025\/03\/PHOTO-2025-02-13-16-46-502-1024x577.jpg 1024w, https:\/\/blogsaverroes.juntadeandalucia.es\/principefelipe\/files\/2025\/03\/PHOTO-2025-02-13-16-46-502-768x432.jpg 768w, https:\/\/blogsaverroes.juntadeandalucia.es\/principefelipe\/files\/2025\/03\/PHOTO-2025-02-13-16-46-502-1536x865.jpg 1536w\" sizes=\"(max-width: 1600px) 100vw, 1600px\" \/><\/a> <a href=\"https:\/\/blogsaverroes.juntadeandalucia.es\/principefelipe\/files\/2025\/03\/PHOTO-2025-02-13-17-01-32.jpg\"><img loading=\"lazy\" decoding=\"async\" class=\"aligncenter size-full wp-image-3254\" src=\"https:\/\/blogsaverroes.juntadeandalucia.es\/principefelipe\/files\/2025\/03\/PHOTO-2025-02-13-17-01-32.jpg\" alt=\"\" width=\"1200\" height=\"1600\" srcset=\"https:\/\/blogsaverroes.juntadeandalucia.es\/principefelipe\/files\/2025\/03\/PHOTO-2025-02-13-17-01-32.jpg 1200w, https:\/\/blogsaverroes.juntadeandalucia.es\/principefelipe\/files\/2025\/03\/PHOTO-2025-02-13-17-01-32-225x300.jpg 225w, https:\/\/blogsaverroes.juntadeandalucia.es\/principefelipe\/files\/2025\/03\/PHOTO-2025-02-13-17-01-32-768x1024.jpg 768w, https:\/\/blogsaverroes.juntadeandalucia.es\/principefelipe\/files\/2025\/03\/PHOTO-2025-02-13-17-01-32-1152x1536.jpg 1152w\" sizes=\"(max-width: 1200px) 100vw, 1200px\" \/><\/a> <a href=\"https:\/\/blogsaverroes.juntadeandalucia.es\/principefelipe\/files\/2025\/03\/WhatsApp-Image-2025-02-13-at-15.31.10.jpeg\"><img loading=\"lazy\" decoding=\"async\" class=\"aligncenter size-full wp-image-3255\" src=\"https:\/\/blogsaverroes.juntadeandalucia.es\/principefelipe\/files\/2025\/03\/WhatsApp-Image-2025-02-13-at-15.31.10.jpeg\" alt=\"\" width=\"1599\" height=\"899\" srcset=\"https:\/\/blogsaverroes.juntadeandalucia.es\/principefelipe\/files\/2025\/03\/WhatsApp-Image-2025-02-13-at-15.31.10.jpeg 1599w, https:\/\/blogsaverroes.juntadeandalucia.es\/principefelipe\/files\/2025\/03\/WhatsApp-Image-2025-02-13-at-15.31.10-300x169.jpeg 300w, https:\/\/blogsaverroes.juntadeandalucia.es\/principefelipe\/files\/2025\/03\/WhatsApp-Image-2025-02-13-at-15.31.10-1024x576.jpeg 1024w, https:\/\/blogsaverroes.juntadeandalucia.es\/principefelipe\/files\/2025\/03\/WhatsApp-Image-2025-02-13-at-15.31.10-768x432.jpeg 768w, https:\/\/blogsaverroes.juntadeandalucia.es\/principefelipe\/files\/2025\/03\/WhatsApp-Image-2025-02-13-at-15.31.10-1536x864.jpeg 1536w\" sizes=\"(max-width: 1599px) 100vw, 1599px\" \/><\/a> <a href=\"https:\/\/blogsaverroes.juntadeandalucia.es\/principefelipe\/files\/2025\/03\/WhatsApp-Image-2025-02-14-at-07.57.42-2.jpeg\"><img loading=\"lazy\" decoding=\"async\" class=\"aligncenter size-full wp-image-3256\" src=\"https:\/\/blogsaverroes.juntadeandalucia.es\/principefelipe\/files\/2025\/03\/WhatsApp-Image-2025-02-14-at-07.57.42-2.jpeg\" alt=\"\" width=\"1600\" height=\"1200\" srcset=\"https:\/\/blogsaverroes.juntadeandalucia.es\/principefelipe\/files\/2025\/03\/WhatsApp-Image-2025-02-14-at-07.57.42-2.jpeg 1600w, https:\/\/blogsaverroes.juntadeandalucia.es\/principefelipe\/files\/2025\/03\/WhatsApp-Image-2025-02-14-at-07.57.42-2-300x225.jpeg 300w, https:\/\/blogsaverroes.juntadeandalucia.es\/principefelipe\/files\/2025\/03\/WhatsApp-Image-2025-02-14-at-07.57.42-2-1024x768.jpeg 1024w, https:\/\/blogsaverroes.juntadeandalucia.es\/principefelipe\/files\/2025\/03\/WhatsApp-Image-2025-02-14-at-07.57.42-2-768x576.jpeg 768w, https:\/\/blogsaverroes.juntadeandalucia.es\/principefelipe\/files\/2025\/03\/WhatsApp-Image-2025-02-14-at-07.57.42-2-1536x1152.jpeg 1536w\" sizes=\"(max-width: 1600px) 100vw, 1600px\" \/><\/a> <a href=\"https:\/\/blogsaverroes.juntadeandalucia.es\/principefelipe\/files\/2025\/03\/WhatsApp-Image-2025-02-14-at-07.57.42-1.jpeg\"><img loading=\"lazy\" decoding=\"async\" class=\"aligncenter size-full wp-image-3257\" src=\"https:\/\/blogsaverroes.juntadeandalucia.es\/principefelipe\/files\/2025\/03\/WhatsApp-Image-2025-02-14-at-07.57.42-1.jpeg\" alt=\"\" width=\"1600\" height=\"1200\" srcset=\"https:\/\/blogsaverroes.juntadeandalucia.es\/principefelipe\/files\/2025\/03\/WhatsApp-Image-2025-02-14-at-07.57.42-1.jpeg 1600w, https:\/\/blogsaverroes.juntadeandalucia.es\/principefelipe\/files\/2025\/03\/WhatsApp-Image-2025-02-14-at-07.57.42-1-300x225.jpeg 300w, https:\/\/blogsaverroes.juntadeandalucia.es\/principefelipe\/files\/2025\/03\/WhatsApp-Image-2025-02-14-at-07.57.42-1-1024x768.jpeg 1024w, https:\/\/blogsaverroes.juntadeandalucia.es\/principefelipe\/files\/2025\/03\/WhatsApp-Image-2025-02-14-at-07.57.42-1-768x576.jpeg 768w, https:\/\/blogsaverroes.juntadeandalucia.es\/principefelipe\/files\/2025\/03\/WhatsApp-Image-2025-02-14-at-07.57.42-1-1536x1152.jpeg 1536w\" sizes=\"(max-width: 1600px) 100vw, 1600px\" \/><\/a> <a href=\"https:\/\/blogsaverroes.juntadeandalucia.es\/principefelipe\/files\/2025\/03\/WhatsApp-Image-2025-02-14-at-07.57.42.jpeg\"><img loading=\"lazy\" decoding=\"async\" class=\"aligncenter size-full wp-image-3258\" src=\"https:\/\/blogsaverroes.juntadeandalucia.es\/principefelipe\/files\/2025\/03\/WhatsApp-Image-2025-02-14-at-07.57.42.jpeg\" alt=\"\" width=\"1600\" height=\"1200\" srcset=\"https:\/\/blogsaverroes.juntadeandalucia.es\/principefelipe\/files\/2025\/03\/WhatsApp-Image-2025-02-14-at-07.57.42.jpeg 1600w, https:\/\/blogsaverroes.juntadeandalucia.es\/principefelipe\/files\/2025\/03\/WhatsApp-Image-2025-02-14-at-07.57.42-300x225.jpeg 300w, https:\/\/blogsaverroes.juntadeandalucia.es\/principefelipe\/files\/2025\/03\/WhatsApp-Image-2025-02-14-at-07.57.42-1024x768.jpeg 1024w, https:\/\/blogsaverroes.juntadeandalucia.es\/principefelipe\/files\/2025\/03\/WhatsApp-Image-2025-02-14-at-07.57.42-768x576.jpeg 768w, https:\/\/blogsaverroes.juntadeandalucia.es\/principefelipe\/files\/2025\/03\/WhatsApp-Image-2025-02-14-at-07.57.42-1536x1152.jpeg 1536w\" sizes=\"(max-width: 1600px) 100vw, 1600px\" \/><\/a><\/p>\n<p>Sin duda, fue una ma\u00f1ana llena de aventuras y momentos inolvidables, dejando en todos el recuerdo de un d\u00eda espectacular en Sierra Nevada.<\/p>\n","protected":false},"excerpt":{"rendered":"<p>\u00a1Una Ma\u00f1ana de Diversi\u00f3n en la Nieve! La excursi\u00f3n a Sierra Nevada ha sido una experiencia inolvidable. Desde primera hora de la ma\u00f1ana, los alumnos disfrutaron desliz\u00e1ndose en trineos y roscos gigantes por las&#46;&#46;&#46;<\/p>\n","protected":false},"author":10630,"featured_media":0,"comment_status":"open","ping_status":"open","sticky":false,"template":"","format":"standard","meta":{"ngg_post_thumbnail":0,"footnotes":""},"categories":[11909],"tags":[],"aioseo_notices":[],"_links":{"self":[{"href":"https:\/\/blogsaverroes.juntadeandalucia.es\/principefelipe\/wp-json\/wp\/v2\/posts\/3245"}],"collection":[{"href":"https:\/\/blogsaverroes.juntadeandalucia.es\/principefelipe\/wp-json\/wp\/v2\/posts"}],"about":[{"href":"https:\/\/blogsaverroes.juntadeandalucia.es\/principefelipe\/wp-json\/wp\/v2\/types\/post"}],"author":[{"embeddable":true,"href":"https:\/\/blogsaverroes.juntadeandalucia.es\/principefelipe\/wp-json\/wp\/v2\/users\/10630"}],"replies":[{"embeddable":true,"href":"https:\/\/blogsaverroes.juntadeandalucia.es\/principefelipe\/wp-json\/wp\/v2\/comments?post=3245"}],"version-history":[{"count":2,"href":"https:\/\/blogsaverroes.juntadeandalucia.es\/principefelipe\/wp-json\/wp\/v2\/posts\/3245\/revisions"}],"predecessor-version":[{"id":3264,"href":"https:\/\/blogsaverroes.juntadeandalucia.es\/principefelipe\/wp-json\/wp\/v2\/posts\/3245\/revisions\/3264"}],"wp:attachment":[{"href":"https:\/\/blogsaverroes.juntadeandalucia.es\/principefelipe\/wp-json\/wp\/v2\/media?parent=3245"}],"wp:term":[{"taxonomy":"category","embeddable":true,"href":"https:\/\/blogsaverroes.juntadeandalucia.es\/principefelipe\/wp-json\/wp\/v2\/categories?post=3245"},{"taxonomy":"post_tag","embeddable":true,"href":"https:\/\/blogsaverroes.juntadeandalucia.es\/principefelipe\/wp-json\/wp\/v2\/tags?post=3245"}],"curies":[{"name":"wp","href":"https:\/\/api.w.org\/{rel}","templated":true}]}}