{"id":3343,"date":"2020-09-08T15:44:44","date_gmt":"2020-09-08T15:44:44","guid":{"rendered":"https:\/\/blogsaverroes.juntadeandalucia.es\/iesazahar\/?p=3343"},"modified":"2020-09-08T15:44:44","modified_gmt":"2020-09-08T15:44:44","slug":"avisos-importantes","status":"publish","type":"post","link":"https:\/\/blogsaverroes.juntadeandalucia.es\/probando\/2020\/09\/08\/avisos-importantes\/","title":{"rendered":"AVISOS IMPORTANTES"},"content":{"rendered":"<p><strong>Nuestro centro permanecer\u00e1 cerrado ma\u00f1ana, d\u00eda 9 de septiembre, entre las 10:00 y las 12:00 horas<\/strong> por el desplazamiento de todo el personal docente y de Administraci\u00f3n y Servicios al lugar donde se nos realizar\u00e1 la prueba de detecci\u00f3n Covid.<\/p>\n<p>Por otra parte, deseamos comunicar a las familias que, al estar en proceso de organizaci\u00f3n, tanto el horario de reuniones con las familias que se llevar\u00e1 a cabo el d\u00eda 14, como el calendario de incorporaci\u00f3n flexible\u00a0 del alumnado, que tendr\u00e1 lugar a partir del d\u00eda 15, se har\u00e1n p\u00fablicos en la web y en las dem\u00e1s redes a lo largo de la semana.<\/p>\n<p>Agradecemos la comprensi\u00f3n\u00a0 y la colaboraci\u00f3n de toda la Comunidad,\u00a0 y lamentamos los inconvenientes que pudieran surgir dados los condicionantes y\u00a0 la celeridad con los que nos vemos obligados a trabajar estos d\u00edas.<\/p>\n","protected":false},"excerpt":{"rendered":"<p>Nuestro centro permanecer\u00e1 cerrado ma\u00f1ana, d\u00eda 9 de septiembre, entre las 10:00 y las 12:00 horas por el desplazamiento de todo el personal docente y de Administraci\u00f3n y Servicios al lugar donde se nos&#46;&#46;&#46;<\/p>\n","protected":false},"author":17664,"featured_media":0,"comment_status":"closed","ping_status":"closed","sticky":false,"template":"","format":"standard","meta":{"ngg_post_thumbnail":0,"footnotes":""},"categories":[13,27],"tags":[],"aioseo_notices":[],"_links":{"self":[{"href":"https:\/\/blogsaverroes.juntadeandalucia.es\/probando\/wp-json\/wp\/v2\/posts\/3343"}],"collection":[{"href":"https:\/\/blogsaverroes.juntadeandalucia.es\/probando\/wp-json\/wp\/v2\/posts"}],"about":[{"href":"https:\/\/blogsaverroes.juntadeandalucia.es\/probando\/wp-json\/wp\/v2\/types\/post"}],"author":[{"embeddable":true,"href":"https:\/\/blogsaverroes.juntadeandalucia.es\/probando\/wp-json\/wp\/v2\/users\/17664"}],"replies":[{"embeddable":true,"href":"https:\/\/blogsaverroes.juntadeandalucia.es\/probando\/wp-json\/wp\/v2\/comments?post=3343"}],"version-history":[{"count":0,"href":"https:\/\/blogsaverroes.juntadeandalucia.es\/probando\/wp-json\/wp\/v2\/posts\/3343\/revisions"}],"wp:attachment":[{"href":"https:\/\/blogsaverroes.juntadeandalucia.es\/probando\/wp-json\/wp\/v2\/media?parent=3343"}],"wp:term":[{"taxonomy":"category","embeddable":true,"href":"https:\/\/blogsaverroes.juntadeandalucia.es\/probando\/wp-json\/wp\/v2\/categories?post=3343"},{"taxonomy":"post_tag","embeddable":true,"href":"https:\/\/blogsaverroes.juntadeandalucia.es\/probando\/wp-json\/wp\/v2\/tags?post=3343"}],"curies":[{"name":"wp","href":"https:\/\/api.w.org\/{rel}","templated":true}]}}