{"id":3620,"date":"2021-06-01T08:12:28","date_gmt":"2021-06-01T08:12:28","guid":{"rendered":"https:\/\/blogsaverroes.juntadeandalucia.es\/iesazahar\/?p=3620"},"modified":"2021-06-01T08:12:28","modified_gmt":"2021-06-01T08:12:28","slug":"2o-de-bachillerato","status":"publish","type":"post","link":"https:\/\/blogsaverroes.juntadeandalucia.es\/probando\/2021\/06\/01\/2o-de-bachillerato\/","title":{"rendered":"2\u00ba DE BACHILLERATO"},"content":{"rendered":"<p>A primera hora de esta ma\u00f1ana han sido publicadas las calificaciones de 2\u00ba de Bachillerato a trav\u00e9s de <a href=\"https:\/\/youtu.be\/cHLova48ULE\">iPASEN<\/a>, abri\u00e9ndose a partir de ese momento el periodo de revisi\u00f3n hasta ma\u00f1ana, d\u00eda 2 de junio.<\/p>\n<p>Recordamos al alumnado que haya titulado y desee realizar las pruebas de <a href=\"https:\/\/www.juntadeandalucia.es\/economiaconocimientoempresasyuniversidad\/sguit\/?q=grados&amp;d=g_b_calendario.php\">PEvAU<\/a> que tienen de plazo para su inscripci\u00f3n hasta el d\u00eda 7 de junio <a href=\"https:\/\/www.juntadeandalucia.es\/economiaconocimientoempresasyuniversidad\/sguit\/?q=mapa\">(INFORMACI\u00d3N COMPLETA AQU\u00cd)<\/a>\u00a0 lo que deber\u00e1n hacer de manera telem\u00e1tica a trav\u00e9s del <a href=\"https:\/\/estudiantes.us.es\/uvus\">UVUS.<\/a><\/p>\n","protected":false},"excerpt":{"rendered":"<p>A primera hora de esta ma\u00f1ana han sido publicadas las calificaciones de 2\u00ba de Bachillerato a trav\u00e9s de iPASEN, abri\u00e9ndose a partir de ese momento el periodo de revisi\u00f3n hasta ma\u00f1ana, d\u00eda 2 de&#46;&#46;&#46;<\/p>\n","protected":false},"author":17664,"featured_media":0,"comment_status":"closed","ping_status":"closed","sticky":false,"template":"","format":"standard","meta":{"ngg_post_thumbnail":0,"footnotes":""},"categories":[13,27,62],"tags":[],"aioseo_notices":[],"_links":{"self":[{"href":"https:\/\/blogsaverroes.juntadeandalucia.es\/probando\/wp-json\/wp\/v2\/posts\/3620"}],"collection":[{"href":"https:\/\/blogsaverroes.juntadeandalucia.es\/probando\/wp-json\/wp\/v2\/posts"}],"about":[{"href":"https:\/\/blogsaverroes.juntadeandalucia.es\/probando\/wp-json\/wp\/v2\/types\/post"}],"author":[{"embeddable":true,"href":"https:\/\/blogsaverroes.juntadeandalucia.es\/probando\/wp-json\/wp\/v2\/users\/17664"}],"replies":[{"embeddable":true,"href":"https:\/\/blogsaverroes.juntadeandalucia.es\/probando\/wp-json\/wp\/v2\/comments?post=3620"}],"version-history":[{"count":0,"href":"https:\/\/blogsaverroes.juntadeandalucia.es\/probando\/wp-json\/wp\/v2\/posts\/3620\/revisions"}],"wp:attachment":[{"href":"https:\/\/blogsaverroes.juntadeandalucia.es\/probando\/wp-json\/wp\/v2\/media?parent=3620"}],"wp:term":[{"taxonomy":"category","embeddable":true,"href":"https:\/\/blogsaverroes.juntadeandalucia.es\/probando\/wp-json\/wp\/v2\/categories?post=3620"},{"taxonomy":"post_tag","embeddable":true,"href":"https:\/\/blogsaverroes.juntadeandalucia.es\/probando\/wp-json\/wp\/v2\/tags?post=3620"}],"curies":[{"name":"wp","href":"https:\/\/api.w.org\/{rel}","templated":true}]}}