{"id":120,"date":"2020-04-07T11:47:27","date_gmt":"2020-04-07T09:47:27","guid":{"rendered":"https:\/\/blogsaverroes.juntadeandalucia.es\/profeantoniojulian\/?p=120"},"modified":"2020-04-07T11:55:24","modified_gmt":"2020-04-07T09:55:24","slug":"galera","status":"publish","type":"post","link":"https:\/\/blogsaverroes.juntadeandalucia.es\/profeantoniojulian\/galera\/","title":{"rendered":"Galera"},"content":{"rendered":"<p>En&nbsp;<strong>noviembre de 2.002<\/strong>&nbsp;apareci\u00f3 en Castell\u00f3n Alto un enterramiento con dos individuos, uno de ellos parcialmente momificado. \u00c9ste conserva tejidos corporales y piel, as\u00ed como el pelo.<\/p>\n<p>&nbsp;<\/p>\n<p>El excelente estado de conservaci\u00f3n de los restos de la sepultura, sin paralelo en la Pen\u00ednsula Ib\u00e9rica, ha permitido conocer muchos aspectos del mundo arg\u00e1rico que antes se desconoc\u00edan. Los restos originales de la sepultura se exhiben en el&nbsp;<a href=\"https:\/\/www.venagalera.com\/sobre-galera\/lugares-que-visitar\/museo-de-galera\/\">Museo de Galera<\/a>.<\/p>\n<p>&nbsp;<\/p>\n<p>Si te interesa saber m\u00e1s sobre la Momia de Galera,&nbsp;<a href=\"https:\/\/www.venagalera.com\/sobre-galera\/videoteca-local\/patrimonio-y-cultura\/\" target=\"\" rel=\"noopener noreferrer\">pincha aqu\u00ed<\/a>&nbsp;para ver el reportaje sobre la misma televisado en el programa \u00abCuarto Mileno\u00bb de Cuatro.<img loading=\"lazy\" decoding=\"async\" class=\"alignnone size-medium wp-image-121\" src=\"https:\/\/blogsaverroes.juntadeandalucia.es\/profeantoniojulian\/files\/2020\/04\/DSC3231-300x199.jpg\" alt=\"\" width=\"300\" height=\"199\" srcset=\"https:\/\/blogsaverroes.juntadeandalucia.es\/profeantoniojulian\/files\/2020\/04\/DSC3231-300x199.jpg 300w, https:\/\/blogsaverroes.juntadeandalucia.es\/profeantoniojulian\/files\/2020\/04\/DSC3231-768x508.jpg 768w, https:\/\/blogsaverroes.juntadeandalucia.es\/profeantoniojulian\/files\/2020\/04\/DSC3231-1024x678.jpg 1024w, https:\/\/blogsaverroes.juntadeandalucia.es\/profeantoniojulian\/files\/2020\/04\/DSC3231-24x16.jpg 24w, https:\/\/blogsaverroes.juntadeandalucia.es\/profeantoniojulian\/files\/2020\/04\/DSC3231-36x24.jpg 36w, https:\/\/blogsaverroes.juntadeandalucia.es\/profeantoniojulian\/files\/2020\/04\/DSC3231-48x32.jpg 48w, https:\/\/blogsaverroes.juntadeandalucia.es\/profeantoniojulian\/files\/2020\/04\/DSC3231.jpg 1600w\" sizes=\"(max-width: 300px) 100vw, 300px\" \/> <img loading=\"lazy\" decoding=\"async\" class=\"alignnone size-medium wp-image-122\" src=\"https:\/\/blogsaverroes.juntadeandalucia.es\/profeantoniojulian\/files\/2020\/04\/1552072727-300x225.jpg\" alt=\"\" width=\"300\" height=\"225\" srcset=\"https:\/\/blogsaverroes.juntadeandalucia.es\/profeantoniojulian\/files\/2020\/04\/1552072727-300x225.jpg 300w, https:\/\/blogsaverroes.juntadeandalucia.es\/profeantoniojulian\/files\/2020\/04\/1552072727-768x576.jpg 768w, https:\/\/blogsaverroes.juntadeandalucia.es\/profeantoniojulian\/files\/2020\/04\/1552072727-24x18.jpg 24w, https:\/\/blogsaverroes.juntadeandalucia.es\/profeantoniojulian\/files\/2020\/04\/1552072727-36x27.jpg 36w, https:\/\/blogsaverroes.juntadeandalucia.es\/profeantoniojulian\/files\/2020\/04\/1552072727-48x36.jpg 48w, https:\/\/blogsaverroes.juntadeandalucia.es\/profeantoniojulian\/files\/2020\/04\/1552072727.jpg 800w\" sizes=\"(max-width: 300px) 100vw, 300px\" \/> <img loading=\"lazy\" decoding=\"async\" class=\"alignnone size-medium wp-image-123\" src=\"https:\/\/blogsaverroes.juntadeandalucia.es\/profeantoniojulian\/files\/2020\/04\/galera-300x257.jpg\" alt=\"\" width=\"300\" height=\"257\" srcset=\"https:\/\/blogsaverroes.juntadeandalucia.es\/profeantoniojulian\/files\/2020\/04\/galera.jpg 300w, https:\/\/blogsaverroes.juntadeandalucia.es\/profeantoniojulian\/files\/2020\/04\/galera-24x21.jpg 24w, https:\/\/blogsaverroes.juntadeandalucia.es\/profeantoniojulian\/files\/2020\/04\/galera-36x31.jpg 36w, https:\/\/blogsaverroes.juntadeandalucia.es\/profeantoniojulian\/files\/2020\/04\/galera-48x41.jpg 48w\" sizes=\"(max-width: 300px) 100vw, 300px\" \/> <img loading=\"lazy\" decoding=\"async\" class=\"alignnone size-medium wp-image-124\" src=\"https:\/\/blogsaverroes.juntadeandalucia.es\/profeantoniojulian\/files\/2020\/04\/MOMIA-DE-GALERA-300x150.jpg\" alt=\"\" width=\"300\" height=\"150\" srcset=\"https:\/\/blogsaverroes.juntadeandalucia.es\/profeantoniojulian\/files\/2020\/04\/MOMIA-DE-GALERA-300x150.jpg 300w, https:\/\/blogsaverroes.juntadeandalucia.es\/profeantoniojulian\/files\/2020\/04\/MOMIA-DE-GALERA-768x384.jpg 768w, https:\/\/blogsaverroes.juntadeandalucia.es\/profeantoniojulian\/files\/2020\/04\/MOMIA-DE-GALERA-24x12.jpg 24w, https:\/\/blogsaverroes.juntadeandalucia.es\/profeantoniojulian\/files\/2020\/04\/MOMIA-DE-GALERA-36x18.jpg 36w, https:\/\/blogsaverroes.juntadeandalucia.es\/profeantoniojulian\/files\/2020\/04\/MOMIA-DE-GALERA-48x24.jpg 48w, https:\/\/blogsaverroes.juntadeandalucia.es\/profeantoniojulian\/files\/2020\/04\/MOMIA-DE-GALERA.jpg 840w\" sizes=\"(max-width: 300px) 100vw, 300px\" \/><\/p>\n<div id=\"attachment_126\" style=\"width: 259px\" class=\"wp-caption alignnone\"><img loading=\"lazy\" decoding=\"async\" aria-describedby=\"caption-attachment-126\" class=\"size-medium wp-image-126\" src=\"https:\/\/blogsaverroes.juntadeandalucia.es\/profeantoniojulian\/files\/2020\/04\/tumba121_galera-249x300.jpg\" alt=\"\" width=\"249\" height=\"300\" srcset=\"https:\/\/blogsaverroes.juntadeandalucia.es\/profeantoniojulian\/files\/2020\/04\/tumba121_galera-249x300.jpg 249w, https:\/\/blogsaverroes.juntadeandalucia.es\/profeantoniojulian\/files\/2020\/04\/tumba121_galera-20x24.jpg 20w, https:\/\/blogsaverroes.juntadeandalucia.es\/profeantoniojulian\/files\/2020\/04\/tumba121_galera-30x36.jpg 30w, https:\/\/blogsaverroes.juntadeandalucia.es\/profeantoniojulian\/files\/2020\/04\/tumba121_galera-40x48.jpg 40w, https:\/\/blogsaverroes.juntadeandalucia.es\/profeantoniojulian\/files\/2020\/04\/tumba121_galera.jpg 551w\" sizes=\"(max-width: 249px) 100vw, 249px\" \/><p id=\"caption-attachment-126\" class=\"wp-caption-text\">Tumba<\/p><\/div>\n<div id=\"attachment_123\" style=\"width: 310px\" class=\"wp-caption alignnone\"><img loading=\"lazy\" decoding=\"async\" aria-describedby=\"caption-attachment-123\" class=\"size-medium wp-image-123\" src=\"https:\/\/blogsaverroes.juntadeandalucia.es\/profeantoniojulian\/files\/2020\/04\/galera-300x257.jpg\" alt=\"\" width=\"300\" height=\"257\" srcset=\"https:\/\/blogsaverroes.juntadeandalucia.es\/profeantoniojulian\/files\/2020\/04\/galera.jpg 300w, https:\/\/blogsaverroes.juntadeandalucia.es\/profeantoniojulian\/files\/2020\/04\/galera-24x21.jpg 24w, https:\/\/blogsaverroes.juntadeandalucia.es\/profeantoniojulian\/files\/2020\/04\/galera-36x31.jpg 36w, https:\/\/blogsaverroes.juntadeandalucia.es\/profeantoniojulian\/files\/2020\/04\/galera-48x41.jpg 48w\" sizes=\"(max-width: 300px) 100vw, 300px\" \/><p id=\"caption-attachment-123\" class=\"wp-caption-text\">Poblado de Castell\u00f3n Alto<\/p><\/div>\n<div id=\"attachment_124\" style=\"width: 310px\" class=\"wp-caption alignnone\"><img loading=\"lazy\" decoding=\"async\" aria-describedby=\"caption-attachment-124\" class=\"size-medium wp-image-124\" src=\"https:\/\/blogsaverroes.juntadeandalucia.es\/profeantoniojulian\/files\/2020\/04\/MOMIA-DE-GALERA-300x150.jpg\" alt=\"\" width=\"300\" height=\"150\" srcset=\"https:\/\/blogsaverroes.juntadeandalucia.es\/profeantoniojulian\/files\/2020\/04\/MOMIA-DE-GALERA-300x150.jpg 300w, https:\/\/blogsaverroes.juntadeandalucia.es\/profeantoniojulian\/files\/2020\/04\/MOMIA-DE-GALERA-768x384.jpg 768w, https:\/\/blogsaverroes.juntadeandalucia.es\/profeantoniojulian\/files\/2020\/04\/MOMIA-DE-GALERA-24x12.jpg 24w, https:\/\/blogsaverroes.juntadeandalucia.es\/profeantoniojulian\/files\/2020\/04\/MOMIA-DE-GALERA-36x18.jpg 36w, https:\/\/blogsaverroes.juntadeandalucia.es\/profeantoniojulian\/files\/2020\/04\/MOMIA-DE-GALERA-48x24.jpg 48w, https:\/\/blogsaverroes.juntadeandalucia.es\/profeantoniojulian\/files\/2020\/04\/MOMIA-DE-GALERA.jpg 840w\" sizes=\"(max-width: 300px) 100vw, 300px\" \/><p id=\"caption-attachment-124\" class=\"wp-caption-text\">Momia de Galera<\/p><\/div>\n","protected":false},"excerpt":{"rendered":"<p>En&nbsp;noviembre de 2.002&nbsp;apareci\u00f3 en Castell\u00f3n Alto un enterramiento con dos individuos, uno de ellos parcialmente momificado. \u00c9ste conserva tejidos corporales y piel, as\u00ed como el pelo. &nbsp; El excelente estado de conservaci\u00f3n de los&#46;&#46;&#46;<\/p>\n","protected":false},"author":9379,"featured_media":0,"comment_status":"open","ping_status":"open","sticky":false,"template":"","format":"standard","meta":{"ngg_post_thumbnail":0,"footnotes":""},"categories":[11],"tags":[],"aioseo_notices":[],"_links":{"self":[{"href":"https:\/\/blogsaverroes.juntadeandalucia.es\/profeantoniojulian\/wp-json\/wp\/v2\/posts\/120"}],"collection":[{"href":"https:\/\/blogsaverroes.juntadeandalucia.es\/profeantoniojulian\/wp-json\/wp\/v2\/posts"}],"about":[{"href":"https:\/\/blogsaverroes.juntadeandalucia.es\/profeantoniojulian\/wp-json\/wp\/v2\/types\/post"}],"author":[{"embeddable":true,"href":"https:\/\/blogsaverroes.juntadeandalucia.es\/profeantoniojulian\/wp-json\/wp\/v2\/users\/9379"}],"replies":[{"embeddable":true,"href":"https:\/\/blogsaverroes.juntadeandalucia.es\/profeantoniojulian\/wp-json\/wp\/v2\/comments?post=120"}],"version-history":[{"count":1,"href":"https:\/\/blogsaverroes.juntadeandalucia.es\/profeantoniojulian\/wp-json\/wp\/v2\/posts\/120\/revisions"}],"predecessor-version":[{"id":127,"href":"https:\/\/blogsaverroes.juntadeandalucia.es\/profeantoniojulian\/wp-json\/wp\/v2\/posts\/120\/revisions\/127"}],"wp:attachment":[{"href":"https:\/\/blogsaverroes.juntadeandalucia.es\/profeantoniojulian\/wp-json\/wp\/v2\/media?parent=120"}],"wp:term":[{"taxonomy":"category","embeddable":true,"href":"https:\/\/blogsaverroes.juntadeandalucia.es\/profeantoniojulian\/wp-json\/wp\/v2\/categories?post=120"},{"taxonomy":"post_tag","embeddable":true,"href":"https:\/\/blogsaverroes.juntadeandalucia.es\/profeantoniojulian\/wp-json\/wp\/v2\/tags?post=120"}],"curies":[{"name":"wp","href":"https:\/\/api.w.org\/{rel}","templated":true}]}}