{"id":128,"date":"2020-04-07T11:52:41","date_gmt":"2020-04-07T09:52:41","guid":{"rendered":"https:\/\/blogsaverroes.juntadeandalucia.es\/profeantoniojulian\/?p=128"},"modified":"2020-04-07T11:54:52","modified_gmt":"2020-04-07T09:54:52","slug":"casas-iberas","status":"publish","type":"post","link":"https:\/\/blogsaverroes.juntadeandalucia.es\/profeantoniojulian\/casas-iberas\/","title":{"rendered":"Casas iberas"},"content":{"rendered":"<p>Los poblados ib\u00e9ricos no se diferencian mucho en su urbanismo de los pueblos mediterr\u00e1neos actuales.&nbsp;<b>Calles no muy anchas y m\u00e1s o menos rectas adapt\u00e1ndose a la configuraci\u00f3n del terreno&nbsp;<\/b>y cruzadas por alguna transversal menos importante. No hay edificios privados o p\u00fablicos que destaquen sobre la median\u00eda general.<\/p>\n<p>La arquitectura ibera es elemental, sin grandes edificios de uso colectivo, aunque<b>&nbsp;presenta cierto orden jer\u00e1rquico<\/b>: las viviendas m\u00e1s estructuradas ocupan la zona m\u00e1s noble; la parte artesanal (herrer\u00edas, carpinter\u00edas, esparter\u00edas&#8230;) se sit\u00faa en el lugar m\u00e1s conveniente para atenuar las molestias que acarrea.<\/p>\n<p><b>2 Sus casas<\/b><\/p>\n<p>La vivienda ibera es generalmente de&nbsp;<b>reducidas dimensiones<\/b>, alrededor de 25 m<sup>2<\/sup>. Suele constar de una sola planta. Casi todas las casas cuentan con una habitaci\u00f3n central, alguna secundaria y un patio.<\/p>\n<div id=\"attachment_129\" style=\"width: 310px\" class=\"wp-caption alignnone\"><img loading=\"lazy\" decoding=\"async\" aria-describedby=\"caption-attachment-129\" class=\"size-medium wp-image-129\" src=\"https:\/\/blogsaverroes.juntadeandalucia.es\/profeantoniojulian\/files\/2020\/04\/vivienda_ibera-300x289.jpg\" alt=\"\" width=\"300\" height=\"289\" srcset=\"https:\/\/blogsaverroes.juntadeandalucia.es\/profeantoniojulian\/files\/2020\/04\/vivienda_ibera-300x289.jpg 300w, https:\/\/blogsaverroes.juntadeandalucia.es\/profeantoniojulian\/files\/2020\/04\/vivienda_ibera-24x24.jpg 24w, https:\/\/blogsaverroes.juntadeandalucia.es\/profeantoniojulian\/files\/2020\/04\/vivienda_ibera-36x36.jpg 36w, https:\/\/blogsaverroes.juntadeandalucia.es\/profeantoniojulian\/files\/2020\/04\/vivienda_ibera-48x46.jpg 48w, https:\/\/blogsaverroes.juntadeandalucia.es\/profeantoniojulian\/files\/2020\/04\/vivienda_ibera.jpg 481w\" sizes=\"(max-width: 300px) 100vw, 300px\" \/><p id=\"caption-attachment-129\" class=\"wp-caption-text\">Vivienda ibera<\/p><\/div>\n<p>El hogar es el punto donde arde el fuego que sirve para cocinar e iluminar la estancia.&nbsp;<b>Suele emplazarse en el centro de la habitaci\u00f3n cuadrangular,<\/b>&nbsp;marcado por una solera de tierra apisonada o de piedra<\/p>\n","protected":false},"excerpt":{"rendered":"<p>Los poblados ib\u00e9ricos no se diferencian mucho en su urbanismo de los pueblos mediterr\u00e1neos actuales.&nbsp;Calles no muy anchas y m\u00e1s o menos rectas adapt\u00e1ndose a la configuraci\u00f3n del terreno&nbsp;y cruzadas por alguna transversal menos&#46;&#46;&#46;<\/p>\n","protected":false},"author":9379,"featured_media":0,"comment_status":"open","ping_status":"open","sticky":false,"template":"","format":"standard","meta":{"ngg_post_thumbnail":0,"footnotes":""},"categories":[11],"tags":[],"aioseo_notices":[],"_links":{"self":[{"href":"https:\/\/blogsaverroes.juntadeandalucia.es\/profeantoniojulian\/wp-json\/wp\/v2\/posts\/128"}],"collection":[{"href":"https:\/\/blogsaverroes.juntadeandalucia.es\/profeantoniojulian\/wp-json\/wp\/v2\/posts"}],"about":[{"href":"https:\/\/blogsaverroes.juntadeandalucia.es\/profeantoniojulian\/wp-json\/wp\/v2\/types\/post"}],"author":[{"embeddable":true,"href":"https:\/\/blogsaverroes.juntadeandalucia.es\/profeantoniojulian\/wp-json\/wp\/v2\/users\/9379"}],"replies":[{"embeddable":true,"href":"https:\/\/blogsaverroes.juntadeandalucia.es\/profeantoniojulian\/wp-json\/wp\/v2\/comments?post=128"}],"version-history":[{"count":1,"href":"https:\/\/blogsaverroes.juntadeandalucia.es\/profeantoniojulian\/wp-json\/wp\/v2\/posts\/128\/revisions"}],"predecessor-version":[{"id":130,"href":"https:\/\/blogsaverroes.juntadeandalucia.es\/profeantoniojulian\/wp-json\/wp\/v2\/posts\/128\/revisions\/130"}],"wp:attachment":[{"href":"https:\/\/blogsaverroes.juntadeandalucia.es\/profeantoniojulian\/wp-json\/wp\/v2\/media?parent=128"}],"wp:term":[{"taxonomy":"category","embeddable":true,"href":"https:\/\/blogsaverroes.juntadeandalucia.es\/profeantoniojulian\/wp-json\/wp\/v2\/categories?post=128"},{"taxonomy":"post_tag","embeddable":true,"href":"https:\/\/blogsaverroes.juntadeandalucia.es\/profeantoniojulian\/wp-json\/wp\/v2\/tags?post=128"}],"curies":[{"name":"wp","href":"https:\/\/api.w.org\/{rel}","templated":true}]}}