{"id":1495,"date":"2020-04-17T10:41:04","date_gmt":"2020-04-17T08:41:04","guid":{"rendered":"https:\/\/blogsaverroes.juntadeandalucia.es\/profeantoniojulian\/?p=1495"},"modified":"2020-04-17T10:41:04","modified_gmt":"2020-04-17T08:41:04","slug":"plato-del-iv-a-c","status":"publish","type":"post","link":"https:\/\/blogsaverroes.juntadeandalucia.es\/profeantoniojulian\/plato-del-iv-a-c\/","title":{"rendered":"Plato del IV a.C."},"content":{"rendered":"<p>Saludos, amantes de la Historia<\/p>\n<p>Necesito de vuestra colaboraci\u00f3n para un proyecto de investigaci\u00f3n que estoy llevando a cabo sobre Basti en el a\u00f1o 550 a.C. aproximadamente. Se trata de una \u00e9poca fascinante y creo que ha atra\u00eddo mi atenci\u00f3n casi total.<\/p>\n<div id=\"attachment_1496\" style=\"width: 310px\" class=\"wp-caption alignnone\"><img loading=\"lazy\" decoding=\"async\" aria-describedby=\"caption-attachment-1496\" class=\"size-medium wp-image-1496\" src=\"https:\/\/blogsaverroes.juntadeandalucia.es\/profeantoniojulian\/files\/2020\/04\/Cer\u00e1mica-300x263.jpg\" alt=\"\" width=\"300\" height=\"263\" srcset=\"https:\/\/blogsaverroes.juntadeandalucia.es\/profeantoniojulian\/files\/2020\/04\/Cer\u00e1mica-300x263.jpg 300w, https:\/\/blogsaverroes.juntadeandalucia.es\/profeantoniojulian\/files\/2020\/04\/Cer\u00e1mica-768x672.jpg 768w, https:\/\/blogsaverroes.juntadeandalucia.es\/profeantoniojulian\/files\/2020\/04\/Cer\u00e1mica-24x21.jpg 24w, https:\/\/blogsaverroes.juntadeandalucia.es\/profeantoniojulian\/files\/2020\/04\/Cer\u00e1mica-36x32.jpg 36w, https:\/\/blogsaverroes.juntadeandalucia.es\/profeantoniojulian\/files\/2020\/04\/Cer\u00e1mica-48x42.jpg 48w, https:\/\/blogsaverroes.juntadeandalucia.es\/profeantoniojulian\/files\/2020\/04\/Cer\u00e1mica.jpg 800w\" sizes=\"(max-width: 300px) 100vw, 300px\" \/><p id=\"caption-attachment-1496\" class=\"wp-caption-text\">Museo arqueol\u00f3gico de Baza<\/p><\/div>\n<p>Por lo tanto, cualquier aportaci\u00f3n sobre Basti, alrededores o la \u00e9poca en concreto,ser\u00e1 agradecida.<\/p>\n<p>Te espero<\/p>\n","protected":false},"excerpt":{"rendered":"<p>Saludos, amantes de la Historia Necesito de vuestra colaboraci\u00f3n para un proyecto de investigaci\u00f3n que estoy llevando a cabo sobre Basti en el a\u00f1o 550 a.C. aproximadamente. Se trata de una \u00e9poca fascinante y&#46;&#46;&#46;<\/p>\n","protected":false},"author":9379,"featured_media":0,"comment_status":"open","ping_status":"open","sticky":false,"template":"","format":"standard","meta":{"ngg_post_thumbnail":0,"footnotes":""},"categories":[11],"tags":[110,10,109,111,113,112],"aioseo_notices":[],"_links":{"self":[{"href":"https:\/\/blogsaverroes.juntadeandalucia.es\/profeantoniojulian\/wp-json\/wp\/v2\/posts\/1495"}],"collection":[{"href":"https:\/\/blogsaverroes.juntadeandalucia.es\/profeantoniojulian\/wp-json\/wp\/v2\/posts"}],"about":[{"href":"https:\/\/blogsaverroes.juntadeandalucia.es\/profeantoniojulian\/wp-json\/wp\/v2\/types\/post"}],"author":[{"embeddable":true,"href":"https:\/\/blogsaverroes.juntadeandalucia.es\/profeantoniojulian\/wp-json\/wp\/v2\/users\/9379"}],"replies":[{"embeddable":true,"href":"https:\/\/blogsaverroes.juntadeandalucia.es\/profeantoniojulian\/wp-json\/wp\/v2\/comments?post=1495"}],"version-history":[{"count":1,"href":"https:\/\/blogsaverroes.juntadeandalucia.es\/profeantoniojulian\/wp-json\/wp\/v2\/posts\/1495\/revisions"}],"predecessor-version":[{"id":1497,"href":"https:\/\/blogsaverroes.juntadeandalucia.es\/profeantoniojulian\/wp-json\/wp\/v2\/posts\/1495\/revisions\/1497"}],"wp:attachment":[{"href":"https:\/\/blogsaverroes.juntadeandalucia.es\/profeantoniojulian\/wp-json\/wp\/v2\/media?parent=1495"}],"wp:term":[{"taxonomy":"category","embeddable":true,"href":"https:\/\/blogsaverroes.juntadeandalucia.es\/profeantoniojulian\/wp-json\/wp\/v2\/categories?post=1495"},{"taxonomy":"post_tag","embeddable":true,"href":"https:\/\/blogsaverroes.juntadeandalucia.es\/profeantoniojulian\/wp-json\/wp\/v2\/tags?post=1495"}],"curies":[{"name":"wp","href":"https:\/\/api.w.org\/{rel}","templated":true}]}}