{"id":2062,"date":"2020-04-25T20:52:23","date_gmt":"2020-04-25T18:52:23","guid":{"rendered":"https:\/\/blogsaverroes.juntadeandalucia.es\/profeantoniojulian\/?p=2062"},"modified":"2020-04-25T20:52:23","modified_gmt":"2020-04-25T18:52:23","slug":"realismo","status":"publish","type":"post","link":"https:\/\/blogsaverroes.juntadeandalucia.es\/profeantoniojulian\/realismo\/","title":{"rendered":"Realismo"},"content":{"rendered":"<p>El mundo est\u00e1 cambiando de la mano de la conocida \u00abRevoluci\u00f3n Industrial\u00bb que cambiar\u00e1 la faz de las ciudades europeas. El artista se convierte en cronista de lo real, dando testimonio de la transformaci\u00f3n que est\u00e1 sufriendo el mundo occidental. Vemos obras que rivalizan o superan las im\u00e1genes impregnadas sobre haluro de plata.<\/p>\n<p>&nbsp;<\/p>\n<p><img loading=\"lazy\" decoding=\"async\" class=\"alignnone  wp-image-2056\" src=\"https:\/\/blogsaverroes.juntadeandalucia.es\/profeantoniojulian\/files\/2020\/04\/Gustave_Courbet_Boh\u00e8mes_Grand_Palais_8164920037-300x260.jpg\" alt=\"\" width=\"467\" height=\"405\" srcset=\"https:\/\/blogsaverroes.juntadeandalucia.es\/profeantoniojulian\/files\/2020\/04\/Gustave_Courbet_Boh\u00e8mes_Grand_Palais_8164920037-300x260.jpg 300w, https:\/\/blogsaverroes.juntadeandalucia.es\/profeantoniojulian\/files\/2020\/04\/Gustave_Courbet_Boh\u00e8mes_Grand_Palais_8164920037-768x665.jpg 768w, https:\/\/blogsaverroes.juntadeandalucia.es\/profeantoniojulian\/files\/2020\/04\/Gustave_Courbet_Boh\u00e8mes_Grand_Palais_8164920037-1024x886.jpg 1024w, https:\/\/blogsaverroes.juntadeandalucia.es\/profeantoniojulian\/files\/2020\/04\/Gustave_Courbet_Boh\u00e8mes_Grand_Palais_8164920037-24x21.jpg 24w, https:\/\/blogsaverroes.juntadeandalucia.es\/profeantoniojulian\/files\/2020\/04\/Gustave_Courbet_Boh\u00e8mes_Grand_Palais_8164920037-36x31.jpg 36w, https:\/\/blogsaverroes.juntadeandalucia.es\/profeantoniojulian\/files\/2020\/04\/Gustave_Courbet_Boh\u00e8mes_Grand_Palais_8164920037-48x42.jpg 48w, https:\/\/blogsaverroes.juntadeandalucia.es\/profeantoniojulian\/files\/2020\/04\/Gustave_Courbet_Boh\u00e8mes_Grand_Palais_8164920037.jpg 1183w\" sizes=\"(max-width: 467px) 100vw, 467px\" \/><\/p>\n<div id=\"attachment_2058\" style=\"width: 310px\" class=\"wp-caption alignnone\"><img loading=\"lazy\" decoding=\"async\" aria-describedby=\"caption-attachment-2058\" class=\"wp-image-2058 size-medium\" src=\"https:\/\/blogsaverroes.juntadeandalucia.es\/profeantoniojulian\/files\/2020\/04\/Corot.-La-aldea-de-Rosny-1-300x220.jpg\" alt=\"\" width=\"300\" height=\"220\" srcset=\"https:\/\/blogsaverroes.juntadeandalucia.es\/profeantoniojulian\/files\/2020\/04\/Corot.-La-aldea-de-Rosny-1-300x220.jpg 300w, https:\/\/blogsaverroes.juntadeandalucia.es\/profeantoniojulian\/files\/2020\/04\/Corot.-La-aldea-de-Rosny-1-24x18.jpg 24w, https:\/\/blogsaverroes.juntadeandalucia.es\/profeantoniojulian\/files\/2020\/04\/Corot.-La-aldea-de-Rosny-1-36x26.jpg 36w, https:\/\/blogsaverroes.juntadeandalucia.es\/profeantoniojulian\/files\/2020\/04\/Corot.-La-aldea-de-Rosny-1-48x35.jpg 48w, https:\/\/blogsaverroes.juntadeandalucia.es\/profeantoniojulian\/files\/2020\/04\/Corot.-La-aldea-de-Rosny-1.jpg 516w\" sizes=\"(max-width: 300px) 100vw, 300px\" \/><p id=\"caption-attachment-2058\" class=\"wp-caption-text\">La aldea de Rosny. Corot<\/p><\/div>\n<div id=\"attachment_2059\" style=\"width: 240px\" class=\"wp-caption alignnone\"><img loading=\"lazy\" decoding=\"async\" aria-describedby=\"caption-attachment-2059\" class=\"wp-image-2059 size-medium\" src=\"https:\/\/blogsaverroes.juntadeandalucia.es\/profeantoniojulian\/files\/2020\/04\/Corot.-La-catedral-de-Chartres-230x300.jpg\" alt=\"\" width=\"230\" height=\"300\" srcset=\"https:\/\/blogsaverroes.juntadeandalucia.es\/profeantoniojulian\/files\/2020\/04\/Corot.-La-catedral-de-Chartres-230x300.jpg 230w, https:\/\/blogsaverroes.juntadeandalucia.es\/profeantoniojulian\/files\/2020\/04\/Corot.-La-catedral-de-Chartres-18x24.jpg 18w, https:\/\/blogsaverroes.juntadeandalucia.es\/profeantoniojulian\/files\/2020\/04\/Corot.-La-catedral-de-Chartres-28x36.jpg 28w, https:\/\/blogsaverroes.juntadeandalucia.es\/profeantoniojulian\/files\/2020\/04\/Corot.-La-catedral-de-Chartres-37x48.jpg 37w, https:\/\/blogsaverroes.juntadeandalucia.es\/profeantoniojulian\/files\/2020\/04\/Corot.-La-catedral-de-Chartres.jpg 288w\" sizes=\"(max-width: 230px) 100vw, 230px\" \/><p id=\"caption-attachment-2059\" class=\"wp-caption-text\">La catedral de Chartres. Corot<\/p><\/div>\n<p>&nbsp; &nbsp; &nbsp; &nbsp;<\/p>\n<p>&nbsp;<\/p>\n<div id=\"attachment_2063\" style=\"width: 310px\" class=\"wp-caption alignnone\"><img loading=\"lazy\" decoding=\"async\" aria-describedby=\"caption-attachment-2063\" class=\"wp-image-2063 size-medium\" src=\"https:\/\/blogsaverroes.juntadeandalucia.es\/profeantoniojulian\/files\/2020\/04\/T.-Rousseau.-El-abrevadero-300x220.jpg\" alt=\"\" width=\"300\" height=\"220\" srcset=\"https:\/\/blogsaverroes.juntadeandalucia.es\/profeantoniojulian\/files\/2020\/04\/T.-Rousseau.-El-abrevadero-300x220.jpg 300w, https:\/\/blogsaverroes.juntadeandalucia.es\/profeantoniojulian\/files\/2020\/04\/T.-Rousseau.-El-abrevadero-24x18.jpg 24w, https:\/\/blogsaverroes.juntadeandalucia.es\/profeantoniojulian\/files\/2020\/04\/T.-Rousseau.-El-abrevadero-36x26.jpg 36w, https:\/\/blogsaverroes.juntadeandalucia.es\/profeantoniojulian\/files\/2020\/04\/T.-Rousseau.-El-abrevadero-48x35.jpg 48w, https:\/\/blogsaverroes.juntadeandalucia.es\/profeantoniojulian\/files\/2020\/04\/T.-Rousseau.-El-abrevadero.jpg 515w\" sizes=\"(max-width: 300px) 100vw, 300px\" \/><p id=\"caption-attachment-2063\" class=\"wp-caption-text\">El abrevadero. Rousseau<\/p><\/div>\n<p>&nbsp;<\/p>\n","protected":false},"excerpt":{"rendered":"<p>El mundo est\u00e1 cambiando de la mano de la conocida \u00abRevoluci\u00f3n Industrial\u00bb que cambiar\u00e1 la faz de las ciudades europeas. El artista se convierte en cronista de lo real, dando testimonio de la transformaci\u00f3n&#46;&#46;&#46;<\/p>\n","protected":false},"author":9379,"featured_media":0,"comment_status":"open","ping_status":"open","sticky":false,"template":"","format":"standard","meta":{"ngg_post_thumbnail":0,"footnotes":""},"categories":[193],"tags":[],"aioseo_notices":[],"_links":{"self":[{"href":"https:\/\/blogsaverroes.juntadeandalucia.es\/profeantoniojulian\/wp-json\/wp\/v2\/posts\/2062"}],"collection":[{"href":"https:\/\/blogsaverroes.juntadeandalucia.es\/profeantoniojulian\/wp-json\/wp\/v2\/posts"}],"about":[{"href":"https:\/\/blogsaverroes.juntadeandalucia.es\/profeantoniojulian\/wp-json\/wp\/v2\/types\/post"}],"author":[{"embeddable":true,"href":"https:\/\/blogsaverroes.juntadeandalucia.es\/profeantoniojulian\/wp-json\/wp\/v2\/users\/9379"}],"replies":[{"embeddable":true,"href":"https:\/\/blogsaverroes.juntadeandalucia.es\/profeantoniojulian\/wp-json\/wp\/v2\/comments?post=2062"}],"version-history":[{"count":2,"href":"https:\/\/blogsaverroes.juntadeandalucia.es\/profeantoniojulian\/wp-json\/wp\/v2\/posts\/2062\/revisions"}],"predecessor-version":[{"id":2065,"href":"https:\/\/blogsaverroes.juntadeandalucia.es\/profeantoniojulian\/wp-json\/wp\/v2\/posts\/2062\/revisions\/2065"}],"wp:attachment":[{"href":"https:\/\/blogsaverroes.juntadeandalucia.es\/profeantoniojulian\/wp-json\/wp\/v2\/media?parent=2062"}],"wp:term":[{"taxonomy":"category","embeddable":true,"href":"https:\/\/blogsaverroes.juntadeandalucia.es\/profeantoniojulian\/wp-json\/wp\/v2\/categories?post=2062"},{"taxonomy":"post_tag","embeddable":true,"href":"https:\/\/blogsaverroes.juntadeandalucia.es\/profeantoniojulian\/wp-json\/wp\/v2\/tags?post=2062"}],"curies":[{"name":"wp","href":"https:\/\/api.w.org\/{rel}","templated":true}]}}