{"id":2521,"date":"2021-06-04T14:09:18","date_gmt":"2021-06-04T12:09:18","guid":{"rendered":"https:\/\/blogsaverroes.juntadeandalucia.es\/profeantoniojulian\/?p=2521"},"modified":"2021-06-04T14:09:18","modified_gmt":"2021-06-04T12:09:18","slug":"basilica-de-saint-denis","status":"publish","type":"post","link":"https:\/\/blogsaverroes.juntadeandalucia.es\/profeantoniojulian\/basilica-de-saint-denis\/","title":{"rendered":"Bas\u00edlica de Saint-Denis"},"content":{"rendered":"<p>El arte g\u00f3tico es el que corresponde a la Baja Edad Media. Es un per\u00edodo din\u00e1mico desde el punto de vista socioecon\u00f3mico, muy variado, con intensos contactos con Oriente a trav\u00e9s de las cruzadas y las rutas comerciales, la burgues\u00eda nace en las ciudades.<br \/>\nLa orden del C\u00edster fue la que cre\u00f3 y difundi\u00f3 el nuevo estilo, tras la reconstrucci\u00f3n de la abad\u00eda de San Denis por el abad Suger . Era una arquitectura sobria, austera y luminosa.<\/p>\n<p><img loading=\"lazy\" decoding=\"async\" class=\"alignnone  wp-image-2522\" src=\"https:\/\/blogsaverroes.juntadeandalucia.es\/profeantoniojulian\/files\/2021\/06\/denis1-198x300.jpg\" alt=\"\" width=\"402\" height=\"609\" srcset=\"https:\/\/blogsaverroes.juntadeandalucia.es\/profeantoniojulian\/files\/2021\/06\/denis1-198x300.jpg 198w, https:\/\/blogsaverroes.juntadeandalucia.es\/profeantoniojulian\/files\/2021\/06\/denis1-676x1024.jpg 676w, https:\/\/blogsaverroes.juntadeandalucia.es\/profeantoniojulian\/files\/2021\/06\/denis1-768x1164.jpg 768w, https:\/\/blogsaverroes.juntadeandalucia.es\/profeantoniojulian\/files\/2021\/06\/denis1-1014x1536.jpg 1014w, https:\/\/blogsaverroes.juntadeandalucia.es\/profeantoniojulian\/files\/2021\/06\/denis1-1351x2048.jpg 1351w, https:\/\/blogsaverroes.juntadeandalucia.es\/profeantoniojulian\/files\/2021\/06\/denis1-scaled.jpg 1689w\" sizes=\"(max-width: 402px) 100vw, 402px\" \/><\/p>\n","protected":false},"excerpt":{"rendered":"<p>El arte g\u00f3tico es el que corresponde a la Baja Edad Media. Es un per\u00edodo din\u00e1mico desde el punto de vista socioecon\u00f3mico, muy variado, con intensos contactos con Oriente a trav\u00e9s de las cruzadas&#46;&#46;&#46;<\/p>\n","protected":false},"author":9379,"featured_media":0,"comment_status":"open","ping_status":"open","sticky":false,"template":"","format":"standard","meta":{"ngg_post_thumbnail":0,"footnotes":""},"categories":[242],"tags":[],"aioseo_notices":[],"_links":{"self":[{"href":"https:\/\/blogsaverroes.juntadeandalucia.es\/profeantoniojulian\/wp-json\/wp\/v2\/posts\/2521"}],"collection":[{"href":"https:\/\/blogsaverroes.juntadeandalucia.es\/profeantoniojulian\/wp-json\/wp\/v2\/posts"}],"about":[{"href":"https:\/\/blogsaverroes.juntadeandalucia.es\/profeantoniojulian\/wp-json\/wp\/v2\/types\/post"}],"author":[{"embeddable":true,"href":"https:\/\/blogsaverroes.juntadeandalucia.es\/profeantoniojulian\/wp-json\/wp\/v2\/users\/9379"}],"replies":[{"embeddable":true,"href":"https:\/\/blogsaverroes.juntadeandalucia.es\/profeantoniojulian\/wp-json\/wp\/v2\/comments?post=2521"}],"version-history":[{"count":1,"href":"https:\/\/blogsaverroes.juntadeandalucia.es\/profeantoniojulian\/wp-json\/wp\/v2\/posts\/2521\/revisions"}],"predecessor-version":[{"id":2523,"href":"https:\/\/blogsaverroes.juntadeandalucia.es\/profeantoniojulian\/wp-json\/wp\/v2\/posts\/2521\/revisions\/2523"}],"wp:attachment":[{"href":"https:\/\/blogsaverroes.juntadeandalucia.es\/profeantoniojulian\/wp-json\/wp\/v2\/media?parent=2521"}],"wp:term":[{"taxonomy":"category","embeddable":true,"href":"https:\/\/blogsaverroes.juntadeandalucia.es\/profeantoniojulian\/wp-json\/wp\/v2\/categories?post=2521"},{"taxonomy":"post_tag","embeddable":true,"href":"https:\/\/blogsaverroes.juntadeandalucia.es\/profeantoniojulian\/wp-json\/wp\/v2\/tags?post=2521"}],"curies":[{"name":"wp","href":"https:\/\/api.w.org\/{rel}","templated":true}]}}