{"id":2595,"date":"2021-06-16T12:29:10","date_gmt":"2021-06-16T10:29:10","guid":{"rendered":"https:\/\/blogsaverroes.juntadeandalucia.es\/profeantoniojulian\/?p=2595"},"modified":"2021-06-16T12:38:56","modified_gmt":"2021-06-16T10:38:56","slug":"dario-de-regollos","status":"publish","type":"post","link":"https:\/\/blogsaverroes.juntadeandalucia.es\/profeantoniojulian\/dario-de-regollos\/","title":{"rendered":"Dar\u00edo de Regoyos"},"content":{"rendered":"<p><strong>Dar\u00edo de Regoyos<\/strong> fue uno de los pintores m\u00e1s importantes de finales del siglo XIX, pues ser\u00e1 el responsable de <strong>introducir la pintura moderna en Espa\u00f1a.<\/strong> Esto fue gracias a que su formaci\u00f3n como pintor paisajista concluy\u00f3 en B\u00e9lgica, donde sus profesores le dejaban pintar al aire libre y con total libertad.<\/p>\n<p><img loading=\"lazy\" decoding=\"async\" class=\"alignnone wp-image-2596\" src=\"https:\/\/blogsaverroes.juntadeandalucia.es\/profeantoniojulian\/files\/2021\/06\/regoyos-255x300.jpg\" alt=\"\" width=\"526\" height=\"619\" srcset=\"https:\/\/blogsaverroes.juntadeandalucia.es\/profeantoniojulian\/files\/2021\/06\/regoyos-255x300.jpg 255w, https:\/\/blogsaverroes.juntadeandalucia.es\/profeantoniojulian\/files\/2021\/06\/regoyos-768x905.jpg 768w, https:\/\/blogsaverroes.juntadeandalucia.es\/profeantoniojulian\/files\/2021\/06\/regoyos.jpg 869w\" sizes=\"(max-width: 526px) 100vw, 526px\" \/><\/p>\n<p><img loading=\"lazy\" decoding=\"async\" class=\"alignnone wp-image-2597\" src=\"https:\/\/blogsaverroes.juntadeandalucia.es\/profeantoniojulian\/files\/2021\/06\/regoyos1-300x194.jpg\" alt=\"\" width=\"643\" height=\"416\" srcset=\"https:\/\/blogsaverroes.juntadeandalucia.es\/profeantoniojulian\/files\/2021\/06\/regoyos1-300x194.jpg 300w, https:\/\/blogsaverroes.juntadeandalucia.es\/profeantoniojulian\/files\/2021\/06\/regoyos1.jpg 660w\" sizes=\"(max-width: 643px) 100vw, 643px\" \/><\/p>\n<p><img loading=\"lazy\" decoding=\"async\" class=\"alignnone wp-image-2598\" src=\"https:\/\/blogsaverroes.juntadeandalucia.es\/profeantoniojulian\/files\/2021\/06\/regoyos2-217x300.jpg\" alt=\"\" width=\"640\" height=\"885\" srcset=\"https:\/\/blogsaverroes.juntadeandalucia.es\/profeantoniojulian\/files\/2021\/06\/regoyos2-217x300.jpg 217w, https:\/\/blogsaverroes.juntadeandalucia.es\/profeantoniojulian\/files\/2021\/06\/regoyos2.jpg 361w\" sizes=\"(max-width: 640px) 100vw, 640px\" \/><\/p>\n","protected":false},"excerpt":{"rendered":"<p>Dar\u00edo de Regoyos fue uno de los pintores m\u00e1s importantes de finales del siglo XIX, pues ser\u00e1 el responsable de introducir la pintura moderna en Espa\u00f1a. Esto fue gracias a que su formaci\u00f3n como&#46;&#46;&#46;<\/p>\n","protected":false},"author":9379,"featured_media":0,"comment_status":"open","ping_status":"open","sticky":false,"template":"","format":"standard","meta":{"ngg_post_thumbnail":0,"footnotes":""},"categories":[274,273],"tags":[],"aioseo_notices":[],"_links":{"self":[{"href":"https:\/\/blogsaverroes.juntadeandalucia.es\/profeantoniojulian\/wp-json\/wp\/v2\/posts\/2595"}],"collection":[{"href":"https:\/\/blogsaverroes.juntadeandalucia.es\/profeantoniojulian\/wp-json\/wp\/v2\/posts"}],"about":[{"href":"https:\/\/blogsaverroes.juntadeandalucia.es\/profeantoniojulian\/wp-json\/wp\/v2\/types\/post"}],"author":[{"embeddable":true,"href":"https:\/\/blogsaverroes.juntadeandalucia.es\/profeantoniojulian\/wp-json\/wp\/v2\/users\/9379"}],"replies":[{"embeddable":true,"href":"https:\/\/blogsaverroes.juntadeandalucia.es\/profeantoniojulian\/wp-json\/wp\/v2\/comments?post=2595"}],"version-history":[{"count":2,"href":"https:\/\/blogsaverroes.juntadeandalucia.es\/profeantoniojulian\/wp-json\/wp\/v2\/posts\/2595\/revisions"}],"predecessor-version":[{"id":2601,"href":"https:\/\/blogsaverroes.juntadeandalucia.es\/profeantoniojulian\/wp-json\/wp\/v2\/posts\/2595\/revisions\/2601"}],"wp:attachment":[{"href":"https:\/\/blogsaverroes.juntadeandalucia.es\/profeantoniojulian\/wp-json\/wp\/v2\/media?parent=2595"}],"wp:term":[{"taxonomy":"category","embeddable":true,"href":"https:\/\/blogsaverroes.juntadeandalucia.es\/profeantoniojulian\/wp-json\/wp\/v2\/categories?post=2595"},{"taxonomy":"post_tag","embeddable":true,"href":"https:\/\/blogsaverroes.juntadeandalucia.es\/profeantoniojulian\/wp-json\/wp\/v2\/tags?post=2595"}],"curies":[{"name":"wp","href":"https:\/\/api.w.org\/{rel}","templated":true}]}}