{"id":2605,"date":"2021-06-17T12:14:42","date_gmt":"2021-06-17T10:14:42","guid":{"rendered":"https:\/\/blogsaverroes.juntadeandalucia.es\/profeantoniojulian\/?p=2605"},"modified":"2021-06-17T12:17:26","modified_gmt":"2021-06-17T10:17:26","slug":"fachada-poniente-de-la-cat-de-leon","status":"publish","type":"post","link":"https:\/\/blogsaverroes.juntadeandalucia.es\/profeantoniojulian\/fachada-poniente-de-la-cat-de-leon\/","title":{"rendered":"Fachada Poniente de la Cat. de Le\u00f3n"},"content":{"rendered":"<h3 class=\"post-title entry-title\">La portada del Juicio Final, Le\u00f3n.<\/h3>\n<div class=\"post-header\">\n<div class=\"post-header-line-1\">&nbsp;<\/div>\n<\/div>\n<div id=\"post-body-3070995476457057446\" class=\"post-body entry-content\">\n<div><b>-T\u00edtulo: <\/b>Portada del Juicio Final.&nbsp;<\/div>\n<div><b>-Estilo: <\/b>escultura perteneciente al arte g\u00f3tico.&nbsp;<\/div>\n<div><b>-Cronolog\u00eda:<\/b> est\u00e1 realizada entre los a\u00f1os 1255 y 1270.&nbsp;<\/div>\n<div><b>-Contexto: <\/b>se produce la reforma cisterciense en la que se despoja a los templos de todo tipo de decoraci\u00f3n, el despertar del Humanismo y la aparici\u00f3n de una nueva estructura social: la burgues\u00eda. En la Pen\u00ednsula Ib\u00e9rica se da la Reconquista y con Fernando III y Alfonso X caen Murcia, Sevilla y C\u00f3rdoba.<\/div>\n<div><b>-Autor: <\/b>Maestro Enrique.&nbsp;<\/div>\n<div><b>-Clasificaci\u00f3n: <\/b>Se trata de una portada g\u00f3tica en la que vemos representado a Cristo, Mar\u00eda y San Juan intercediendo por las almas de los difuntos y dos \u00e1ngeles con las armas Cristi. En el dintel aparecen, a un lado, los condenados, y, al otro, los salvados, acompa\u00f1ados hasta el cielo por monjes franciscanos. En el parteluz podemos observar a la Virgen con el ni\u00f1o.&nbsp;<\/div>\n<div><b>-Material: <\/b>Piedra caliza.<\/div>\n<div><img loading=\"lazy\" decoding=\"async\" class=\"alignnone wp-image-2606\" src=\"https:\/\/blogsaverroes.juntadeandalucia.es\/profeantoniojulian\/files\/2021\/06\/juicio-leon-224x300.jpg\" alt=\"\" width=\"630\" height=\"844\" srcset=\"https:\/\/blogsaverroes.juntadeandalucia.es\/profeantoniojulian\/files\/2021\/06\/juicio-leon-224x300.jpg 224w, https:\/\/blogsaverroes.juntadeandalucia.es\/profeantoniojulian\/files\/2021\/06\/juicio-leon-764x1024.jpg 764w, https:\/\/blogsaverroes.juntadeandalucia.es\/profeantoniojulian\/files\/2021\/06\/juicio-leon-768x1029.jpg 768w, https:\/\/blogsaverroes.juntadeandalucia.es\/profeantoniojulian\/files\/2021\/06\/juicio-leon-1146x1536.jpg 1146w, https:\/\/blogsaverroes.juntadeandalucia.es\/profeantoniojulian\/files\/2021\/06\/juicio-leon.jpg 1194w\" sizes=\"(max-width: 630px) 100vw, 630px\" \/><\/div>\n<\/div>\n","protected":false},"excerpt":{"rendered":"<p>La portada del Juicio Final, Le\u00f3n. &nbsp; -T\u00edtulo: Portada del Juicio Final.&nbsp; -Estilo: escultura perteneciente al arte g\u00f3tico.&nbsp; -Cronolog\u00eda: est\u00e1 realizada entre los a\u00f1os 1255 y 1270.&nbsp; -Contexto: se produce la reforma cisterciense en&#46;&#46;&#46;<\/p>\n","protected":false},"author":9379,"featured_media":0,"comment_status":"open","ping_status":"open","sticky":false,"template":"","format":"standard","meta":{"ngg_post_thumbnail":0,"footnotes":""},"categories":[278],"tags":[],"aioseo_notices":[],"_links":{"self":[{"href":"https:\/\/blogsaverroes.juntadeandalucia.es\/profeantoniojulian\/wp-json\/wp\/v2\/posts\/2605"}],"collection":[{"href":"https:\/\/blogsaverroes.juntadeandalucia.es\/profeantoniojulian\/wp-json\/wp\/v2\/posts"}],"about":[{"href":"https:\/\/blogsaverroes.juntadeandalucia.es\/profeantoniojulian\/wp-json\/wp\/v2\/types\/post"}],"author":[{"embeddable":true,"href":"https:\/\/blogsaverroes.juntadeandalucia.es\/profeantoniojulian\/wp-json\/wp\/v2\/users\/9379"}],"replies":[{"embeddable":true,"href":"https:\/\/blogsaverroes.juntadeandalucia.es\/profeantoniojulian\/wp-json\/wp\/v2\/comments?post=2605"}],"version-history":[{"count":1,"href":"https:\/\/blogsaverroes.juntadeandalucia.es\/profeantoniojulian\/wp-json\/wp\/v2\/posts\/2605\/revisions"}],"predecessor-version":[{"id":2607,"href":"https:\/\/blogsaverroes.juntadeandalucia.es\/profeantoniojulian\/wp-json\/wp\/v2\/posts\/2605\/revisions\/2607"}],"wp:attachment":[{"href":"https:\/\/blogsaverroes.juntadeandalucia.es\/profeantoniojulian\/wp-json\/wp\/v2\/media?parent=2605"}],"wp:term":[{"taxonomy":"category","embeddable":true,"href":"https:\/\/blogsaverroes.juntadeandalucia.es\/profeantoniojulian\/wp-json\/wp\/v2\/categories?post=2605"},{"taxonomy":"post_tag","embeddable":true,"href":"https:\/\/blogsaverroes.juntadeandalucia.es\/profeantoniojulian\/wp-json\/wp\/v2\/tags?post=2605"}],"curies":[{"name":"wp","href":"https:\/\/api.w.org\/{rel}","templated":true}]}}