{"id":2619,"date":"2021-06-17T12:32:59","date_gmt":"2021-06-17T10:32:59","guid":{"rendered":"https:\/\/blogsaverroes.juntadeandalucia.es\/profeantoniojulian\/?p=2619"},"modified":"2021-06-17T12:32:59","modified_gmt":"2021-06-17T10:32:59","slug":"sepultura-de-los-reyes-viejos","status":"publish","type":"post","link":"https:\/\/blogsaverroes.juntadeandalucia.es\/profeantoniojulian\/sepultura-de-los-reyes-viejos\/","title":{"rendered":"Sepultura de los reyes viejos"},"content":{"rendered":"<div>Alfonso VII es retratado con barba, corona, t\u00fanica, manto y chapines.<\/div>\n<div>&nbsp;<\/div>\n<div>Sancho IV figura lampi\u00f1o, con h\u00e1bito franciscano y descalzo, y su mano derecha esboza un \u201cmea culpa\u201d.<\/div>\n<div>&nbsp;<\/div>\n<div><a href=\"http:\/\/4.bp.blogspot.com\/-VWaZSoLdfn8\/UmFsEHFsdxI\/AAAAAAAAgnA\/HL0APVu2PkI\/s1600\/5+Sancho.jpg\"><img decoding=\"async\" src=\"https:\/\/4.bp.blogspot.com\/-VWaZSoLdfn8\/UmFsEHFsdxI\/AAAAAAAAgnA\/HL0APVu2PkI\/s320\/5+Sancho.jpg\" border=\"0\"><\/a>Cuando se abrieron las tumbas, se encontr\u00f3 lo siguiente:<\/div>\n<div>&nbsp;<\/div>\n<div>El cad\u00e1ver de Sancho IV estaba momificado. Vest\u00eda s\u00f3lo unos calzones y llevaba a la cintura un cord\u00f3n de San Francisco y los pies cubiertos con calzado de cuero.<\/div>\n<div>&nbsp;<\/div>\n<div>Don Sancho fue el primer rey castellano en romper con la tradici\u00f3n de enterrarse con el manto escarlata y los ropajes bordados en oro, plata y seda. Llevaba, eso s\u00ed, corona, espada y espuelas.<\/div>\n<div>&nbsp;<\/div>\n<div>\n<div class=\"separator\"><a href=\"http:\/\/1.bp.blogspot.com\/-NUPs4d7f4ak\/UmFr215_1ZI\/AAAAAAAAgmk\/ZfHHPkNq-To\/s1600\/2+Sancho+el+Bravo.jpg\"><img decoding=\"async\" src=\"https:\/\/1.bp.blogspot.com\/-NUPs4d7f4ak\/UmFr215_1ZI\/AAAAAAAAgmk\/ZfHHPkNq-To\/s320\/2+Sancho+el+Bravo.jpg\" border=\"0\"><\/a><\/div>\n<p>El cuerpo se encontraba envueltoen &nbsp;una rica colcha de valioso tejido oriental. Este edred\u00f3n no se ha devuelto a la tumba. Conserva en su mitad una mancha oscura, consecuencia del proceso de descomposici\u00f3n del cad\u00e1ver, y un olor a cadaverina imposible de eliminar, pese a haber sido ventilado durante a\u00f1os.<\/p><\/div>\n<div>&nbsp;<\/div>\n<div>El otro ata\u00fad del lado derecho conten\u00eda los restos de un ni\u00f1o, del que s\u00f3lo se conservaban los zapatos. Se supuso que correspond\u00edan al bastardo de Alfonso XI.<\/div>\n<div>&nbsp;<\/div>\n<div><a href=\"http:\/\/4.bp.blogspot.com\/-KwSaBHZXYOo\/UmFqzUsjBCI\/AAAAAAAAgls\/xSBcHg13IUQ\/s1600\/2+2007_0714AT.JPG\"><img decoding=\"async\" src=\"https:\/\/4.bp.blogspot.com\/-KwSaBHZXYOo\/UmFqzUsjBCI\/AAAAAAAAgls\/xSBcHg13IUQ\/s320\/2+2007_0714AT.JPG\" border=\"0\"><\/a>En los dos sarc\u00f3fagos del lado izquierdo se encontraron cenizas de gusanos necr\u00f3filos.<\/div>\n<div>&nbsp;<\/div>\n<div>Entre los restos de Alfonso VII hab\u00eda, casi intacto, un almohad\u00f3n a\u00fan mullido, forrado con una tela decorada con leones y flores de lis.<\/div>\n<div>&nbsp;<\/div>\n<div>El entonces cardenal-arzobispo de Toledo dispuso que el cad\u00e1ver de Sancho IV fuera vestido con un h\u00e1bito franciscano, y depositado de nuevo en su cenotafio.<\/div>\n","protected":false},"excerpt":{"rendered":"<p>Alfonso VII es retratado con barba, corona, t\u00fanica, manto y chapines. &nbsp; Sancho IV figura lampi\u00f1o, con h\u00e1bito franciscano y descalzo, y su mano derecha esboza un \u201cmea culpa\u201d. &nbsp; Cuando se abrieron las&#46;&#46;&#46;<\/p>\n","protected":false},"author":9379,"featured_media":0,"comment_status":"open","ping_status":"open","sticky":false,"template":"","format":"standard","meta":{"ngg_post_thumbnail":0,"footnotes":""},"categories":[280],"tags":[],"aioseo_notices":[],"_links":{"self":[{"href":"https:\/\/blogsaverroes.juntadeandalucia.es\/profeantoniojulian\/wp-json\/wp\/v2\/posts\/2619"}],"collection":[{"href":"https:\/\/blogsaverroes.juntadeandalucia.es\/profeantoniojulian\/wp-json\/wp\/v2\/posts"}],"about":[{"href":"https:\/\/blogsaverroes.juntadeandalucia.es\/profeantoniojulian\/wp-json\/wp\/v2\/types\/post"}],"author":[{"embeddable":true,"href":"https:\/\/blogsaverroes.juntadeandalucia.es\/profeantoniojulian\/wp-json\/wp\/v2\/users\/9379"}],"replies":[{"embeddable":true,"href":"https:\/\/blogsaverroes.juntadeandalucia.es\/profeantoniojulian\/wp-json\/wp\/v2\/comments?post=2619"}],"version-history":[{"count":1,"href":"https:\/\/blogsaverroes.juntadeandalucia.es\/profeantoniojulian\/wp-json\/wp\/v2\/posts\/2619\/revisions"}],"predecessor-version":[{"id":2620,"href":"https:\/\/blogsaverroes.juntadeandalucia.es\/profeantoniojulian\/wp-json\/wp\/v2\/posts\/2619\/revisions\/2620"}],"wp:attachment":[{"href":"https:\/\/blogsaverroes.juntadeandalucia.es\/profeantoniojulian\/wp-json\/wp\/v2\/media?parent=2619"}],"wp:term":[{"taxonomy":"category","embeddable":true,"href":"https:\/\/blogsaverroes.juntadeandalucia.es\/profeantoniojulian\/wp-json\/wp\/v2\/categories?post=2619"},{"taxonomy":"post_tag","embeddable":true,"href":"https:\/\/blogsaverroes.juntadeandalucia.es\/profeantoniojulian\/wp-json\/wp\/v2\/tags?post=2619"}],"curies":[{"name":"wp","href":"https:\/\/api.w.org\/{rel}","templated":true}]}}