{"id":3214,"date":"2023-06-01T14:36:46","date_gmt":"2023-06-01T12:36:46","guid":{"rendered":"https:\/\/blogsaverroes.juntadeandalucia.es\/profeantoniojulian\/?p=3214"},"modified":"2023-06-01T14:39:21","modified_gmt":"2023-06-01T12:39:21","slug":"centroeuropa","status":"publish","type":"post","link":"https:\/\/blogsaverroes.juntadeandalucia.es\/profeantoniojulian\/centroeuropa\/","title":{"rendered":"Centroeuropa"},"content":{"rendered":"<p><b>Johann Bernhard Fischer von Erlach<\/b>&nbsp;(Graz,&nbsp;1656&nbsp;&#8211;&nbsp;1723) fue un&nbsp;arquitecto&nbsp;y escultor&nbsp;austriaco. Ejerci\u00f3 gran influencia en la&nbsp;arquitectura barroca&nbsp;europea<\/p>\n<p>San Carlos Borromeo en Viena<\/p>\n<p><img loading=\"lazy\" decoding=\"async\" class=\"alignnone size-medium wp-image-3215\" src=\"https:\/\/blogsaverroes.juntadeandalucia.es\/profeantoniojulian\/files\/2023\/06\/San-Carlos-Borromeo-Viena-300x190.jpg\" alt=\"\" width=\"300\" height=\"190\" srcset=\"https:\/\/blogsaverroes.juntadeandalucia.es\/profeantoniojulian\/files\/2023\/06\/San-Carlos-Borromeo-Viena-300x190.jpg 300w, https:\/\/blogsaverroes.juntadeandalucia.es\/profeantoniojulian\/files\/2023\/06\/San-Carlos-Borromeo-Viena-1024x648.jpg 1024w, https:\/\/blogsaverroes.juntadeandalucia.es\/profeantoniojulian\/files\/2023\/06\/San-Carlos-Borromeo-Viena-768x486.jpg 768w, https:\/\/blogsaverroes.juntadeandalucia.es\/profeantoniojulian\/files\/2023\/06\/San-Carlos-Borromeo-Viena.jpg 1280w\" sizes=\"(max-width: 300px) 100vw, 300px\" \/><\/p>\n<p>Iglesia de la Trinidad en Salzburgo<\/p>\n<p><img loading=\"lazy\" decoding=\"async\" class=\"alignnone size-medium wp-image-3216\" src=\"https:\/\/blogsaverroes.juntadeandalucia.es\/profeantoniojulian\/files\/2023\/06\/Iglesia-de-la-Trinidad-de-Salzburgo-300x225.jpg\" alt=\"\" width=\"300\" height=\"225\" srcset=\"https:\/\/blogsaverroes.juntadeandalucia.es\/profeantoniojulian\/files\/2023\/06\/Iglesia-de-la-Trinidad-de-Salzburgo-300x225.jpg 300w, https:\/\/blogsaverroes.juntadeandalucia.es\/profeantoniojulian\/files\/2023\/06\/Iglesia-de-la-Trinidad-de-Salzburgo-768x575.jpg 768w, https:\/\/blogsaverroes.juntadeandalucia.es\/profeantoniojulian\/files\/2023\/06\/Iglesia-de-la-Trinidad-de-Salzburgo.jpg 1024w\" sizes=\"(max-width: 300px) 100vw, 300px\" \/><\/p>\n<p>La construcci\u00f3n de la nueva iglesia&nbsp;barroca&nbsp;empez\u00f3 en torno a&nbsp;1701&nbsp;bajo la direcci\u00f3n de&nbsp;Gabriele Montani, que fue sustituido por&nbsp;Johann Lukas von Hildebrandt&nbsp;en&nbsp;1703.<sup id=\"cite_ref-SD_1-2\" class=\"reference separada\"><\/sup><\/p>\n<p><img loading=\"lazy\" decoding=\"async\" class=\"alignnone size-medium wp-image-3217\" src=\"https:\/\/blogsaverroes.juntadeandalucia.es\/profeantoniojulian\/files\/2023\/06\/San-Pedro-en-Viena-212x300.jpg\" alt=\"\" width=\"212\" height=\"300\" srcset=\"https:\/\/blogsaverroes.juntadeandalucia.es\/profeantoniojulian\/files\/2023\/06\/San-Pedro-en-Viena-212x300.jpg 212w, https:\/\/blogsaverroes.juntadeandalucia.es\/profeantoniojulian\/files\/2023\/06\/San-Pedro-en-Viena-724x1024.jpg 724w, https:\/\/blogsaverroes.juntadeandalucia.es\/profeantoniojulian\/files\/2023\/06\/San-Pedro-en-Viena-768x1086.jpg 768w, https:\/\/blogsaverroes.juntadeandalucia.es\/profeantoniojulian\/files\/2023\/06\/San-Pedro-en-Viena.jpg 800w\" sizes=\"(max-width: 212px) 100vw, 212px\" \/><\/p>\n<p>El encargo lo recibi\u00f3 del obispo&nbsp;Balthasar Neumann, que en ese momento contaba con una edad de 33 a\u00f1os.<\/p>\n<p>Palacio de Wurzburgo<\/p>\n<p><img loading=\"lazy\" decoding=\"async\" class=\"alignnone size-medium wp-image-3218\" src=\"https:\/\/blogsaverroes.juntadeandalucia.es\/profeantoniojulian\/files\/2023\/06\/Residenz_Wuerzburg_Hofgarten-300x115.jpg\" alt=\"\" width=\"300\" height=\"115\" srcset=\"https:\/\/blogsaverroes.juntadeandalucia.es\/profeantoniojulian\/files\/2023\/06\/Residenz_Wuerzburg_Hofgarten-300x115.jpg 300w, https:\/\/blogsaverroes.juntadeandalucia.es\/profeantoniojulian\/files\/2023\/06\/Residenz_Wuerzburg_Hofgarten-1024x391.jpg 1024w, https:\/\/blogsaverroes.juntadeandalucia.es\/profeantoniojulian\/files\/2023\/06\/Residenz_Wuerzburg_Hofgarten-768x293.jpg 768w, https:\/\/blogsaverroes.juntadeandalucia.es\/profeantoniojulian\/files\/2023\/06\/Residenz_Wuerzburg_Hofgarten-1536x586.jpg 1536w, https:\/\/blogsaverroes.juntadeandalucia.es\/profeantoniojulian\/files\/2023\/06\/Residenz_Wuerzburg_Hofgarten.jpg 1920w\" sizes=\"(max-width: 300px) 100vw, 300px\" \/><\/p>\n","protected":false},"excerpt":{"rendered":"<p>Johann Bernhard Fischer von Erlach&nbsp;(Graz,&nbsp;1656&nbsp;&#8211;&nbsp;1723) fue un&nbsp;arquitecto&nbsp;y escultor&nbsp;austriaco. Ejerci\u00f3 gran influencia en la&nbsp;arquitectura barroca&nbsp;europea San Carlos Borromeo en Viena Iglesia de la Trinidad en Salzburgo La construcci\u00f3n de la nueva iglesia&nbsp;barroca&nbsp;empez\u00f3 en torno a&nbsp;1701&nbsp;bajo&#46;&#46;&#46;<\/p>\n","protected":false},"author":9379,"featured_media":0,"comment_status":"open","ping_status":"open","sticky":false,"template":"","format":"standard","meta":{"ngg_post_thumbnail":0,"footnotes":""},"categories":[410],"tags":[],"aioseo_notices":[],"_links":{"self":[{"href":"https:\/\/blogsaverroes.juntadeandalucia.es\/profeantoniojulian\/wp-json\/wp\/v2\/posts\/3214"}],"collection":[{"href":"https:\/\/blogsaverroes.juntadeandalucia.es\/profeantoniojulian\/wp-json\/wp\/v2\/posts"}],"about":[{"href":"https:\/\/blogsaverroes.juntadeandalucia.es\/profeantoniojulian\/wp-json\/wp\/v2\/types\/post"}],"author":[{"embeddable":true,"href":"https:\/\/blogsaverroes.juntadeandalucia.es\/profeantoniojulian\/wp-json\/wp\/v2\/users\/9379"}],"replies":[{"embeddable":true,"href":"https:\/\/blogsaverroes.juntadeandalucia.es\/profeantoniojulian\/wp-json\/wp\/v2\/comments?post=3214"}],"version-history":[{"count":1,"href":"https:\/\/blogsaverroes.juntadeandalucia.es\/profeantoniojulian\/wp-json\/wp\/v2\/posts\/3214\/revisions"}],"predecessor-version":[{"id":3219,"href":"https:\/\/blogsaverroes.juntadeandalucia.es\/profeantoniojulian\/wp-json\/wp\/v2\/posts\/3214\/revisions\/3219"}],"wp:attachment":[{"href":"https:\/\/blogsaverroes.juntadeandalucia.es\/profeantoniojulian\/wp-json\/wp\/v2\/media?parent=3214"}],"wp:term":[{"taxonomy":"category","embeddable":true,"href":"https:\/\/blogsaverroes.juntadeandalucia.es\/profeantoniojulian\/wp-json\/wp\/v2\/categories?post=3214"},{"taxonomy":"post_tag","embeddable":true,"href":"https:\/\/blogsaverroes.juntadeandalucia.es\/profeantoniojulian\/wp-json\/wp\/v2\/tags?post=3214"}],"curies":[{"name":"wp","href":"https:\/\/api.w.org\/{rel}","templated":true}]}}