{"id":1561,"date":"2016-12-15T07:11:30","date_gmt":"2016-12-15T07:11:30","guid":{"rendered":"https:\/\/profematesjac.wordpress.com\/?p=1561"},"modified":"2022-12-30T17:56:41","modified_gmt":"2022-12-30T17:56:41","slug":"division-de-un-segmento-en-media-y-extrema-razon-razon-aurea-entre-el-segmento-mayor-y-el-menor","status":"publish","type":"post","link":"https:\/\/blogsaverroes.juntadeandalucia.es\/profematesjac\/2016\/12\/15\/division-de-un-segmento-en-media-y-extrema-razon-razon-aurea-entre-el-segmento-mayor-y-el-menor\/","title":{"rendered":"Divisi\u00f3n de un segmento en media y extrema raz\u00f3n (raz\u00f3n \u00e1urea entre el segmento mayor y el menor)"},"content":{"rendered":"<p><iframe loading=\"lazy\" title=\"Dividir un segmento en media y extrema raz\u00f3n. Divisi\u00f3n \u00e1urea de segmento (Proporcionalidad).\" width=\"500\" height=\"281\" src=\"https:\/\/www.youtube.com\/embed\/HiyzSeKTNcY?feature=oembed&#038;wmode=opaque\" frameborder=\"0\" allow=\"accelerometer; autoplay; clipboard-write; encrypted-media; gyroscope; picture-in-picture\" allowfullscreen><\/iframe><\/p>\n","protected":false},"excerpt":{"rendered":"","protected":false},"author":2794,"featured_media":0,"comment_status":"open","ping_status":"open","sticky":false,"template":"","format":"standard","meta":{"ngg_post_thumbnail":0,"footnotes":""},"categories":[2,3],"tags":[],"aioseo_notices":[],"post_mailing_queue_ids":[],"_links":{"self":[{"href":"https:\/\/blogsaverroes.juntadeandalucia.es\/profematesjac\/wp-json\/wp\/v2\/posts\/1561"}],"collection":[{"href":"https:\/\/blogsaverroes.juntadeandalucia.es\/profematesjac\/wp-json\/wp\/v2\/posts"}],"about":[{"href":"https:\/\/blogsaverroes.juntadeandalucia.es\/profematesjac\/wp-json\/wp\/v2\/types\/post"}],"author":[{"embeddable":true,"href":"https:\/\/blogsaverroes.juntadeandalucia.es\/profematesjac\/wp-json\/wp\/v2\/users\/2794"}],"replies":[{"embeddable":true,"href":"https:\/\/blogsaverroes.juntadeandalucia.es\/profematesjac\/wp-json\/wp\/v2\/comments?post=1561"}],"version-history":[{"count":1,"href":"https:\/\/blogsaverroes.juntadeandalucia.es\/profematesjac\/wp-json\/wp\/v2\/posts\/1561\/revisions"}],"predecessor-version":[{"id":4780,"href":"https:\/\/blogsaverroes.juntadeandalucia.es\/profematesjac\/wp-json\/wp\/v2\/posts\/1561\/revisions\/4780"}],"wp:attachment":[{"href":"https:\/\/blogsaverroes.juntadeandalucia.es\/profematesjac\/wp-json\/wp\/v2\/media?parent=1561"}],"wp:term":[{"taxonomy":"category","embeddable":true,"href":"https:\/\/blogsaverroes.juntadeandalucia.es\/profematesjac\/wp-json\/wp\/v2\/categories?post=1561"},{"taxonomy":"post_tag","embeddable":true,"href":"https:\/\/blogsaverroes.juntadeandalucia.es\/profematesjac\/wp-json\/wp\/v2\/tags?post=1561"}],"curies":[{"name":"wp","href":"https:\/\/api.w.org\/{rel}","templated":true}]}}