{"id":867,"date":"2021-12-28T18:30:16","date_gmt":"2021-12-28T17:30:16","guid":{"rendered":"https:\/\/blogsaverroes.juntadeandalucia.es\/profesortiernogalvan\/?p=867"},"modified":"2021-12-28T18:31:23","modified_gmt":"2021-12-28T17:31:23","slug":"actividades-navidenas","status":"publish","type":"post","link":"https:\/\/blogsaverroes.juntadeandalucia.es\/profesortiernogalvan\/actividades-navidenas\/","title":{"rendered":"Actividades navide\u00f1as"},"content":{"rendered":"<div dir=\"auto\"><img loading=\"lazy\" decoding=\"async\" class=\"size-medium wp-image-868 alignleft\" src=\"https:\/\/blogsaverroes.juntadeandalucia.es\/profesortiernogalvan\/files\/2021\/12\/Felicitacion-navide\u00f1a-cole-300x212.jpg\" alt=\"\" width=\"300\" height=\"212\" srcset=\"https:\/\/blogsaverroes.juntadeandalucia.es\/profesortiernogalvan\/files\/2021\/12\/Felicitacion-navide\u00f1a-cole-300x212.jpg 300w, https:\/\/blogsaverroes.juntadeandalucia.es\/profesortiernogalvan\/files\/2021\/12\/Felicitacion-navide\u00f1a-cole-768x543.jpg 768w, https:\/\/blogsaverroes.juntadeandalucia.es\/profesortiernogalvan\/files\/2021\/12\/Felicitacion-navide\u00f1a-cole-400x284.jpg 400w, https:\/\/blogsaverroes.juntadeandalucia.es\/profesortiernogalvan\/files\/2021\/12\/Felicitacion-navide\u00f1a-cole-480x339.jpg 480w, https:\/\/blogsaverroes.juntadeandalucia.es\/profesortiernogalvan\/files\/2021\/12\/Felicitacion-navide\u00f1a-cole.jpg 828w\" sizes=\"(max-width: 300px) 100vw, 300px\" \/><\/div>\n<div dir=\"auto\">Queremos compartir con todos vosotr@s las celebraciones y algunos de los trabajos realizados por nuestros ni\u00f1os y ni\u00f1as con motivo de la Navidad .<\/div>\n<div dir=\"auto\">Aprovechamos para agradecer a nuestro AMPA su gran ayuda y colaboraci\u00f3n . \u00a1Esperamos que os guste!!<\/div>\n<div dir=\"auto\">&nbsp;<\/div>\n<div dir=\"auto\">Aqu\u00ed os dejamos el enlace para poder ver el v\u00eddeo:<\/div>\n<div dir=\"auto\"><a href=\"https:\/\/fb.watch\/ab0F9wFy89\/\" target=\"_blank\" rel=\"noopener noreferrer\">https:\/\/fb.watch\/ab0F9wFy89\/<\/a><\/div>\n<div dir=\"auto\">&nbsp;<\/div>\n","protected":false},"excerpt":{"rendered":"<p>Queremos compartir con todos vosotr@s las celebraciones y algunos de los trabajos realizados por nuestros ni\u00f1os y ni\u00f1as con motivo de la Navidad . Aprovechamos para agradecer a nuestro AMPA su gran ayuda y colaboraci\u00f3n . \u00a1Esperamos que os guste!! &nbsp; Aqu\u00ed os dejamos el enlace para poder ver el v\u00eddeo: https:\/\/fb.watch\/ab0F9wFy89\/ &nbsp;<\/p>\n","protected":false},"author":7828,"featured_media":0,"comment_status":"closed","ping_status":"open","sticky":false,"template":"","format":"standard","meta":{"_et_pb_use_builder":"","_et_pb_old_content":"","_et_gb_content_width":"","ngg_post_thumbnail":0,"footnotes":""},"categories":[6],"tags":[],"aioseo_notices":[],"_links":{"self":[{"href":"https:\/\/blogsaverroes.juntadeandalucia.es\/profesortiernogalvan\/wp-json\/wp\/v2\/posts\/867"}],"collection":[{"href":"https:\/\/blogsaverroes.juntadeandalucia.es\/profesortiernogalvan\/wp-json\/wp\/v2\/posts"}],"about":[{"href":"https:\/\/blogsaverroes.juntadeandalucia.es\/profesortiernogalvan\/wp-json\/wp\/v2\/types\/post"}],"author":[{"embeddable":true,"href":"https:\/\/blogsaverroes.juntadeandalucia.es\/profesortiernogalvan\/wp-json\/wp\/v2\/users\/7828"}],"replies":[{"embeddable":true,"href":"https:\/\/blogsaverroes.juntadeandalucia.es\/profesortiernogalvan\/wp-json\/wp\/v2\/comments?post=867"}],"version-history":[{"count":2,"href":"https:\/\/blogsaverroes.juntadeandalucia.es\/profesortiernogalvan\/wp-json\/wp\/v2\/posts\/867\/revisions"}],"predecessor-version":[{"id":870,"href":"https:\/\/blogsaverroes.juntadeandalucia.es\/profesortiernogalvan\/wp-json\/wp\/v2\/posts\/867\/revisions\/870"}],"wp:attachment":[{"href":"https:\/\/blogsaverroes.juntadeandalucia.es\/profesortiernogalvan\/wp-json\/wp\/v2\/media?parent=867"}],"wp:term":[{"taxonomy":"category","embeddable":true,"href":"https:\/\/blogsaverroes.juntadeandalucia.es\/profesortiernogalvan\/wp-json\/wp\/v2\/categories?post=867"},{"taxonomy":"post_tag","embeddable":true,"href":"https:\/\/blogsaverroes.juntadeandalucia.es\/profesortiernogalvan\/wp-json\/wp\/v2\/tags?post=867"}],"curies":[{"name":"wp","href":"https:\/\/api.w.org\/{rel}","templated":true}]}}