{"id":181,"date":"2022-12-06T12:24:29","date_gmt":"2022-12-06T11:24:29","guid":{"rendered":"https:\/\/blogsaverroes.juntadeandalucia.es\/programasccl\/?p=181"},"modified":"2022-12-06T12:27:20","modified_gmt":"2022-12-06T11:27:20","slug":"cadiz-curso-2021-2022","status":"publish","type":"post","link":"https:\/\/blogsaverroes.juntadeandalucia.es\/programasccl\/2022\/12\/06\/cadiz-curso-2021-2022\/","title":{"rendered":"C\u00e1diz 2021-2022"},"content":{"rendered":"<p style=\"text-align: center\"><img loading=\"lazy\" decoding=\"async\" class=\"alignnone wp-image-72 size-large\" src=\"https:\/\/blogsaverroes.juntadeandalucia.es\/programasccl\/files\/2022\/05\/2-1024x576.jpg\" alt=\"\" width=\"1024\" height=\"576\" srcset=\"https:\/\/blogsaverroes.juntadeandalucia.es\/programasccl\/files\/2022\/05\/2-1024x576.jpg 1024w, https:\/\/blogsaverroes.juntadeandalucia.es\/programasccl\/files\/2022\/05\/2-300x169.jpg 300w, https:\/\/blogsaverroes.juntadeandalucia.es\/programasccl\/files\/2022\/05\/2-768x432.jpg 768w, https:\/\/blogsaverroes.juntadeandalucia.es\/programasccl\/files\/2022\/05\/2-1536x864.jpg 1536w, https:\/\/blogsaverroes.juntadeandalucia.es\/programasccl\/files\/2022\/05\/2.jpg 1920w\" sizes=\"(max-width: 1024px) 100vw, 1024px\" \/><\/p>\n<p>Curso 2021-2022<\/p>\n<ul>\n<li><a href=\"https:\/\/www.iesfernandosavater.es\/espa%C3%B1ol\/proyectos\/comunica\/\" target=\"_blank\" rel=\"noopener noreferrer\">IES Fernando Savater de Jerez<\/a>.<\/li>\n<li><a href=\"https:\/\/blogsaverroes.juntadeandalucia.es\/desenreda\/\" target=\"_blank\" rel=\"noopener noreferrer\">IES Sancti Petri de San Fernando<\/a>.<\/li>\n<li><a href=\"https:\/\/blogsaverroes.juntadeandalucia.es\/coloncomunica\/\" target=\"_blank\" rel=\"noopener noreferrer\">IES Crist\u00f3bal Col\u00f3n de Sanl\u00facar de Barrameda<\/a>.<\/li>\n<li><a href=\"https:\/\/blogsaverroes.juntadeandalucia.es\/desenredafuentegrande\/\" target=\"_blank\" rel=\"noopener noreferrer\">IES Fuente Grande de Alcal\u00e1 del Valle<\/a>.<\/li>\n<li><a href=\"https:\/\/blogsaverroes.juntadeandalucia.es\/iessanseveriano\/2022\/05\/13\/alfabetizacion-mediatica\/\" target=\"_blank\" rel=\"noopener noreferrer\">IES San Severiano de C\u00e1diz<\/a>.<\/li>\n<li><a href=\"https:\/\/blogsaverroes.juntadeandalucia.es\/iespaternacomunica\/\" target=\"_blank\" rel=\"noopener noreferrer\">IES Paterna de Paterna de Ribera<\/a>.<\/li>\n<\/ul>\n","protected":false},"excerpt":{"rendered":"<p>Curso 2021-2022 IES Fernando Savater de Jerez. IES Sancti Petri de San Fernando. IES Crist\u00f3bal Col\u00f3n de Sanl\u00facar de Barrameda. IES Fuente Grande de Alcal\u00e1 del Valle. IES San Severiano de C\u00e1diz. IES Paterna&#46;&#46;&#46;<\/p>\n","protected":false},"author":1051,"featured_media":0,"comment_status":"open","ping_status":"open","sticky":false,"template":"","format":"standard","meta":{"ngg_post_thumbnail":0,"footnotes":""},"categories":[8],"tags":[7],"aioseo_notices":[],"_links":{"self":[{"href":"https:\/\/blogsaverroes.juntadeandalucia.es\/programasccl\/wp-json\/wp\/v2\/posts\/181"}],"collection":[{"href":"https:\/\/blogsaverroes.juntadeandalucia.es\/programasccl\/wp-json\/wp\/v2\/posts"}],"about":[{"href":"https:\/\/blogsaverroes.juntadeandalucia.es\/programasccl\/wp-json\/wp\/v2\/types\/post"}],"author":[{"embeddable":true,"href":"https:\/\/blogsaverroes.juntadeandalucia.es\/programasccl\/wp-json\/wp\/v2\/users\/1051"}],"replies":[{"embeddable":true,"href":"https:\/\/blogsaverroes.juntadeandalucia.es\/programasccl\/wp-json\/wp\/v2\/comments?post=181"}],"version-history":[{"count":2,"href":"https:\/\/blogsaverroes.juntadeandalucia.es\/programasccl\/wp-json\/wp\/v2\/posts\/181\/revisions"}],"predecessor-version":[{"id":183,"href":"https:\/\/blogsaverroes.juntadeandalucia.es\/programasccl\/wp-json\/wp\/v2\/posts\/181\/revisions\/183"}],"wp:attachment":[{"href":"https:\/\/blogsaverroes.juntadeandalucia.es\/programasccl\/wp-json\/wp\/v2\/media?parent=181"}],"wp:term":[{"taxonomy":"category","embeddable":true,"href":"https:\/\/blogsaverroes.juntadeandalucia.es\/programasccl\/wp-json\/wp\/v2\/categories?post=181"},{"taxonomy":"post_tag","embeddable":true,"href":"https:\/\/blogsaverroes.juntadeandalucia.es\/programasccl\/wp-json\/wp\/v2\/tags?post=181"}],"curies":[{"name":"wp","href":"https:\/\/api.w.org\/{rel}","templated":true}]}}