{"id":184,"date":"2022-12-06T12:29:06","date_gmt":"2022-12-06T11:29:06","guid":{"rendered":"https:\/\/blogsaverroes.juntadeandalucia.es\/programasccl\/?p=184"},"modified":"2022-12-06T12:29:06","modified_gmt":"2022-12-06T11:29:06","slug":"cordoba-2021-2022","status":"publish","type":"post","link":"https:\/\/blogsaverroes.juntadeandalucia.es\/programasccl\/2022\/12\/06\/cordoba-2021-2022\/","title":{"rendered":"C\u00f3rdoba 2021-2022"},"content":{"rendered":"<p style=\"text-align: center\"><img loading=\"lazy\" decoding=\"async\" class=\"alignnone size-large wp-image-76\" src=\"https:\/\/blogsaverroes.juntadeandalucia.es\/programasccl\/files\/2022\/05\/3-1024x576.jpg\" alt=\"\" width=\"1024\" height=\"576\" srcset=\"https:\/\/blogsaverroes.juntadeandalucia.es\/programasccl\/files\/2022\/05\/3-1024x576.jpg 1024w, https:\/\/blogsaverroes.juntadeandalucia.es\/programasccl\/files\/2022\/05\/3-300x169.jpg 300w, https:\/\/blogsaverroes.juntadeandalucia.es\/programasccl\/files\/2022\/05\/3-768x432.jpg 768w, https:\/\/blogsaverroes.juntadeandalucia.es\/programasccl\/files\/2022\/05\/3-1536x864.jpg 1536w, https:\/\/blogsaverroes.juntadeandalucia.es\/programasccl\/files\/2022\/05\/3.jpg 1920w\" sizes=\"(max-width: 1024px) 100vw, 1024px\" \/><\/p>\n<p>Curso 2021-2022<\/p>\n<ul>\n<li><a href=\"https:\/\/blogsaverroes.juntadeandalucia.es\/tallerdesenredaieszoco\/\" target=\"_blank\" rel=\"noopener noreferrer\">IES Zoco de C\u00f3rdoba<\/a>.<\/li>\n<li><a href=\"https:\/\/blogsaverroes.juntadeandalucia.es\/desenredalafuensanta\/\" target=\"_blank\" rel=\"noopener noreferrer\">IES La Fuensanta de C\u00f3rdoba<\/a>.<\/li>\n<li><a href=\"https:\/\/blogsaverroes.juntadeandalucia.es\/tallerperiodismocarbula\/\" target=\"_blank\" rel=\"noopener noreferrer\">IES C\u00e1rbula de Almod\u00f3var del R\u00edo<\/a>.<\/li>\n<li><a href=\"https:\/\/comunicafidiana.blogspot.com\/\" target=\"_blank\" rel=\"noopener noreferrer\">IES Fidiana de C\u00f3rdoba<\/a>.<\/li>\n<li><a href=\"http:\/\/lavozdelvizcaino.blogspot.com\/search?q=desenreda\" target=\"_blank\" rel=\"noopener noreferrer\">IES Ricardo Delgado Vizca\u00edno de Pozoblanco<\/a>.<\/li>\n<\/ul>\n","protected":false},"excerpt":{"rendered":"<p>Curso 2021-2022 IES Zoco de C\u00f3rdoba. IES La Fuensanta de C\u00f3rdoba. IES C\u00e1rbula de Almod\u00f3var del R\u00edo. IES Fidiana de C\u00f3rdoba. IES Ricardo Delgado Vizca\u00edno de Pozoblanco.<\/p>\n","protected":false},"author":1051,"featured_media":0,"comment_status":"open","ping_status":"open","sticky":false,"template":"","format":"standard","meta":{"ngg_post_thumbnail":0,"footnotes":""},"categories":[9],"tags":[7],"aioseo_notices":[],"_links":{"self":[{"href":"https:\/\/blogsaverroes.juntadeandalucia.es\/programasccl\/wp-json\/wp\/v2\/posts\/184"}],"collection":[{"href":"https:\/\/blogsaverroes.juntadeandalucia.es\/programasccl\/wp-json\/wp\/v2\/posts"}],"about":[{"href":"https:\/\/blogsaverroes.juntadeandalucia.es\/programasccl\/wp-json\/wp\/v2\/types\/post"}],"author":[{"embeddable":true,"href":"https:\/\/blogsaverroes.juntadeandalucia.es\/programasccl\/wp-json\/wp\/v2\/users\/1051"}],"replies":[{"embeddable":true,"href":"https:\/\/blogsaverroes.juntadeandalucia.es\/programasccl\/wp-json\/wp\/v2\/comments?post=184"}],"version-history":[{"count":1,"href":"https:\/\/blogsaverroes.juntadeandalucia.es\/programasccl\/wp-json\/wp\/v2\/posts\/184\/revisions"}],"predecessor-version":[{"id":185,"href":"https:\/\/blogsaverroes.juntadeandalucia.es\/programasccl\/wp-json\/wp\/v2\/posts\/184\/revisions\/185"}],"wp:attachment":[{"href":"https:\/\/blogsaverroes.juntadeandalucia.es\/programasccl\/wp-json\/wp\/v2\/media?parent=184"}],"wp:term":[{"taxonomy":"category","embeddable":true,"href":"https:\/\/blogsaverroes.juntadeandalucia.es\/programasccl\/wp-json\/wp\/v2\/categories?post=184"},{"taxonomy":"post_tag","embeddable":true,"href":"https:\/\/blogsaverroes.juntadeandalucia.es\/programasccl\/wp-json\/wp\/v2\/tags?post=184"}],"curies":[{"name":"wp","href":"https:\/\/api.w.org\/{rel}","templated":true}]}}