{"id":194,"date":"2022-12-06T12:41:55","date_gmt":"2022-12-06T11:41:55","guid":{"rendered":"https:\/\/blogsaverroes.juntadeandalucia.es\/programasccl\/?p=194"},"modified":"2022-12-06T12:41:55","modified_gmt":"2022-12-06T11:41:55","slug":"sevilla-2021-2022","status":"publish","type":"post","link":"https:\/\/blogsaverroes.juntadeandalucia.es\/programasccl\/2022\/12\/06\/sevilla-2021-2022\/","title":{"rendered":"Sevilla 2021-2022"},"content":{"rendered":"<p style=\"text-align: center\"><img loading=\"lazy\" decoding=\"async\" class=\"alignnone size-large wp-image-97\" src=\"https:\/\/blogsaverroes.juntadeandalucia.es\/programasccl\/files\/2022\/05\/8-1024x576.jpg\" alt=\"\" width=\"1024\" height=\"576\" srcset=\"https:\/\/blogsaverroes.juntadeandalucia.es\/programasccl\/files\/2022\/05\/8-1024x576.jpg 1024w, https:\/\/blogsaverroes.juntadeandalucia.es\/programasccl\/files\/2022\/05\/8-300x169.jpg 300w, https:\/\/blogsaverroes.juntadeandalucia.es\/programasccl\/files\/2022\/05\/8-768x432.jpg 768w, https:\/\/blogsaverroes.juntadeandalucia.es\/programasccl\/files\/2022\/05\/8-1536x864.jpg 1536w, https:\/\/blogsaverroes.juntadeandalucia.es\/programasccl\/files\/2022\/05\/8.jpg 1920w\" sizes=\"(max-width: 1024px) 100vw, 1024px\" \/><\/p>\n<p>Curso 2021-2022<\/p>\n<ul>\n<li><a href=\"https:\/\/www.iesluisvelez.org\/portal\/wp-content\/uploads\/2022\/05\/Desenreda.pdf\" target=\"_blank\" rel=\"noopener noreferrer\">IES Luis V\u00e9lez de Guevara de \u00c9cija<\/a>.<\/li>\n<li><a href=\"https:\/\/sites.google.com\/vedruna.es\/vedrunaforyoutv\/portada\" target=\"_blank\" rel=\"noopener noreferrer\">C.D.P. Sagrada Familia Fundaci\u00f3n Vedruna de Sevilla<\/a>.<\/li>\n<li><a href=\"https:\/\/blogsaverroes.juntadeandalucia.es\/desenredaeneliesla\/\" target=\"_blank\" rel=\"noopener noreferrer\">IES L\u00f3pez de Arenas de Marchena<\/a>.<\/li>\n<li><a href=\"https:\/\/blogsaverroes.juntadeandalucia.es\/comunicarrabal\/taller-desenreda-2\/\" target=\"_blank\" rel=\"noopener noreferrer\">IES Arrabal de Carmona<\/a>.<\/li>\n<li><a href=\"https:\/\/sites.google.com\/iesalixar.org\/comunicaalixar\/actividades\/podcast-taller-desenreda\" target=\"_blank\" rel=\"noopener noreferrer\">IES Alixar de Castilleja de la Cuesta<\/a>.<\/li>\n<li><a href=\"https:\/\/comunicaiestavora.blogspot.com\/\" target=\"_blank\" rel=\"noopener noreferrer\">IES Salvador T\u00e1vora de Sevilla<\/a>.<\/li>\n<li><a href=\"https:\/\/blogsaverroes.juntadeandalucia.es\/iesalberodesenreda\/2022\/04\/18\/solidaridad-con-ucrania\/\" target=\"_blank\" rel=\"noopener noreferrer\">IES Albero de Alcal\u00e1 de Guada\u00edra<\/a>.<\/li>\n<li><a href=\"https:\/\/blogsaverroes.juntadeandalucia.es\/desenredamurube\/\" target=\"_blank\" rel=\"noopener noreferrer\">IES Joaqu\u00edn Romero Murube de Sevilla<\/a>.<\/li>\n<li><a href=\"https:\/\/soundcloud.com\/user-284559171\/sets\/alfabetizacion-mediatica?utm_source=clipboard&amp;utm_medium=text&amp;utm_campaign=social_sharing\" target=\"_blank\" rel=\"noopener noreferrer\">IES Profesor Juan Antonio Carrillo Salcedo de Mor\u00f3n de la Frontera<\/a>.<\/li>\n<\/ul>\n","protected":false},"excerpt":{"rendered":"<p>Curso 2021-2022 IES Luis V\u00e9lez de Guevara de \u00c9cija. C.D.P. Sagrada Familia Fundaci\u00f3n Vedruna de Sevilla. IES L\u00f3pez de Arenas de Marchena. IES Arrabal de Carmona. IES Alixar de Castilleja de la Cuesta. IES&#46;&#46;&#46;<\/p>\n","protected":false},"author":1051,"featured_media":0,"comment_status":"open","ping_status":"open","sticky":false,"template":"","format":"standard","meta":{"ngg_post_thumbnail":0,"footnotes":""},"categories":[14],"tags":[7],"aioseo_notices":[],"_links":{"self":[{"href":"https:\/\/blogsaverroes.juntadeandalucia.es\/programasccl\/wp-json\/wp\/v2\/posts\/194"}],"collection":[{"href":"https:\/\/blogsaverroes.juntadeandalucia.es\/programasccl\/wp-json\/wp\/v2\/posts"}],"about":[{"href":"https:\/\/blogsaverroes.juntadeandalucia.es\/programasccl\/wp-json\/wp\/v2\/types\/post"}],"author":[{"embeddable":true,"href":"https:\/\/blogsaverroes.juntadeandalucia.es\/programasccl\/wp-json\/wp\/v2\/users\/1051"}],"replies":[{"embeddable":true,"href":"https:\/\/blogsaverroes.juntadeandalucia.es\/programasccl\/wp-json\/wp\/v2\/comments?post=194"}],"version-history":[{"count":1,"href":"https:\/\/blogsaverroes.juntadeandalucia.es\/programasccl\/wp-json\/wp\/v2\/posts\/194\/revisions"}],"predecessor-version":[{"id":195,"href":"https:\/\/blogsaverroes.juntadeandalucia.es\/programasccl\/wp-json\/wp\/v2\/posts\/194\/revisions\/195"}],"wp:attachment":[{"href":"https:\/\/blogsaverroes.juntadeandalucia.es\/programasccl\/wp-json\/wp\/v2\/media?parent=194"}],"wp:term":[{"taxonomy":"category","embeddable":true,"href":"https:\/\/blogsaverroes.juntadeandalucia.es\/programasccl\/wp-json\/wp\/v2\/categories?post=194"},{"taxonomy":"post_tag","embeddable":true,"href":"https:\/\/blogsaverroes.juntadeandalucia.es\/programasccl\/wp-json\/wp\/v2\/tags?post=194"}],"curies":[{"name":"wp","href":"https:\/\/api.w.org\/{rel}","templated":true}]}}