{"id":213,"date":"2023-01-23T14:00:40","date_gmt":"2023-01-23T13:00:40","guid":{"rendered":"https:\/\/blogsaverroes.juntadeandalucia.es\/programasccl\/?p=213"},"modified":"2024-04-09T08:41:09","modified_gmt":"2024-04-09T06:41:09","slug":"granada-2022-2023","status":"publish","type":"post","link":"https:\/\/blogsaverroes.juntadeandalucia.es\/programasccl\/2023\/01\/23\/granada-2022-2023\/","title":{"rendered":"Granada 2022 &#8211; 2023"},"content":{"rendered":"<p style=\"text-align: center;\"><img loading=\"lazy\" decoding=\"async\" class=\"alignnone size-large wp-image-203\" src=\"https:\/\/blogsaverroes.juntadeandalucia.es\/programasccl\/files\/2023\/01\/GR23-1024x576.jpg\" alt=\"\" width=\"1024\" height=\"576\" srcset=\"https:\/\/blogsaverroes.juntadeandalucia.es\/programasccl\/files\/2023\/01\/GR23-1024x576.jpg 1024w, https:\/\/blogsaverroes.juntadeandalucia.es\/programasccl\/files\/2023\/01\/GR23-300x169.jpg 300w, https:\/\/blogsaverroes.juntadeandalucia.es\/programasccl\/files\/2023\/01\/GR23-768x432.jpg 768w, https:\/\/blogsaverroes.juntadeandalucia.es\/programasccl\/files\/2023\/01\/GR23-1536x864.jpg 1536w, https:\/\/blogsaverroes.juntadeandalucia.es\/programasccl\/files\/2023\/01\/GR23.jpg 1920w\" sizes=\"(max-width: 1024px) 100vw, 1024px\" \/><\/p>\n<ul>\n<li>IES Padre Manj\u00f3n (Granada)<\/li>\n<li><a href=\"https:\/\/comunicaavemariacasamadre.home.blog\/desenreda\/\" target=\"_blank\" rel=\"noopener noreferrer\">CDP Ave Mar\u00eda Casa Madre (Granada)<\/a><\/li>\n<li><a href=\"https:\/\/blogsaverroes.juntadeandalucia.es\/sotodesenreda\/\" target=\"_blank\" rel=\"noopener noreferrer\">IES Pedro Soto de Rojas (Granada)<\/a><\/li>\n<li><a href=\"https:\/\/jpadillablanco.blogspot.com\/2023\/05\/proyecto-desenreda-en-ies-emilo-munoz.html\" target=\"_blank\" rel=\"noopener noreferrer\">IES Emilio Mu\u00f1oz (Cogollos Vega)<\/a><\/li>\n<li>IES Montes Orientales (Iznalloz)<\/li>\n<li><a href=\"http:\/\/www.iesalpujarra.edu.es\/index.php?option=com_content&amp;view=article&amp;id=271&amp;Itemid=233\" target=\"_blank\" rel=\"noopener noreferrer\">IES Alpujarra (\u00d3rgiva)<\/a><\/li>\n<\/ul>\n","protected":false},"excerpt":{"rendered":"<p>IES Padre Manj\u00f3n (Granada) CDP Ave Mar\u00eda Casa Madre (Granada) IES Pedro Soto de Rojas (Granada) IES Emilio Mu\u00f1oz (Cogollos Vega) IES Montes Orientales (Iznalloz) IES Alpujarra (\u00d3rgiva)<\/p>\n","protected":false},"author":1051,"featured_media":203,"comment_status":"open","ping_status":"open","sticky":false,"template":"","format":"standard","meta":{"ngg_post_thumbnail":0,"footnotes":""},"categories":[10],"tags":[15],"aioseo_notices":[],"_links":{"self":[{"href":"https:\/\/blogsaverroes.juntadeandalucia.es\/programasccl\/wp-json\/wp\/v2\/posts\/213"}],"collection":[{"href":"https:\/\/blogsaverroes.juntadeandalucia.es\/programasccl\/wp-json\/wp\/v2\/posts"}],"about":[{"href":"https:\/\/blogsaverroes.juntadeandalucia.es\/programasccl\/wp-json\/wp\/v2\/types\/post"}],"author":[{"embeddable":true,"href":"https:\/\/blogsaverroes.juntadeandalucia.es\/programasccl\/wp-json\/wp\/v2\/users\/1051"}],"replies":[{"embeddable":true,"href":"https:\/\/blogsaverroes.juntadeandalucia.es\/programasccl\/wp-json\/wp\/v2\/comments?post=213"}],"version-history":[{"count":6,"href":"https:\/\/blogsaverroes.juntadeandalucia.es\/programasccl\/wp-json\/wp\/v2\/posts\/213\/revisions"}],"predecessor-version":[{"id":354,"href":"https:\/\/blogsaverroes.juntadeandalucia.es\/programasccl\/wp-json\/wp\/v2\/posts\/213\/revisions\/354"}],"wp:featuredmedia":[{"embeddable":true,"href":"https:\/\/blogsaverroes.juntadeandalucia.es\/programasccl\/wp-json\/wp\/v2\/media\/203"}],"wp:attachment":[{"href":"https:\/\/blogsaverroes.juntadeandalucia.es\/programasccl\/wp-json\/wp\/v2\/media?parent=213"}],"wp:term":[{"taxonomy":"category","embeddable":true,"href":"https:\/\/blogsaverroes.juntadeandalucia.es\/programasccl\/wp-json\/wp\/v2\/categories?post=213"},{"taxonomy":"post_tag","embeddable":true,"href":"https:\/\/blogsaverroes.juntadeandalucia.es\/programasccl\/wp-json\/wp\/v2\/tags?post=213"}],"curies":[{"name":"wp","href":"https:\/\/api.w.org\/{rel}","templated":true}]}}