{"id":215,"date":"2023-01-23T14:04:03","date_gmt":"2023-01-23T13:04:03","guid":{"rendered":"https:\/\/blogsaverroes.juntadeandalucia.es\/programasccl\/?p=215"},"modified":"2024-04-09T08:40:44","modified_gmt":"2024-04-09T06:40:44","slug":"huelva-2022-2023","status":"publish","type":"post","link":"https:\/\/blogsaverroes.juntadeandalucia.es\/programasccl\/2023\/01\/23\/huelva-2022-2023\/","title":{"rendered":"Huelva 2022 &#8211; 2023"},"content":{"rendered":"<p style=\"text-align: center;\"><img loading=\"lazy\" decoding=\"async\" class=\"alignnone size-large wp-image-204\" src=\"https:\/\/blogsaverroes.juntadeandalucia.es\/programasccl\/files\/2023\/01\/HU23-1024x576.jpg\" alt=\"\" width=\"1024\" height=\"576\" srcset=\"https:\/\/blogsaverroes.juntadeandalucia.es\/programasccl\/files\/2023\/01\/HU23-1024x576.jpg 1024w, https:\/\/blogsaverroes.juntadeandalucia.es\/programasccl\/files\/2023\/01\/HU23-300x169.jpg 300w, https:\/\/blogsaverroes.juntadeandalucia.es\/programasccl\/files\/2023\/01\/HU23-768x432.jpg 768w, https:\/\/blogsaverroes.juntadeandalucia.es\/programasccl\/files\/2023\/01\/HU23-1536x864.jpg 1536w, https:\/\/blogsaverroes.juntadeandalucia.es\/programasccl\/files\/2023\/01\/HU23.jpg 1920w\" sizes=\"(max-width: 1024px) 100vw, 1024px\" \/><\/p>\n<ul>\n<li><a href=\"https:\/\/www.estuaria.es\/alumnado-de-3o-diversificacion-participa-en-el-taller-desenreda\/\" target=\"_blank\" rel=\"noopener noreferrer\">IES Estuaria (Huelva)<\/a><\/li>\n<li><a href=\"https:\/\/comunicaiesppg.blogspot.com\/2023\/05\/taller-desenreda-en-el-pintor-pedro.html\" target=\"_blank\" rel=\"noopener noreferrer\">IES Pintor Pedro G\u00f3mez (Huelva)<\/a><\/li>\n<li>IES Salt\u00e9s (Punta Umbr\u00eda)<\/li>\n<li>I<a href=\"https:\/\/blogsaverroes.juntadeandalucia.es\/praximanes\/2023\/05\/14\/las-noticias-de-los-y-las-periodistas-del-ies-jose-antonio-fernandez-muriel\/\" target=\"_blank\" rel=\"noopener noreferrer\">ES Jos\u00e9 Antonio Fern\u00e1ndez Muriel (Lepe)<\/a><\/li>\n<\/ul>\n","protected":false},"excerpt":{"rendered":"<p>IES Estuaria (Huelva) IES Pintor Pedro G\u00f3mez (Huelva) IES Salt\u00e9s (Punta Umbr\u00eda) IES Jos\u00e9 Antonio Fern\u00e1ndez Muriel (Lepe)<\/p>\n","protected":false},"author":1051,"featured_media":204,"comment_status":"open","ping_status":"open","sticky":false,"template":"","format":"standard","meta":{"ngg_post_thumbnail":0,"footnotes":""},"categories":[11],"tags":[15],"aioseo_notices":[],"_links":{"self":[{"href":"https:\/\/blogsaverroes.juntadeandalucia.es\/programasccl\/wp-json\/wp\/v2\/posts\/215"}],"collection":[{"href":"https:\/\/blogsaverroes.juntadeandalucia.es\/programasccl\/wp-json\/wp\/v2\/posts"}],"about":[{"href":"https:\/\/blogsaverroes.juntadeandalucia.es\/programasccl\/wp-json\/wp\/v2\/types\/post"}],"author":[{"embeddable":true,"href":"https:\/\/blogsaverroes.juntadeandalucia.es\/programasccl\/wp-json\/wp\/v2\/users\/1051"}],"replies":[{"embeddable":true,"href":"https:\/\/blogsaverroes.juntadeandalucia.es\/programasccl\/wp-json\/wp\/v2\/comments?post=215"}],"version-history":[{"count":5,"href":"https:\/\/blogsaverroes.juntadeandalucia.es\/programasccl\/wp-json\/wp\/v2\/posts\/215\/revisions"}],"predecessor-version":[{"id":353,"href":"https:\/\/blogsaverroes.juntadeandalucia.es\/programasccl\/wp-json\/wp\/v2\/posts\/215\/revisions\/353"}],"wp:featuredmedia":[{"embeddable":true,"href":"https:\/\/blogsaverroes.juntadeandalucia.es\/programasccl\/wp-json\/wp\/v2\/media\/204"}],"wp:attachment":[{"href":"https:\/\/blogsaverroes.juntadeandalucia.es\/programasccl\/wp-json\/wp\/v2\/media?parent=215"}],"wp:term":[{"taxonomy":"category","embeddable":true,"href":"https:\/\/blogsaverroes.juntadeandalucia.es\/programasccl\/wp-json\/wp\/v2\/categories?post=215"},{"taxonomy":"post_tag","embeddable":true,"href":"https:\/\/blogsaverroes.juntadeandalucia.es\/programasccl\/wp-json\/wp\/v2\/tags?post=215"}],"curies":[{"name":"wp","href":"https:\/\/api.w.org\/{rel}","templated":true}]}}